{"id":73431,"date":"2024-12-14T11:33:43","date_gmt":"2024-12-14T10:33:43","guid":{"rendered":"https:\/\/miradordeatarfe.es\/?p=73431"},"modified":"2024-12-12T14:14:15","modified_gmt":"2024-12-12T13:14:15","slug":"atarfe-actividades-navidenas-para-estos-diaspapanoelada-motera-y-jovenes-en-danza","status":"publish","type":"post","link":"https:\/\/miradordeatarfe.es\/?p=73431","title":{"rendered":"ATARFE: ACTIVIDADES NAVIDE\u00d1AS PARA ESTOS DIAS: \u00abPAPANOELADA MOTERA\u00bb Y \u00abJ\u00d3VENES EN DANZA\u00bb"},"content":{"rendered":"\n<p class=\"has-large-font-size\">\u00a1<strong>Papanoelada Motera Solidaria!<\/strong><\/p>\n\n\n\n<p>\u00a0<strong>Fecha: Domingo, 15 de Diciembre<br \/>&#8211;\u00a0Inicio: Calle Ca\u00f1averal (Granada)<br \/>&#8211;\u00a0Hora de inicio: Desde las 9:00<\/strong><\/p>\n\n\n\n<p>\u00bfQu\u00e9 te espera?<br \/>&#8211;&nbsp;Recorrido por el centro de Granada con un final en Golden Eye Atarfe.<br \/>&#8211;&nbsp;Chocolate con churros para los primeros 500 asistentes de 9:00 a 10:00, con bolsa de regalo incluida.<br \/>&#8211;&nbsp;Comida, bebida, sorteos de regalos, DJ en vivo y \u00a1concurso de toro mec\u00e1nico!<\/p>\n\n\n\n<p>Trae tu juguete o material escolar para ayudar a quienes m\u00e1s lo necesitan.<\/p>\n\n\n\n<p>Un d\u00eda lleno de diversi\u00f3n y esp\u00edritu navide\u00f1o.&nbsp;<\/p>\n\n\n\n<figure class=\"wp-block-image size-full\"><img data-recalc-dims=\"1\" loading=\"lazy\" decoding=\"async\" width=\"600\" height=\"897\" src=\"https:\/\/i0.wp.com\/miradordeatarfe.es\/wp-content\/uploads\/2024\/12\/web-2982.jpg?resize=600%2C897&#038;ssl=1\" alt=\"\" class=\"wp-image-73432\" srcset=\"https:\/\/i0.wp.com\/miradordeatarfe.es\/wp-content\/uploads\/2024\/12\/web-2982.jpg?w=600&amp;ssl=1 600w, https:\/\/i0.wp.com\/miradordeatarfe.es\/wp-content\/uploads\/2024\/12\/web-2982.jpg?resize=201%2C300&amp;ssl=1 201w\" sizes=\"auto, (max-width: 600px) 100vw, 600px\" \/><\/figure>\n\n\n\n<p class=\"has-large-font-size\"><strong>J\u00f3venes en Danza: Una cita imprescindible con el talento y la creatividad\u00a0<\/strong><\/p>\n\n\n\n<p><strong>&#8211;\u00a0Lunes, 16 de Diciembre<br \/>&#8211;\u00a0Hora: 20:00<br \/>&#8211;\u00a0Lugar: Centro Cultural Medina Elvira<\/strong><\/p>\n\n\n\n<p>El Conservatorio Profesional de Danza Reina Sof\u00eda presenta su taller coreogr\u00e1fico \u00abJ\u00f3venes en Danza\u00bb, un espect\u00e1culo que demuestra c\u00f3mo las nuevas generaciones abrazan y transforman la educaci\u00f3n en danza.<\/p>\n\n\n\n<p>Coreograf\u00edas destacadas:<\/p>\n\n\n\n<p>Gea, de Mario Berm\u00fadez, interpretada por alumnas de 5\u00ba y 6\u00ba de la especialidad de Danza.<\/p>\n\n\n\n<p>C\u00f3dex D\u2019Amour, de Daniel Do\u00f1a y Cristian Mart\u00edn, ejecutada por las alumnas de 5\u00ba y 6\u00ba de Danza Espa\u00f1ola y Baile Flamenco.<\/p>\n\n\n\n<p>No te pierdas esta maravillosa fusi\u00f3n de arte y pasi\u00f3n que traer\u00e1 a nuestro escenario lo mejor del talento de nuestros j\u00f3venes.<\/p>\n\n\n\n<p>\u00a1Te esperamos para disfrutar de una noche \u00fanica de danza!<\/p>\n\n\n\n<figure class=\"wp-block-image\"><img data-recalc-dims=\"1\" decoding=\"async\" src=\"https:\/\/i0.wp.com\/www.atarfe.es\/data\/CoreImages\/web-3002.jpg?w=640&#038;ssl=1\" alt=\"\"\/><\/figure>\n","protected":false},"excerpt":{"rendered":"<p>\u00a1Papanoelada Motera Solidaria! \u00a0Fecha: Domingo, 15 de Diciembre&#8211;\u00a0Inicio: Calle Ca\u00f1averal (Granada)&#8211;\u00a0Hora de inicio: Desde las&#8230;<\/p>\n","protected":false},"author":1,"featured_media":73433,"comment_status":"closed","ping_status":"closed","sticky":false,"template":"","format":"standard","meta":{"_coblocks_attr":"","_coblocks_dimensions":"","_coblocks_responsive_height":"","_coblocks_accordion_ie_support":"","jetpack_post_was_ever_published":false,"_jetpack_newsletter_access":"","_jetpack_dont_email_post_to_subs":true,"_jetpack_newsletter_tier_id":0,"_jetpack_memberships_contains_paywalled_content":false,"_jetpack_memberships_contains_paid_content":false,"footnotes":"","jetpack_publicize_message":"","jetpack_publicize_feature_enabled":true,"jetpack_social_post_already_shared":true,"jetpack_social_options":{"image_generator_settings":{"template":"highway","enabled":false},"version":2}},"categories":[6916,44,10801],"tags":[],"class_list":["post-73431","post","type-post","status-publish","format-standard","has-post-thumbnail","hentry","category-ayuntamiento-de-atarfe","category-noticias-de-hoy","category-participa-atarfe"],"jetpack_publicize_connections":[],"jetpack_featured_media_url":"https:\/\/i0.wp.com\/miradordeatarfe.es\/wp-content\/uploads\/2024\/12\/web-2982BBAAA.jpg?fit=562%2C538&ssl=1","jetpack_likes_enabled":true,"jetpack_sharing_enabled":true,"_links":{"self":[{"href":"https:\/\/miradordeatarfe.es\/index.php?rest_route=\/wp\/v2\/posts\/73431","targetHints":{"allow":["GET"]}}],"collection":[{"href":"https:\/\/miradordeatarfe.es\/index.php?rest_route=\/wp\/v2\/posts"}],"about":[{"href":"https:\/\/miradordeatarfe.es\/index.php?rest_route=\/wp\/v2\/types\/post"}],"author":[{"embeddable":true,"href":"https:\/\/miradordeatarfe.es\/index.php?rest_route=\/wp\/v2\/users\/1"}],"replies":[{"embeddable":true,"href":"https:\/\/miradordeatarfe.es\/index.php?rest_route=%2Fwp%2Fv2%2Fcomments&post=73431"}],"version-history":[{"count":2,"href":"https:\/\/miradordeatarfe.es\/index.php?rest_route=\/wp\/v2\/posts\/73431\/revisions"}],"predecessor-version":[{"id":73435,"href":"https:\/\/miradordeatarfe.es\/index.php?rest_route=\/wp\/v2\/posts\/73431\/revisions\/73435"}],"wp:featuredmedia":[{"embeddable":true,"href":"https:\/\/miradordeatarfe.es\/index.php?rest_route=\/wp\/v2\/media\/73433"}],"wp:attachment":[{"href":"https:\/\/miradordeatarfe.es\/index.php?rest_route=%2Fwp%2Fv2%2Fmedia&parent=73431"}],"wp:term":[{"taxonomy":"category","embeddable":true,"href":"https:\/\/miradordeatarfe.es\/index.php?rest_route=%2Fwp%2Fv2%2Fcategories&post=73431"},{"taxonomy":"post_tag","embeddable":true,"href":"https:\/\/miradordeatarfe.es\/index.php?rest_route=%2Fwp%2Fv2%2Ftags&post=73431"}],"curies":[{"name":"wp","href":"https:\/\/api.w.org\/{rel}","templated":true}]}}