{"id":73442,"date":"2024-12-16T11:25:27","date_gmt":"2024-12-16T10:25:27","guid":{"rendered":"https:\/\/miradordeatarfe.es\/?p=73442"},"modified":"2025-10-16T10:00:52","modified_gmt":"2025-10-16T08:00:52","slug":"es-el-neoliberalismo-por-remedios-sanchez","status":"publish","type":"post","link":"https:\/\/miradordeatarfe.es\/?p=73442","title":{"rendered":"\u201cES EL NEOLIBERALISMO\u201d por Remedios S\u00e1nchez"},"content":{"rendered":"\n<p>Resulta muy llamativo que el personal ande alborotado estas \u00faltimas semanas con&nbsp;el&nbsp;amago de&nbsp;Isabel D\u00edaz Ayuso de&nbsp;renunciar a 169&nbsp;millones de euros del Gobierno central para&nbsp;el&nbsp;desarrollo y ampliaci\u00f3n&nbsp;de las universidades p\u00fablicas&nbsp;madrile\u00f1as.&nbsp;Da igual que est\u00e9n asfixiadas.&nbsp;A estas&nbsp;alturas, y&nbsp;conociendo al personaje,&nbsp;lo sorprendente es que nos sorprenda, que dir\u00eda Groucho&nbsp;Marx;&nbsp;los estudios superiore financiados por el Estadosignifican&nbsp;el acceso a una&nbsp;preparaci\u00f3n de&nbsp;calidad en la que cualquier&nbsp;persona, sea hijo de un obrero o de un inversor del IBEX35,&nbsp;tiene las mismas oportunidades puesto quesu acceso&nbsp;se fundamenta en esfuerzo, dedicaci\u00f3n y&nbsp;merecimiento. Por eso&nbsp;do\u00f1a Isabelprotege las&nbsp;trece&nbsp;universidades privadas que se han creado en&nbsp;su comunidad&nbsp;frente a las seis p\u00fablicas,&nbsp;porque esas representan el lema con el que su forma de pensar se siente m\u00e1s c\u00f3moda: tanto tienes, tanto vales.<\/p>\n\n\n\n<p>La ret\u00f3rica del&nbsp;capital, de que&nbsp;para mantener el equilibrio,&nbsp;no debe haber trasvase de clases&nbsp;sociales&nbsp;seg\u00fan capacidad y m\u00e9rito, aparte de casposa es una de las esencias del neoliberalismo exacerbado, una muestra de estulticia&nbsp;de quienes han olvidado la conferencia de Ortega y Gasset en la&nbsp;Federaci\u00f3n Universitaria Escolar&nbsp;y que m\u00e1s tarde recogi\u00f3 en su ensayo -tan valioso- \u2018Misi\u00f3n de la&nbsp;Universidad\u2019, hace&nbsp;noventa y cuatro a\u00f1os&nbsp;que, naturalmente, ni Ayuso ni quienes siguen su estrategia en&nbsp;la Consejer\u00eda del \u00e1rea en&nbsp;Andaluc\u00eda&nbsp;se han le\u00eddo.<\/p>\n\n\n\n<p>Entre leer las revistas del coraz\u00f3n&nbsp;y limarse las u\u00f1as&nbsp;en el d\u00faplex del novio&nbsp;o reflexionar sobre modelos de gobierno, para&nbsp;estadistas como ella&nbsp;(que nadie debe olvidar que inici\u00f3&nbsp;su carrera con la trascendental tarea de&nbsp;gestionar las redes sociales del perro de Esperanza Aguirre)&nbsp;es natural que no haya color.&nbsp;Pero no hay que quitarle&nbsp;val\u00eda&nbsp;a la&nbsp;madrile\u00f1a, que muy poca gente&nbsp;con tan escasas cualidades intelectuales y morales ha podido llegar tan alto.&nbsp;Yendo&nbsp;al asunto&nbsp;docente, conviene recordar ahora que el fil\u00f3sofo&nbsp;insist\u00eda en que&nbsp;los estudios superiores deb\u00edan&nbsp;cubrir tres aspectos primordiales en el crecimiento personal: el de la formaci\u00f3n, el de la investigaci\u00f3n&nbsp;de los profesores&nbsp;para ampliar el conocimiento&nbsp;(y retroalimentar&nbsp;as\u00ed&nbsp;la&nbsp;ense\u00f1anza) y el de la promoci\u00f3n de la cultura como herramienta&nbsp;para&nbsp;la construcci\u00f3n integral de la identidad del individuo.<\/p>\n\n\n\n<p>\u00a0Esos tres pilares que\u00a0a\u00fan mantienen\u00a0las\u00a0p\u00fablicas\u00a0a pesar de los recortes, las\u00a0privadas no los han tenido jam\u00e1s en\u00a0consideraci\u00f3n\u00a0porque lo suyo es otra cosa: establecer conexiones entre los\u00a0herederos\u00a0de las \u00e9lites\u00a0(o hijos de familias que creen que en ese entorno\u00a0tendr\u00e1n\u00a0m\u00e1s posibilidades de\u00a0colocaci\u00f3n)\u00a0que pagan un past\u00f3n por desarrollar carreras\u00a0interrelacion\u00e1ndose s\u00f3lo entre ellos;\u00a0o bien porque la nota de corte de la PAU no les da para\u00a0estudiar en la que se financia con dinero de todos.\u00a0Es lo que en rom\u00e1n paladino\u00a0se\u00a0llama perpetuar\u00a0la sociedad de clases,\u00a0una manera de simplificar el qui\u00e9n es qui\u00e9n en la\u00a0realidad\u00a0de la gente guapa de Espa\u00f1a.\u00a0Los dem\u00e1s,\u00a0ni est\u00e1n ni se les espera salvo cuando hay elecciones\u00a0y tocan\u00a0a rebato para ir a votar.\u00a0Sucede lo mismocon lasanidad o con cualquier otro servicio: liberalizar\u00a0salvajemente\u00a0est\u00e1 de moda.\u00a0Todo sea por el business, por el parn\u00e9, por el neoliberalismo y por la libertad para dinamitar la igualdad de derechos\u00a0ciudadanos que tantos\u00a0sacrificios\u00a0cost\u00f3 conseguir.<\/p>\n\n\n\n\n\n\n\n<figure class=\"wp-block-gallery has-nested-images columns-default is-cropped wp-block-gallery-1 is-layout-flex wp-block-gallery-is-layout-flex\">\n<figure class=\"wp-block-image size-large\"><img data-recalc-dims=\"1\" loading=\"lazy\" decoding=\"async\" width=\"640\" height=\"512\" data-id=\"73443\" src=\"https:\/\/i0.wp.com\/miradordeatarfe.es\/wp-content\/uploads\/2024\/12\/IMG_0263.png?resize=640%2C512&#038;ssl=1\" alt=\"\" class=\"wp-image-73443\" srcset=\"https:\/\/i0.wp.com\/miradordeatarfe.es\/wp-content\/uploads\/2024\/12\/IMG_0263.png?w=958&amp;ssl=1 958w, https:\/\/i0.wp.com\/miradordeatarfe.es\/wp-content\/uploads\/2024\/12\/IMG_0263.png?resize=300%2C240&amp;ssl=1 300w, https:\/\/i0.wp.com\/miradordeatarfe.es\/wp-content\/uploads\/2024\/12\/IMG_0263.png?resize=768%2C615&amp;ssl=1 768w\" sizes=\"auto, (max-width: 640px) 100vw, 640px\" \/><\/figure>\n<\/figure>\n","protected":false},"excerpt":{"rendered":"<p>Resulta muy llamativo que el personal ande alborotado estas \u00faltimas semanas con&nbsp;el&nbsp;amago de&nbsp;Isabel D\u00edaz Ayuso&#8230;<\/p>\n","protected":false},"author":1,"featured_media":0,"comment_status":"closed","ping_status":"closed","sticky":false,"template":"","format":"standard","meta":{"_coblocks_attr":"","_coblocks_dimensions":"","_coblocks_responsive_height":"","_coblocks_accordion_ie_support":"","jetpack_post_was_ever_published":false,"_jetpack_newsletter_access":"","_jetpack_dont_email_post_to_subs":false,"_jetpack_newsletter_tier_id":0,"_jetpack_memberships_contains_paywalled_content":false,"_jetpack_memberships_contains_paid_content":false,"footnotes":"","jetpack_publicize_message":"","jetpack_publicize_feature_enabled":true,"jetpack_social_post_already_shared":true,"jetpack_social_options":{"image_generator_settings":{"template":"highway","default_image_id":0,"enabled":false},"version":2}},"categories":[10791,10797,10781,44,6914],"tags":[],"class_list":["post-73442","post","type-post","status-publish","format-standard","hentry","category-andalucia","category-ciencia","category-granada","category-noticias-de-hoy","category-opinion-de-reme-sanchez"],"jetpack_publicize_connections":[],"jetpack_featured_media_url":"","jetpack_likes_enabled":true,"jetpack_sharing_enabled":true,"_links":{"self":[{"href":"https:\/\/miradordeatarfe.es\/index.php?rest_route=\/wp\/v2\/posts\/73442","targetHints":{"allow":["GET"]}}],"collection":[{"href":"https:\/\/miradordeatarfe.es\/index.php?rest_route=\/wp\/v2\/posts"}],"about":[{"href":"https:\/\/miradordeatarfe.es\/index.php?rest_route=\/wp\/v2\/types\/post"}],"author":[{"embeddable":true,"href":"https:\/\/miradordeatarfe.es\/index.php?rest_route=\/wp\/v2\/users\/1"}],"replies":[{"embeddable":true,"href":"https:\/\/miradordeatarfe.es\/index.php?rest_route=%2Fwp%2Fv2%2Fcomments&post=73442"}],"version-history":[{"count":1,"href":"https:\/\/miradordeatarfe.es\/index.php?rest_route=\/wp\/v2\/posts\/73442\/revisions"}],"predecessor-version":[{"id":73444,"href":"https:\/\/miradordeatarfe.es\/index.php?rest_route=\/wp\/v2\/posts\/73442\/revisions\/73444"}],"wp:attachment":[{"href":"https:\/\/miradordeatarfe.es\/index.php?rest_route=%2Fwp%2Fv2%2Fmedia&parent=73442"}],"wp:term":[{"taxonomy":"category","embeddable":true,"href":"https:\/\/miradordeatarfe.es\/index.php?rest_route=%2Fwp%2Fv2%2Fcategories&post=73442"},{"taxonomy":"post_tag","embeddable":true,"href":"https:\/\/miradordeatarfe.es\/index.php?rest_route=%2Fwp%2Fv2%2Ftags&post=73442"}],"curies":[{"name":"wp","href":"https:\/\/api.w.org\/{rel}","templated":true}]}}