{"id":73457,"date":"2024-12-17T11:00:00","date_gmt":"2024-12-17T10:00:00","guid":{"rendered":"https:\/\/miradordeatarfe.es\/?p=73457"},"modified":"2024-12-16T19:42:44","modified_gmt":"2024-12-16T18:42:44","slug":"el-cuevas-amarga-la-navidad-al-atarfe-0-1","status":"publish","type":"post","link":"https:\/\/miradordeatarfe.es\/?p=73457","title":{"rendered":"El Cuevas amarga la Navidad al Atarfe, 0-1"},"content":{"rendered":"\n<p class=\"has-medium-font-size\"><strong>Los verdiblancos pierden ante los almerienses y cierran el a\u00f1o en zona de descenso<\/strong><\/p>\n\n\n\n<p>La igualdad fue la nota predominante de la primera parte aunque con un ligero dominio los primeros 25 minutos de los almerienses, que gozaron de pocas pero claras ocasiones para adelantarse en el marcador. Como en el minuto 7 tras una trenzada acci\u00f3n, que permiti\u00f3 al delantero Adri ceder un pase de la muerte para la incursi\u00f3n de Alonso y Marco desvi\u00f3 en dos tiempos, en lo que pudo ser el 0-1. Lo mismo hizo el joven meta local en el 25 evitando con la yema de los dedos un gran remate de cabeza de Mart\u00edn a la salida de un c\u00f3rner. Hasta pasada la media hora no despert\u00f3 el Atarfe, que en un libre directo de V\u00edctor a la cruceta signific\u00f3 la \u00fanica ocasi\u00f3n de peligro para los locales en la primera parte. Esto motiv\u00f3 la reactivacion para los pupilos de \u00c1ngel Ruiz, que al menos hasta el descanso no concedi\u00f3 tantos espacios y nivel\u00f3 a\u00fan m\u00e1s la contienda.&nbsp;<\/p>\n\n\n\n<p>Se invirtieron los papeles en el arranque del segundo tiempo, con un Atarfe mucho m\u00e1s entonado, que comienza a generar peligro en el \u00e1rea contraria. Primero con un par de remates lejanos sin demasiados problemas para Felipe. Pero en el minuto 12 Louay, en una magn\u00edfica posici\u00f3n desperdici\u00f3 la ocasi\u00f3n para abrir el marcador y poner al Atarfe en ventaja. A los 23 minutos vuelve a asomarse el Cuevas CF de manera muy clara, tras un mal entendimiento entre Espejo y Marco y Fiol con todo a su favor la mand\u00f3 fuera. Acto seguido en un saque de banda en largo, la peinada de Louay a Soto, que de remate acrobatico mand\u00f3 la pelota al lateral de la red. En el minuto 30 el Cuevas deshizo el 0-0 en un saque de esquina con perfecto remate de cabeza de Adri, imposible para Marco. El \u00faltimo cuarto de hora se convirti\u00f3 en un correcalles. El Atarfe lo intent\u00f3 a la desesperada y el Cuevas CF resisti\u00f3 y busc\u00f3 la sentencia pero al final el 00-1 fue inamovible y suficiente para que los almerienses sigan siendo la revelaci\u00f3n de esta liga y los atarfe\u00f1os aprovechen el par\u00f3n para intentar enmendar la plana.&nbsp;<\/p>\n\n\n\n<p><strong>ATARFE INDUSTRIAL:<\/strong> Marco, Modesto (Triana, m. 74), Rasi, Carlos Linares, Carlos, Joseca, Javi Rodelas (Alejandro, m. 23) (\u00c1ngel, m. 11), Marcos (Miguel \u00c1ngel, m.&nbsp; 79), Louay (Emilio, m. 79), V\u00edctor y Bruno<\/p>\n\n\n\n<p><strong>CUEVAS C.F.: <\/strong>Felipe, Morillas, Diego Bustos, Martin Velgas, Samu (Dami\u00e1n, m. 51), Samba (Miguel \u00c1ngel, m. 55), Cristian (Rafael Ortega, m. 58), Montes, Alonso, Adri\u00e1n (Mateo, m. 84) y Abdou (Fiol, m. 66)<\/p>\n\n\n\n<p><strong>GOLES<\/strong>: 0-1, m. 74,&nbsp; Adri\u00e1n;<\/p>\n\n\n\n<p><strong>\u00c1RBITRO<\/strong>: Ruiz Sep\u00falveda, Cristian (M\u00e1laga). Amonest\u00f3 por los locales a Carlos Linares, Carlos y por los visitantes a Adri\u00e1n.<\/p>\n\n\n\n<p><strong>INCIDENCIAS<\/strong>: Encuentro de la jornada 14\u00aa en Divisi\u00f3n de Honor en el Municipal de Atarfe ante unos 150 aficionados.&nbsp;<\/p>\n\n\n\n<p><strong>JES\u00daS ROSILLO<\/strong><\/p>\n\n\n\n<p>FOTO:<em>El entrenador del Atarfe Industrial, \u00c1ngel Ruiz (J. PALMA)<\/em><\/p>\n\n\n\n\n\n\n\n<figure class=\"wp-block-image\"><img data-recalc-dims=\"1\" decoding=\"async\" src=\"https:\/\/i0.wp.com\/i.ibb.co\/KbF4cN0\/image-7.jpg?w=640&#038;ssl=1\" alt=\"\"\/><\/figure>\n\n\n\n<figure class=\"wp-block-image\"><img data-recalc-dims=\"1\" decoding=\"async\" src=\"https:\/\/i0.wp.com\/i.ibb.co\/KbF4cN0\/image-7.jpg?w=640&#038;ssl=1\" alt=\"\"\/><\/figure>\n","protected":false},"excerpt":{"rendered":"<p>Los verdiblancos pierden ante los almerienses y cierran el a\u00f1o en zona de descenso La&#8230;<\/p>\n","protected":false},"author":1,"featured_media":0,"comment_status":"closed","ping_status":"closed","sticky":false,"template":"","format":"standard","meta":{"_coblocks_attr":"","_coblocks_dimensions":"","_coblocks_responsive_height":"","_coblocks_accordion_ie_support":"","jetpack_post_was_ever_published":false,"_jetpack_newsletter_access":"","_jetpack_dont_email_post_to_subs":true,"_jetpack_newsletter_tier_id":0,"_jetpack_memberships_contains_paywalled_content":false,"_jetpack_memberships_contains_paid_content":false,"footnotes":"","jetpack_publicize_message":"","jetpack_publicize_feature_enabled":true,"jetpack_social_post_already_shared":true,"jetpack_social_options":{"image_generator_settings":{"template":"highway","enabled":false},"version":2}},"categories":[182,186,44],"tags":[],"class_list":["post-73457","post","type-post","status-publish","format-standard","hentry","category-deportes","category-instituciones","category-noticias-de-hoy"],"jetpack_publicize_connections":[],"jetpack_featured_media_url":"","jetpack_likes_enabled":true,"jetpack_sharing_enabled":true,"_links":{"self":[{"href":"https:\/\/miradordeatarfe.es\/index.php?rest_route=\/wp\/v2\/posts\/73457","targetHints":{"allow":["GET"]}}],"collection":[{"href":"https:\/\/miradordeatarfe.es\/index.php?rest_route=\/wp\/v2\/posts"}],"about":[{"href":"https:\/\/miradordeatarfe.es\/index.php?rest_route=\/wp\/v2\/types\/post"}],"author":[{"embeddable":true,"href":"https:\/\/miradordeatarfe.es\/index.php?rest_route=\/wp\/v2\/users\/1"}],"replies":[{"embeddable":true,"href":"https:\/\/miradordeatarfe.es\/index.php?rest_route=%2Fwp%2Fv2%2Fcomments&post=73457"}],"version-history":[{"count":1,"href":"https:\/\/miradordeatarfe.es\/index.php?rest_route=\/wp\/v2\/posts\/73457\/revisions"}],"predecessor-version":[{"id":73458,"href":"https:\/\/miradordeatarfe.es\/index.php?rest_route=\/wp\/v2\/posts\/73457\/revisions\/73458"}],"wp:attachment":[{"href":"https:\/\/miradordeatarfe.es\/index.php?rest_route=%2Fwp%2Fv2%2Fmedia&parent=73457"}],"wp:term":[{"taxonomy":"category","embeddable":true,"href":"https:\/\/miradordeatarfe.es\/index.php?rest_route=%2Fwp%2Fv2%2Fcategories&post=73457"},{"taxonomy":"post_tag","embeddable":true,"href":"https:\/\/miradordeatarfe.es\/index.php?rest_route=%2Fwp%2Fv2%2Ftags&post=73457"}],"curies":[{"name":"wp","href":"https:\/\/api.w.org\/{rel}","templated":true}]}}