{"id":73459,"date":"2024-12-17T08:20:00","date_gmt":"2024-12-17T07:20:00","guid":{"rendered":"https:\/\/miradordeatarfe.es\/?p=73459"},"modified":"2024-12-16T20:24:35","modified_gmt":"2024-12-16T19:24:35","slug":"recogida-de-firmas-contra-las-falsas-renovables","status":"publish","type":"post","link":"https:\/\/miradordeatarfe.es\/?p=73459","title":{"rendered":"Recogida de firmas contra las \u00abfalsas renovables\u00bb"},"content":{"rendered":"\n<p>Plataformas que denuncian los megaproyectos industriales fotovoltaicos, e\u00f3licos, de biog\u00e1s e hidr\u00f3geno han llevado a cabo esta acci\u00f3n en Puerta Real.<\/p>\n\n\n\n<p>Representantes de las distintas plataformas ciudadanas que est\u00e1n movilizadas en la provincia para tratar de frenar megaproyectos fotovoltaicos, e\u00f3licos o plantas de biog\u00e1s han llevado a cabo una recogida de firmas este domingo en Puerta Real.&nbsp;<\/p>\n\n\n\n<p>\u00abNo a los megaproyectos fotovoltaicos, e\u00f3licos, de hidr\u00f3geno, plantas biog\u00e1s y v\u00edas de evacuaci\u00f3n L\u00edneas Alta tensi\u00f3n, Subestaciones el\u00e9ctricas, cientos de kil\u00f3metros de Torres y Cables. Ni sostenibles ni saludables, ni necesarios. Tramitaci\u00f3n de montoneras de proyectos, desde pura especulaci\u00f3n el\u00e9ctrica, contrarias a la transici\u00f3n ecol\u00f3gica\u00bb, es el mensaje de estos colectivos, que advierten de que estos megaproyectos \u00abasolan y est\u00e1n arrasando y pretenden seguir haci\u00e9ndolo: estepa, monte, vega, mar, granadinos, transformando tierra y mar en suelo industrial\u00bb.<\/p>\n\n\n\n<p>Denuncian que se trata de \u00abcolonialismo energ\u00e9tico\u00bb, que \u00abse produce aqu\u00ed, destruyendo el territorio y se consume fuera\u00bb.. Tambi\u00e9n lo consideran \u00abespeculaci\u00f3n el\u00e9ctrica, por fondos de inversi\u00f3n nacionales e internacionales, de empresas privadas y terceros pa\u00edses\u00bb. Como ejemplo se\u00f1alan que \u00abla energ\u00eda fotovoltaica de Pinos Puente ir\u00e1 para grupos cerveceros de Austria\u00bb o que El 70% de Endesa es \u00abdel gobierno italiano\u00bb.<\/p>\n\n\n\n<p>Lla ciudadan\u00eda y los territorios donde se instalan son \u00abexpoliados, van a la ruina, empobreci\u00e9ndose la inmensa mayor\u00eda de las personas, con la devaluaci\u00f3n de su tierra y su casa, peligro de electrocuci\u00f3n (arco el\u00e9ctrico), arrasando paisaje y biodiversidad, esterilizando la tierra, arrancada su vegetaci\u00f3n, pulm\u00f3n de oxigeno y vida, apelmazando la tierra y favoreciendo riadas e inundaciones y arruinando el turismo rural y el senderismo\u00bb<\/p>\n\n\n\n<p>Advierten de que los afectados son la ciudadan\u00eda y los territorios donde se instalan, que son \u00abexpoliados, van a la ruina, empobreci\u00e9ndose la inmensa mayor\u00eda de las personas, con la devaluaci\u00f3n de su tierra y su casa, peligro de electrocuci\u00f3n (arco el\u00e9ctrico), arrasando paisaje y biodiversidad, esterilizando la tierra, arrancada su vegetaci\u00f3n, pulm\u00f3n de oxigeno y vida, apelmazando la tierra y favoreciendo riadas e inundaciones, arruinando el turismo rural, el senderismo\u00bb. A todo ello suman la \u00abp\u00e9rdida de trabajo agrario y la capacidad de autoabastecimiento y abastecimiento alimentario para el presente y futuro\u00bb.<\/p>\n\n\n\n<p>Estos macroproyectos, aseguran, ser\u00e1n \u00abchatarra a los 20 a\u00f1os\u00bb y esto provocar\u00e1 \u00abperjuicio a la salud, elevando electromagnetismo, ruido continuo de vibraci\u00f3n de cables de alta tensi\u00f3n, ruido de aspas de aerogeneradores, contaminaci\u00f3n lum\u00ednica\u00bb.<\/p>\n\n\n\n<p>Por otra parte, tambi\u00e9n alertan del \u00abaumento de factura de la luz de los consumidores (pago de peajes, pago del costo de las subestaciones montadas por privados y Red El\u00e9ctrica de Espa\u00f1a, ej: Subestaci\u00f3n Saleres: 6.500 millones de euros -aprox-)\u00bb, adem\u00e1s del \u00abaumento del calor en la zona y sus alrededores, acentuando el fen\u00f3meno de desertizaci\u00f3n\u00bb. Llaman la atenci\u00f3n sobre \u00abla declaraci\u00f3n de viabilidad medioambiental para aerogeneradores tras incendio de los G\u00fcajares (inviables medio ambientalmente hasta meses antes del incendio, viables tres meses despu\u00e9s del incendio, argumentando la Administraci\u00f3n andaluza haber reducido el n\u00famero de aerogeneradores autorizados)\u00bb.<\/p>\n\n\n\n<p><strong>Los convocantes han sido:&nbsp;<\/strong><\/p>\n\n\n\n<ul class=\"wp-block-list\">\n<li>Di No a las Torres, Plataforma por el Valle de Lecr\u00edn<\/li>\n\n\n\n<li>Agrupaci\u00f3n electores P.alante \u00d3rgiva<\/li>\n\n\n\n<li>Plataforma Contraviesa<\/li>\n\n\n\n<li>La Calahorra enAcci\u00f3n<\/li>\n\n\n\n<li>Iznalloz<\/li>\n\n\n\n<li>Baza, Caniles<\/li>\n\n\n\n<li>En defensa del Temple<\/li>\n\n\n\n<li>Plataforma defensa territorio Memoria Garc\u00eda Lorca<\/li>\n\n\n\n<li>Plataforma El Fargue, V\u00edznar<\/li>\n\n\n\n<li>Di No a Molinos Marinos Costa Tropical<\/li>\n\n\n\n<li>Defensa de la Vega y su Entorno<\/li>\n\n\n\n<li>Plataforma Cubillas Sierra Elvira, Atarfe<\/li>\n\n\n\n<li>Plataforma Pinos Puente, Bucor, Cerro de los Infantes<\/li>\n\n\n\n<li>Plataforma Stadium, Soto Oscuro San Gregorio<\/li>\n\n\n\n<li>Ecologistas en Acci\u00f3n Granada<\/li>\n<\/ul>\n\n\n\n<p><strong>IndeGranada<\/strong><\/p>\n\n\n\n<p>FOTO: Ecologistas en Acci\u00f3n. Recogida de firmas en Puerta Real.<\/p>\n\n\n\n<p>http:\/\/www.elindependientedegranada.es\/economia\/recogida-firmas-falsas-renovables<\/p>\n","protected":false},"excerpt":{"rendered":"<p>Plataformas que denuncian los megaproyectos industriales fotovoltaicos, e\u00f3licos, de biog\u00e1s e hidr\u00f3geno han llevado a&#8230;<\/p>\n","protected":false},"author":1,"featured_media":73460,"comment_status":"closed","ping_status":"closed","sticky":false,"template":"","format":"standard","meta":{"_coblocks_attr":"","_coblocks_dimensions":"","_coblocks_responsive_height":"","_coblocks_accordion_ie_support":"","jetpack_post_was_ever_published":false,"_jetpack_newsletter_access":"","_jetpack_dont_email_post_to_subs":true,"_jetpack_newsletter_tier_id":0,"_jetpack_memberships_contains_paywalled_content":false,"_jetpack_memberships_contains_paid_content":false,"footnotes":"","jetpack_publicize_message":"","jetpack_publicize_feature_enabled":true,"jetpack_social_post_already_shared":true,"jetpack_social_options":{"image_generator_settings":{"template":"highway","enabled":false},"version":2}},"categories":[1161,186,44,6920],"tags":[],"class_list":["post-73459","post","type-post","status-publish","format-standard","has-post-thumbnail","hentry","category-ciudadania","category-instituciones","category-noticias-de-hoy","category-tecnologia"],"jetpack_publicize_connections":[],"jetpack_featured_media_url":"https:\/\/i0.wp.com\/miradordeatarfe.es\/wp-content\/uploads\/2024\/12\/recogida_firmas.jpg?fit=700%2C336&ssl=1","jetpack_likes_enabled":true,"jetpack_sharing_enabled":true,"_links":{"self":[{"href":"https:\/\/miradordeatarfe.es\/index.php?rest_route=\/wp\/v2\/posts\/73459","targetHints":{"allow":["GET"]}}],"collection":[{"href":"https:\/\/miradordeatarfe.es\/index.php?rest_route=\/wp\/v2\/posts"}],"about":[{"href":"https:\/\/miradordeatarfe.es\/index.php?rest_route=\/wp\/v2\/types\/post"}],"author":[{"embeddable":true,"href":"https:\/\/miradordeatarfe.es\/index.php?rest_route=\/wp\/v2\/users\/1"}],"replies":[{"embeddable":true,"href":"https:\/\/miradordeatarfe.es\/index.php?rest_route=%2Fwp%2Fv2%2Fcomments&post=73459"}],"version-history":[{"count":1,"href":"https:\/\/miradordeatarfe.es\/index.php?rest_route=\/wp\/v2\/posts\/73459\/revisions"}],"predecessor-version":[{"id":73461,"href":"https:\/\/miradordeatarfe.es\/index.php?rest_route=\/wp\/v2\/posts\/73459\/revisions\/73461"}],"wp:featuredmedia":[{"embeddable":true,"href":"https:\/\/miradordeatarfe.es\/index.php?rest_route=\/wp\/v2\/media\/73460"}],"wp:attachment":[{"href":"https:\/\/miradordeatarfe.es\/index.php?rest_route=%2Fwp%2Fv2%2Fmedia&parent=73459"}],"wp:term":[{"taxonomy":"category","embeddable":true,"href":"https:\/\/miradordeatarfe.es\/index.php?rest_route=%2Fwp%2Fv2%2Fcategories&post=73459"},{"taxonomy":"post_tag","embeddable":true,"href":"https:\/\/miradordeatarfe.es\/index.php?rest_route=%2Fwp%2Fv2%2Ftags&post=73459"}],"curies":[{"name":"wp","href":"https:\/\/api.w.org\/{rel}","templated":true}]}}