{"id":73462,"date":"2024-12-20T08:58:00","date_gmt":"2024-12-20T07:58:00","guid":{"rendered":"https:\/\/miradordeatarfe.es\/?p=73462"},"modified":"2024-12-18T13:50:42","modified_gmt":"2024-12-18T12:50:42","slug":"granada-estrena-la-cuarta-conexion-con-madrid","status":"publish","type":"post","link":"https:\/\/miradordeatarfe.es\/?p=73462","title":{"rendered":"Granada estrena la cuarta conexi\u00f3n con Madrid"},"content":{"rendered":"\n<p class=\"has-medium-font-size\"><strong>Con la entrada en servicio del cambiador de ancho del Cerrillo de Maracena Granada ha estrenado este domingo la cuarta conexi\u00f3n con Madrid. <\/strong><\/p>\n\n\n\n<p>La puesta en marcha de esta nueva frecuencia, con trenes Alvia de la serie 730 y que tambi\u00e9n beneficia a Almer\u00eda, ha sido posible por la entrada en funcionamiento del cambiador de ancho en Cerrillo de Maracena, imprescindible para posibilitar estas circulaciones.\u00a0<\/p>\n\n\n\n<figure class=\"wp-block-embed is-type-video is-provider-youtube wp-block-embed-youtube wp-embed-aspect-16-9 wp-has-aspect-ratio\"><div class=\"wp-block-embed__wrapper\">\n<iframe loading=\"lazy\" title=\"Granada estrena la cuarta conexi\u00f3n con Madrid\" width=\"640\" height=\"360\" src=\"https:\/\/www.youtube.com\/embed\/zDVDDFSrI3g?feature=oembed\" frameborder=\"0\" allow=\"accelerometer; autoplay; clipboard-write; encrypted-media; gyroscope; picture-in-picture; web-share\" referrerpolicy=\"strict-origin-when-cross-origin\" allowfullscreen><\/iframe>\n<\/div><\/figure>\n\n\n\n<p>\u00ab\u00bfHab\u00e9is visto alguna vez un cambiador de ancho? El tren S730 llegando al de Cerrillo de Maracena. Primer tren y primer d\u00eda de servicio de una infraestructura que posibilita una circulaci\u00f3n adicional entre Almer\u00eda y Granada con Madrid\u00bb, ha escrito <strong>el ministro de Transportes y Movilidad Sostenible, \u00d3scar Puente, <\/strong>en su cuenta de la red X con un v\u00eddeo del cambiador de ancho del Cerrillo de Maracena.&nbsp;<\/p>\n\n\n\n<p>El cambiador permite conectar la L\u00ednea de Alta Velocidad Madrid-Granada con la l\u00ednea de ancho ib\u00e9rico Moreda-Granada, prolongando los tr\u00e1ficos de alta velocidad hasta Almer\u00eda y viceversa. As\u00ed, su puesta en servicio permite establecer relaciones directas entre Madrid y Almer\u00eda, evitando transbordos en Granada, con el consiguiente ahorro de tiempo y aumento de la comodidad para los viajeros, seg\u00fan informaci\u00f3n de Adif.&nbsp;<\/p>\n\n\n\n<p>La instalaci\u00f3n, que ha supuesto una inversi\u00f3n de m\u00e1s de 14 millones de euros, se localiza a unos 3 kil\u00f3metros de la estaci\u00f3n de Granada, en el punto kilom\u00e9trico 53\/742 de la l\u00ednea Moreda-Granada. Su ubicaci\u00f3n minimiza las afecciones a la explotaci\u00f3n e instalaciones ferroviarias ya existentes y cuenta con dimensiones suficientes para abarcar tanto el propio cambiador como los equipamientos anexos necesarios, lo que permite compatibilizar las circulaciones con el normal funcionamiento de las nuevas instalaciones.<\/p>\n\n\n\n<p>Seg\u00fan la informaci\u00f3n facilitada por Renfe, este nuevo servicio tendr\u00e1 salida de Granada a las 11.15 horas con llegada a Madrid Puerta de Atocha-Almudena Grandes a las 14.57 horas, con un tiempo de viaje de 3 horas y 42 minutos. En sentido inverso, saldr\u00e1 de Madrid a las 16.10h con llegada a Granada a las 19.55 horas, con una duraci\u00f3n total del trayecto de 3 horas y 45 minutos.<\/p>\n\n\n\n<p>Con este nuevo servicio Almer\u00eda-Granada-Madrid, Renfe a\u00f1adir\u00e1 3.700 plazas adicionales por semana y elevar\u00e1 la programaci\u00f3n de Alta Velocidad Granada-Madrid a 17.500 plazas de lunes a domingo con la circulaci\u00f3n de 56 trenes.<\/p>\n\n\n\n<p><strong>El delegado del Gobierno de Espa\u00f1a en Andaluc\u00eda, Pedro Fern\u00e1ndez,<\/strong> ha resaltado que la entrada en funcionamiento del cambiador y estas nuevas conexiones era \u00abun momento muy esperado para Granada y Almer\u00eda\u00bb.<\/p>\n\n\n\n<p>\u00abDe nuevo los hechos, la realidad, demuestra los avances alcanzados gracias al impulso del Gobierno de Espa\u00f1a a las infraestructuras en Andaluc\u00eda\u00bb, ha subrayado.<\/p>\n\n\n\n<p class=\"has-medium-font-size\"><strong>IndeGranada<\/strong><\/p>\n\n\n\n<p>FOTO:<\/p>\n","protected":false},"excerpt":{"rendered":"<p>Con la entrada en servicio del cambiador de ancho del Cerrillo de Maracena Granada ha&#8230;<\/p>\n","protected":false},"author":1,"featured_media":73464,"comment_status":"closed","ping_status":"closed","sticky":false,"template":"","format":"standard","meta":{"_coblocks_attr":"","_coblocks_dimensions":"","_coblocks_responsive_height":"","_coblocks_accordion_ie_support":"","jetpack_post_was_ever_published":false,"_jetpack_newsletter_access":"","_jetpack_dont_email_post_to_subs":true,"_jetpack_newsletter_tier_id":0,"_jetpack_memberships_contains_paywalled_content":false,"_jetpack_memberships_contains_paid_content":false,"footnotes":"","jetpack_publicize_message":"","jetpack_publicize_feature_enabled":true,"jetpack_social_post_already_shared":true,"jetpack_social_options":{"image_generator_settings":{"template":"highway","enabled":false},"version":2}},"categories":[2,10781,44],"tags":[],"class_list":["post-73462","post","type-post","status-publish","format-standard","has-post-thumbnail","hentry","category-atarfe","category-granada","category-noticias-de-hoy"],"jetpack_publicize_connections":[],"jetpack_featured_media_url":"https:\/\/i0.wp.com\/miradordeatarfe.es\/wp-content\/uploads\/2024\/12\/730-3_cambiadr.jpg?fit=650%2C436&ssl=1","jetpack_likes_enabled":true,"jetpack_sharing_enabled":true,"_links":{"self":[{"href":"https:\/\/miradordeatarfe.es\/index.php?rest_route=\/wp\/v2\/posts\/73462","targetHints":{"allow":["GET"]}}],"collection":[{"href":"https:\/\/miradordeatarfe.es\/index.php?rest_route=\/wp\/v2\/posts"}],"about":[{"href":"https:\/\/miradordeatarfe.es\/index.php?rest_route=\/wp\/v2\/types\/post"}],"author":[{"embeddable":true,"href":"https:\/\/miradordeatarfe.es\/index.php?rest_route=\/wp\/v2\/users\/1"}],"replies":[{"embeddable":true,"href":"https:\/\/miradordeatarfe.es\/index.php?rest_route=%2Fwp%2Fv2%2Fcomments&post=73462"}],"version-history":[{"count":1,"href":"https:\/\/miradordeatarfe.es\/index.php?rest_route=\/wp\/v2\/posts\/73462\/revisions"}],"predecessor-version":[{"id":73465,"href":"https:\/\/miradordeatarfe.es\/index.php?rest_route=\/wp\/v2\/posts\/73462\/revisions\/73465"}],"wp:featuredmedia":[{"embeddable":true,"href":"https:\/\/miradordeatarfe.es\/index.php?rest_route=\/wp\/v2\/media\/73464"}],"wp:attachment":[{"href":"https:\/\/miradordeatarfe.es\/index.php?rest_route=%2Fwp%2Fv2%2Fmedia&parent=73462"}],"wp:term":[{"taxonomy":"category","embeddable":true,"href":"https:\/\/miradordeatarfe.es\/index.php?rest_route=%2Fwp%2Fv2%2Fcategories&post=73462"},{"taxonomy":"post_tag","embeddable":true,"href":"https:\/\/miradordeatarfe.es\/index.php?rest_route=%2Fwp%2Fv2%2Ftags&post=73462"}],"curies":[{"name":"wp","href":"https:\/\/api.w.org\/{rel}","templated":true}]}}