{"id":73466,"date":"2024-12-18T09:44:00","date_gmt":"2024-12-18T08:44:00","guid":{"rendered":"https:\/\/miradordeatarfe.es\/?p=73466"},"modified":"2024-12-16T21:02:18","modified_gmt":"2024-12-16T20:02:18","slug":"los-horarios-del-metro-de-granada-durante-la-navidad","status":"publish","type":"post","link":"https:\/\/miradordeatarfe.es\/?p=73466","title":{"rendered":"Los horarios del Metro de Granada durante la Navidad"},"content":{"rendered":"\n<p class=\"has-medium-font-size\"><strong>El servicio ampl\u00eda su frecuencia los d\u00edas principales de la pr\u00f3xima semana, en los que se celebran numerosas cenas \u00b7 En funci\u00f3n del aumento de la demanda, se podr\u00e1 plantear el uso de trenes dobles<\/strong><\/p>\n\n\n\n<p>El <strong>Metro de Granada<\/strong> comienza desde el martes el refuerzo del servicio especial por Navidad, con el fin de favorecer los desplazamientos en transporte p\u00fablico en las pr\u00f3ximas semanas.\u00a0<\/p>\n\n\n\n<p>De esta forma, se ampliar\u00e1n los horarios en los momentos que se prev\u00e9n m\u00e1s desplazamientos con motivo de ocio y se mantendr\u00e1 el servicio operativo durante la Nochevieja y la Cabalgata de Reyes, ha se\u00f1alado la <strong>Junta de Andaluc\u00eda<\/strong> en una nota.<\/p>\n\n\n\n<p>El Metro ampl\u00eda su horario de forma destacada los d\u00edas principales de la pr\u00f3xima semana, en los que se celebran numerosas cenas por las fiestas navide\u00f1as. El <strong>d\u00eda 19 y el 21 de diciembre, el servicio finalizar\u00e1 a las 03.00 horas, mientras que el 20 de diciembre se mantendr\u00e1 ininterrumpido las 24 horas<\/strong><\/p>\n\n\n\n<p>Por su parte, <strong>el d\u00eda 17 y 18, circular\u00e1 hasta la medianoche, una hora m\u00e1s que lo habitual.<\/strong> Todo esto significa un incremento de m\u00e1s de ocho horas en la pr\u00f3xima semana, con respecto a su horario normal, adapt\u00e1ndose a las necesidades de compras y ocio de los habitantes del<strong> \u00c1rea Metropolitana de Granada<\/strong>. Tambi\u00e9n<strong> el 23 de diciembre, el Metropolitano circular\u00e1 hasta la medianoche.<\/strong><\/p>\n\n\n\n<p><strong>En Nochebuena y Nochevieja, el Metro de Granada finaliza el servicio a las 21.15 horas, con el fin de favorecer la conciliaci\u00f3n familiar de sus trabajadores.<\/strong> <\/p>\n\n\n\n<p>No obstante, en el caso de <strong>Nochevieja reanudar\u00e1 su servicio a la una de la madrugada del 1 de enero y prestar\u00e1 servicio durante todo el d\u00eda de A\u00f1o Nuevo hasta las 23.00 hora<\/strong>s.<\/p>\n\n\n\n<p><em><a href=\"https:\/\/www.ahoragranada.com\/secciones\/area-metropolitana\/\">\u00c1rea Metropolitana<\/a><\/em>&nbsp;&nbsp;| 14 diciembre, 2024 &#8211; 11:58&nbsp;&nbsp;| Redacci\u00f3n aG<\/p>\n\n\n\n<h1 class=\"wp-block-heading\">Los horarios del Metro de Granada durante la Navidad<\/h1>\n\n\n\n<p>El servicio ampl\u00eda su frecuencia los d\u00edas principales de la pr\u00f3xima semana, en los que se celebran numerosas cenas \u00b7 En funci\u00f3n del aumento de la demanda, se podr\u00e1 plantear el uso de trenes dobles<\/p>\n\n\n\n<figure class=\"wp-block-image\"><img data-recalc-dims=\"1\" decoding=\"async\" src=\"https:\/\/i0.wp.com\/www.ahoragranada.com\/wp-content\/uploads\/2024\/12\/Metro-Granada-Navidad-2.png?w=640&#038;ssl=1\" alt=\"\" class=\"wp-image-273138\"\/><figcaption class=\"wp-element-caption\">Se mantendr\u00e1 el servicio operativo durante la Nochevieja y la Cabalgata de Reyes. Foto: Junta<\/figcaption><\/figure>\n\n\n\n<p>El <strong>Metro de Granada<\/strong> comienza el pr\u00f3ximo martes el refuerzo del servicio especial por Navidad, con el fin de favorecer los desplazamientos en transporte p\u00fablico en las pr\u00f3ximas semanas.&nbsp;<\/p>\n\n\n\n<p>De esta forma, se ampliar\u00e1n los horarios en los momentos que se prev\u00e9n m\u00e1s desplazamientos con motivo de ocio y se mantendr\u00e1 el servicio operativo durante la Nochevieja y la Cabalgata de Reyes, ha se\u00f1alado la <strong>Junta de Andaluc\u00eda<\/strong> en una nota.<\/p>\n\n\n\n<p>El Metro ampl\u00eda su horario de forma destacada los d\u00edas principales de la pr\u00f3xima semana, en los que se celebran numerosas cenas por las fiestas navide\u00f1as. <strong>El d\u00eda 19 y el 21 de diciembre, el servicio finalizar\u00e1 a las 03.00 horas, mientras que el 20 de diciembre se mantendr\u00e1 ininterrumpido las 24 horas.<\/strong><\/p>\n\n\n\n<p>Por su parte, el d\u00eda 1<strong>7 y 18, circular\u00e1 hasta la medianoche, una hora m\u00e1s que lo habitual<\/strong>. Todo esto significa un incremento de m\u00e1s de ocho horas en la pr\u00f3xima semana, con respecto a su horario normal, adapt\u00e1ndose a las necesidades de compras y ocio de los habitantes del<strong> \u00c1rea Metropolitana de Granada<\/strong>. Tambi\u00e9n el <strong>23 de diciembre, el Metropolitano circular\u00e1 hasta la medianoche.<\/strong><\/p>\n\n\n\n<p>En Nochebuena y Nochevieja, el <strong>Metro de Granada<\/strong> f<strong>inaliza el servicio a las 21.15 horas, con el fin de favorecer la conciliaci\u00f3n familiar de sus trabajadore<\/strong>s. No obstante, en el caso de<strong> Nochevieja reanudar\u00e1 su servicio a la una de la madrugada del 1 de enero y prestar\u00e1 servicio durante todo el d\u00eda de A\u00f1o Nuevo hasta las 23.00 horas.<\/strong><\/p>\n\n\n\n<h2 class=\"wp-block-heading\">Uso de trenes dobles en caso en funci\u00f3n de la demanda<\/h2>\n\n\n\n<p>En funci\u00f3n del aumento de la demanda, se podr\u00e1 plantear el uso de trenes dobles y <strong>se podr\u00e1 incrementar la capacidad del servicio previsto para el 28 de diciembre y 4 de enero.<\/strong><\/p>\n\n\n\n<p>Tambi\u00e9n se plantea el aumento de la capacidad para el 5<strong> de enero, d\u00eda de la Cabalgata de Reyes, en el que el Metro circular\u00e1 hasta las dos de la madrugada por ser v\u00edspera de festivo.<\/strong> Estos horarios se refieren a la hora de la \u00faltima salida desde cabeceras (paradas de <strong>Albolote <\/strong>y <strong>Armilla<\/strong>).<\/p>\n\n\n\n<p>La Consejer\u00eda de Fomento, Articulaci\u00f3n del Territorio y Vivienda, que gestiona los ferrocarriles metropolitanos a trav\u00e9s de la Agencia de Obra P\u00fablica, pretende garantizar as\u00ed desplazamientos m\u00e1s c\u00f3modos y seguros para los ciudadanos en las fiestas navide\u00f1as.<\/p>\n\n\n\n<p>Por ello, el servicio del Metropolitano granadino se adapta a la previsi\u00f3n de demanda, que empieza a aumentar a partir de la pr\u00f3xima semana previa a los d\u00edas festivos.<\/p>\n\n\n\n<p class=\"has-medium-font-size\"><strong>Redacci\u00f3n aG<\/strong><\/p>\n\n\n\n<p>FOTO Se mantendr\u00e1 el servicio operativo durante la Nochevieja y la Cabalgata de Reyes. Foto: Junta<\/p>\n\n\n\n<figure class=\"wp-block-embed is-type-wp-embed is-provider-ahora-granada wp-block-embed-ahora-granada\"><div class=\"wp-block-embed__wrapper\">\n<blockquote class=\"wp-embedded-content\" data-secret=\"niHPCcUCCo\"><a href=\"https:\/\/www.ahoragranada.com\/noticias\/los-horarios-del-metro-de-granada-durante-la-navidad\/\">Los horarios del Metro de Granada durante la Navidad<\/a><\/blockquote><iframe loading=\"lazy\" class=\"wp-embedded-content\" sandbox=\"allow-scripts\" security=\"restricted\" style=\"position: absolute; visibility: hidden;\" title=\"\u00abLos horarios del Metro de Granada durante la Navidad\u00bb \u2014 Ahora Granada\" src=\"https:\/\/www.ahoragranada.com\/noticias\/los-horarios-del-metro-de-granada-durante-la-navidad\/embed\/#?secret=4zjcDRuuWM#?secret=niHPCcUCCo\" data-secret=\"niHPCcUCCo\" width=\"600\" height=\"338\" frameborder=\"0\" marginwidth=\"0\" marginheight=\"0\" scrolling=\"no\"><\/iframe>\n<\/div><\/figure>\n","protected":false},"excerpt":{"rendered":"<p>El servicio ampl\u00eda su frecuencia los d\u00edas principales de la pr\u00f3xima semana, en los que&#8230;<\/p>\n","protected":false},"author":1,"featured_media":73467,"comment_status":"closed","ping_status":"closed","sticky":false,"template":"","format":"standard","meta":{"_coblocks_attr":"","_coblocks_dimensions":"","_coblocks_responsive_height":"","_coblocks_accordion_ie_support":"","jetpack_post_was_ever_published":false,"_jetpack_newsletter_access":"","_jetpack_dont_email_post_to_subs":true,"_jetpack_newsletter_tier_id":0,"_jetpack_memberships_contains_paywalled_content":false,"_jetpack_memberships_contains_paid_content":false,"footnotes":"","jetpack_publicize_message":"","jetpack_publicize_feature_enabled":true,"jetpack_social_post_already_shared":true,"jetpack_social_options":{"image_generator_settings":{"template":"highway","enabled":false},"version":2}},"categories":[1161,186,44,10],"tags":[],"class_list":["post-73466","post","type-post","status-publish","format-standard","has-post-thumbnail","hentry","category-ciudadania","category-instituciones","category-noticias-de-hoy","category-salud"],"jetpack_publicize_connections":[],"jetpack_featured_media_url":"https:\/\/i0.wp.com\/miradordeatarfe.es\/wp-content\/uploads\/2024\/12\/Metro-Granada-Navidad-2.png?fit=970%2C546&ssl=1","jetpack_likes_enabled":true,"jetpack_sharing_enabled":true,"_links":{"self":[{"href":"https:\/\/miradordeatarfe.es\/index.php?rest_route=\/wp\/v2\/posts\/73466","targetHints":{"allow":["GET"]}}],"collection":[{"href":"https:\/\/miradordeatarfe.es\/index.php?rest_route=\/wp\/v2\/posts"}],"about":[{"href":"https:\/\/miradordeatarfe.es\/index.php?rest_route=\/wp\/v2\/types\/post"}],"author":[{"embeddable":true,"href":"https:\/\/miradordeatarfe.es\/index.php?rest_route=\/wp\/v2\/users\/1"}],"replies":[{"embeddable":true,"href":"https:\/\/miradordeatarfe.es\/index.php?rest_route=%2Fwp%2Fv2%2Fcomments&post=73466"}],"version-history":[{"count":1,"href":"https:\/\/miradordeatarfe.es\/index.php?rest_route=\/wp\/v2\/posts\/73466\/revisions"}],"predecessor-version":[{"id":73468,"href":"https:\/\/miradordeatarfe.es\/index.php?rest_route=\/wp\/v2\/posts\/73466\/revisions\/73468"}],"wp:featuredmedia":[{"embeddable":true,"href":"https:\/\/miradordeatarfe.es\/index.php?rest_route=\/wp\/v2\/media\/73467"}],"wp:attachment":[{"href":"https:\/\/miradordeatarfe.es\/index.php?rest_route=%2Fwp%2Fv2%2Fmedia&parent=73466"}],"wp:term":[{"taxonomy":"category","embeddable":true,"href":"https:\/\/miradordeatarfe.es\/index.php?rest_route=%2Fwp%2Fv2%2Fcategories&post=73466"},{"taxonomy":"post_tag","embeddable":true,"href":"https:\/\/miradordeatarfe.es\/index.php?rest_route=%2Fwp%2Fv2%2Ftags&post=73466"}],"curies":[{"name":"wp","href":"https:\/\/api.w.org\/{rel}","templated":true}]}}