{"id":73469,"date":"2024-12-24T11:04:00","date_gmt":"2024-12-24T10:04:00","guid":{"rendered":"https:\/\/miradordeatarfe.es\/?p=73469"},"modified":"2024-12-18T12:26:57","modified_gmt":"2024-12-18T11:26:57","slug":"las-gabias-atarfe-y-churriana-son-los-tres-pueblos-del-area-metropolitana-con-mayor-crecimiento-natural","status":"publish","type":"post","link":"https:\/\/miradordeatarfe.es\/?p=73469","title":{"rendered":"Las Gabias, Atarfe y Churriana son los tres pueblos del \u00c1rea Metropolitana con mayor crecimiento natural"},"content":{"rendered":"\n<p class=\"has-medium-font-size\"><strong>En 18 de las 32 localidades de la comarca se produjeron m\u00e1s nacimientos que defunciones el a\u00f1o pasado \u00b7 El Cintur\u00f3n gan\u00f3 488 ciudadanos en la comparativa entre nacidos y muertos<\/strong><\/p>\n\n\n\n<p>Las localidades de <strong>Las Gabias, Atarfe y Churriana de la Vega<\/strong> son las tres del<strong> \u00c1rea Metropolitana de Granada<\/strong> que mayor crecimiento natural de poblaci\u00f3n registraron el a\u00f1o pasado, en el que la comarca gan\u00f3 488 habitantes en el diferencial entre nacimientos y defunciones.<\/p>\n\n\n\n<p>As\u00ed consta en los \u00faltimos datos publicados por el <strong>Instituto Nacional de Estad\u00edstica (INE)<\/strong>, que refleja que el municipio del Cintur\u00f3n donde m\u00e1s nacimientos se produjeron en 2023 fue <strong>Las Gabias<\/strong>, con hasta 206, lo que restado a las 107 defunciones que se alcanzaron propician que sea el municipio con mejor crecimiento natural (99).<\/p>\n\n\n\n<p>En el <strong>\u00c1rea Metropolitana<\/strong> se produjo un crecimiento natural en 18 de los 32 municipios que componen la comarca, de los que <strong>Atarfe <\/strong>fue el segundo con un saldo positivo de 80 personas al haber registrado 189 nacimientos y 109 defunciones, si bien el segundo mejor dato de nacimientos lo logr\u00f3 <strong>Armilla<\/strong>, el cuarto en crecimiento vegetativo con un diferencial de 63.<\/p>\n\n\n\n<p>En tercer lugar se encuentra <strong>Churriana de la Vega<\/strong>, en donde se alcanzaron los 154 nacimientos y las 82 defunciones, lo que produjo un crecimiento de 72 personas y poderse &#8216;colar&#8217; entre tres de las cuatro ciudades metropolitanas m\u00e1s pobladas.<\/p>\n\n\n\n<p>El aumento de poblaci\u00f3n en la comparativa entre nacimientos y defunciones lleg\u00f3 a las 54 personas en <strong>Og\u00edjares<\/strong>, seguido de <strong>Vegas del Genil<\/strong> (49) y <strong>Alhend\u00edn <\/strong>(45), mientras que en <strong>Jun <\/strong>el registro ya se situ\u00f3 por debajo de la treintena, aunque tambi\u00e9n en positivo, con un saldo de 28 personas. Le siguen <strong>Alfacar <\/strong>(25), <strong>Monachil <\/strong>(23) y <strong>Cenes de la Vega<\/strong> y <strong>G\u00f3jar <\/strong>(22).<\/p>\n\n\n\n<p>Por debajo de la veintena hay otros ocho municipios que tambi\u00e9n experimentaron un incremento de poblaci\u00f3n entre nacimientos y defunciones, como son los casos de <strong>Cijuela <\/strong>(13), <strong>Pulianas <\/strong>(12), <strong>L\u00e1char <\/strong>(9), <strong>C\u00fallar Vega <\/strong>(7), <strong>Pinos Genil<\/strong> (5) y G\u00fcev\u00e9jar (3).<\/p>\n\n\n\n<p>Se da la circunstancia que seg\u00fan los datos del INE, <strong>Peligros <\/strong>es el \u00fanico municipio del Cintur\u00f3n en el que se produjeron el mismo n\u00famero de nacimientos que de defunciones, 87, ofreciendo un crecimiento vegetativo de cero.<\/p>\n\n\n\n<h3 class=\"wp-block-heading\">Descenso del crecimiento vegetativo<\/h3>\n\n\n\n<p>Tambi\u00e9n seg\u00fan los datos hasta el 31 de diciembre de hace un a\u00f1o, el municipio de la comarca metropolitana donde m\u00e1s defunciones se produjeron fue <strong>Maracena<\/strong>, con 154 muertes que provocaron que su crecimiento natural fuera negativo (-6).<\/p>\n\n\n\n<p>En registros similares se encuentran <strong>D\u00edlar <\/strong>y <strong>Otura <\/strong>(-2), <strong>Fuente Vaqueros<\/strong> (-4), <strong>Chauchina <\/strong>y <strong>La Zubia<\/strong> (-5), <strong>Albolote <\/strong>(-6), <strong>Valderrubio <\/strong>(-7) y <strong>Hu\u00e9tor Vega<\/strong> y <strong>V\u00edznar <\/strong>con -8.<\/p>\n\n\n\n<p>En <strong>C\u00e1jar <\/strong>se alcanzaron los 25 nacimientos, insuficientes para compensar los fallecimientos, que alcanzaron los 49 y provocaron un descenso de 24 personas en el crecimiento natural de la poblaci\u00f3n.<\/p>\n\n\n\n<p>Algo similar sucedi\u00f3 en <strong>Santa Fe <\/strong>y Pinos <strong>Puente<\/strong>, donde pese a tener un \u00edndice elevado de nacimientos, de 101 y 93 respectivamente, los fallecimientos les superaron en 30 y 36 personas en cada caso.<\/p>\n\n\n\n<p class=\"has-medium-font-size\"><strong>Luis F. Ruiz &#8211; Noelia S. Lorca<\/strong><\/p>\n\n\n\n<figure class=\"wp-block-embed is-type-wp-embed is-provider-ahora-granada wp-block-embed-ahora-granada\"><div class=\"wp-block-embed__wrapper\">\n<blockquote class=\"wp-embedded-content\" data-secret=\"LGWEWmPvtc\"><a href=\"https:\/\/www.ahoragranada.com\/noticias\/las-gabias-atarfe-y-churriana-de-la-vega-son-los-tres-pueblos-metropolitanos-con-mayor-crecimiento-natural\/\">Las Gabias, Atarfe y Churriana son los tres pueblos del \u00c1rea Metropolitana con mayor crecimiento natural<\/a><\/blockquote><iframe loading=\"lazy\" class=\"wp-embedded-content\" sandbox=\"allow-scripts\" security=\"restricted\" style=\"position: absolute; visibility: hidden;\" title=\"\u00abLas Gabias, Atarfe y Churriana son los tres pueblos del \u00c1rea Metropolitana con mayor crecimiento natural\u00bb \u2014 Ahora Granada\" src=\"https:\/\/www.ahoragranada.com\/noticias\/las-gabias-atarfe-y-churriana-de-la-vega-son-los-tres-pueblos-metropolitanos-con-mayor-crecimiento-natural\/embed\/#?secret=4pRe9fy9WO#?secret=LGWEWmPvtc\" data-secret=\"LGWEWmPvtc\" width=\"600\" height=\"338\" frameborder=\"0\" marginwidth=\"0\" marginheight=\"0\" scrolling=\"no\"><\/iframe>\n<\/div><\/figure>\n","protected":false},"excerpt":{"rendered":"<p>En 18 de las 32 localidades de la comarca se produjeron m\u00e1s nacimientos que defunciones&#8230;<\/p>\n","protected":false},"author":1,"featured_media":73470,"comment_status":"closed","ping_status":"closed","sticky":false,"template":"","format":"standard","meta":{"_coblocks_attr":"","_coblocks_dimensions":"","_coblocks_responsive_height":"","_coblocks_accordion_ie_support":"","jetpack_post_was_ever_published":false,"_jetpack_newsletter_access":"","_jetpack_dont_email_post_to_subs":true,"_jetpack_newsletter_tier_id":0,"_jetpack_memberships_contains_paywalled_content":false,"_jetpack_memberships_contains_paid_content":false,"footnotes":"","jetpack_publicize_message":"","jetpack_publicize_feature_enabled":true,"jetpack_social_post_already_shared":true,"jetpack_social_options":{"image_generator_settings":{"template":"highway","enabled":false},"version":2}},"categories":[2,186,44],"tags":[],"class_list":["post-73469","post","type-post","status-publish","format-standard","has-post-thumbnail","hentry","category-atarfe","category-instituciones","category-noticias-de-hoy"],"jetpack_publicize_connections":[],"jetpack_featured_media_url":"https:\/\/i0.wp.com\/miradordeatarfe.es\/wp-content\/uploads\/2024\/12\/Cathedral_in_Granada_from_Alhambra_-_panoramio.jpg?fit=270%2C202&ssl=1","jetpack_likes_enabled":true,"jetpack_sharing_enabled":true,"_links":{"self":[{"href":"https:\/\/miradordeatarfe.es\/index.php?rest_route=\/wp\/v2\/posts\/73469","targetHints":{"allow":["GET"]}}],"collection":[{"href":"https:\/\/miradordeatarfe.es\/index.php?rest_route=\/wp\/v2\/posts"}],"about":[{"href":"https:\/\/miradordeatarfe.es\/index.php?rest_route=\/wp\/v2\/types\/post"}],"author":[{"embeddable":true,"href":"https:\/\/miradordeatarfe.es\/index.php?rest_route=\/wp\/v2\/users\/1"}],"replies":[{"embeddable":true,"href":"https:\/\/miradordeatarfe.es\/index.php?rest_route=%2Fwp%2Fv2%2Fcomments&post=73469"}],"version-history":[{"count":2,"href":"https:\/\/miradordeatarfe.es\/index.php?rest_route=\/wp\/v2\/posts\/73469\/revisions"}],"predecessor-version":[{"id":73473,"href":"https:\/\/miradordeatarfe.es\/index.php?rest_route=\/wp\/v2\/posts\/73469\/revisions\/73473"}],"wp:featuredmedia":[{"embeddable":true,"href":"https:\/\/miradordeatarfe.es\/index.php?rest_route=\/wp\/v2\/media\/73470"}],"wp:attachment":[{"href":"https:\/\/miradordeatarfe.es\/index.php?rest_route=%2Fwp%2Fv2%2Fmedia&parent=73469"}],"wp:term":[{"taxonomy":"category","embeddable":true,"href":"https:\/\/miradordeatarfe.es\/index.php?rest_route=%2Fwp%2Fv2%2Fcategories&post=73469"},{"taxonomy":"post_tag","embeddable":true,"href":"https:\/\/miradordeatarfe.es\/index.php?rest_route=%2Fwp%2Fv2%2Ftags&post=73469"}],"curies":[{"name":"wp","href":"https:\/\/api.w.org\/{rel}","templated":true}]}}