{"id":73474,"date":"2024-12-18T10:13:00","date_gmt":"2024-12-18T09:13:00","guid":{"rendered":"https:\/\/miradordeatarfe.es\/?p=73474"},"modified":"2024-12-16T21:19:22","modified_gmt":"2024-12-16T20:19:22","slug":"catorce-anos-sin-morente","status":"publish","type":"post","link":"https:\/\/miradordeatarfe.es\/?p=73474","title":{"rendered":"Catorce a\u00f1os sin Morente"},"content":{"rendered":"\n<p class=\"has-medium-font-size\"><strong>Se cumple el triste aniversario de la muerte de Enrique Morente y dentro de unos d\u00edas, el 25 de este mes, habr\u00eda cumplido 82 a\u00f1os. <\/strong><\/p>\n\n\n\n<p>Enrique encabeza, junto a Garc\u00eda Lorca, una larga lista de granadinos talentosos, a los que no hay que olvidar. Recientemente falleci\u00f3 Alejandro Gorafe, otro creador indispensable. Pero tambi\u00e9n se echan en falta a Carlos Cano, a Juan de Loxa o a Jes\u00fas Arias. La n\u00f3mina ser\u00eda interminable. Cu\u00e1ntas esperanzas y proyectos truncados. \u00a1Qu\u00e9 no hubiera hecho Morente estos catorce a\u00f1os si continuara entre nosotros! Nos queda su trabajo, sus discos y sus canciones; sus declaraciones y sus an\u00e9cdotas; nos queda el haberlo conocido y haber sentido su abrazo; nos queda su familia, que es su estela; y quedamos sus seguidores, que somos muchos en Granada, Espa\u00f1a y la humanidad, como reza nuestro himno.<\/p>\n\n\n\n<p>Ayer mismo, en casa, a media tarde, con el caf\u00e9, escuchamos la &#8216;Misa Flamenca&#8217;, que Enrique edit\u00f3 en 1991, y record\u00e9 que era un disco que quer\u00eda volver a grabar, quiz\u00e1 con un nombre m\u00e1s gen\u00e9rico y con a\u00f1adidos de otras religiones, pero con mejor calidad t\u00e9cnica, pues el trabajo final tiene carencias de sonido. Este es un ejemplo, sin embargo. Ten\u00eda mil proyectos rondando por su cabeza, decenas de poemas y de poetas por musicar y cientos de compromisos con grupos locales y de fuera para colaborar con ellos. Propuestas que quedaron por hacer; sue\u00f1os ya imposibles.<\/p>\n\n\n\n<p>Aunque siempre nos sorprender\u00e1. Morente, como Lorca, es eterno y universal. Enrique vive a trav\u00e9s de su familia, de su Aurora, de su Estrella, de su Sole\u00e1 y de su Kiki; pero no solo ellos; siempre hay quien remeda sus canciones, siempre hay quien lo interpreta o escribe de \u00e9l; siempre aparecen unas declaraciones, alguna grabaci\u00f3n in\u00e9dita o esa vieja fotograf\u00eda que se hizo con no s\u00e9 qui\u00e9n, aquel d\u00eda, con tal motivo. Y Morente vuelve a llenar nuestras vidas.<\/p>\n\n\n\n<p>Ya, el martes, se le hizo un homenaje en Atarfe, con Aurora Carbonell, Sole\u00e1 Morente y Cristina Cruces, hablando de su m\u00fasica y de su mundo. Esta noche se vuelve a homenajear en el Club Eshavira, a partir de las 23,30, con todos los artistas y amigos que se quieran acercar. La entrada es gratuita hasta completar aforo-<\/p>\n\n\n\n<p><strong>Jorge Fern\u00e1ndez Bustos<\/strong><\/p>\n\n\n\n<p>FOTO: Enrique Morente en una imagen de 2014. Manuel Monta\u00f1o<\/p>\n\n\n\n<p><a href=\"https:\/\/www.ideal.es\/culturas\/jorge-fernandez-bustos-catorce-anos-morente-20241213232416-nt.html#vca=fixed-btn&amp;vso=elideal&amp;vmc=unknow&amp;vli=culturas&amp;ref=\">https:\/\/www.ideal.es\/culturas\/jorge-fernandez-bustos-catorce-anos-morente-20241213232416-nt.html#vca=fixed-btn&amp;vso=elideal&amp;vmc=unknow&amp;vli=culturas&amp;ref=<\/a><\/p>\n","protected":false},"excerpt":{"rendered":"<p>Se cumple el triste aniversario de la muerte de Enrique Morente y dentro de unos&#8230;<\/p>\n","protected":false},"author":1,"featured_media":73475,"comment_status":"closed","ping_status":"closed","sticky":false,"template":"","format":"standard","meta":{"_coblocks_attr":"","_coblocks_dimensions":"","_coblocks_responsive_height":"","_coblocks_accordion_ie_support":"","jetpack_post_was_ever_published":false,"_jetpack_newsletter_access":"","_jetpack_dont_email_post_to_subs":true,"_jetpack_newsletter_tier_id":0,"_jetpack_memberships_contains_paywalled_content":false,"_jetpack_memberships_contains_paid_content":false,"footnotes":"","jetpack_publicize_message":"","jetpack_publicize_feature_enabled":true,"jetpack_social_post_already_shared":true,"jetpack_social_options":{"image_generator_settings":{"template":"highway","enabled":false},"version":2}},"categories":[186,44,10801],"tags":[],"class_list":["post-73474","post","type-post","status-publish","format-standard","has-post-thumbnail","hentry","category-instituciones","category-noticias-de-hoy","category-participa-atarfe"],"jetpack_publicize_connections":[],"jetpack_featured_media_url":"https:\/\/i0.wp.com\/miradordeatarfe.es\/wp-content\/uploads\/2024\/12\/enrique-morente-k19D-U1905518532-kdVC-U230275321503XAE-1200x840%40Ideal.jpg?fit=1200%2C840&ssl=1","jetpack_likes_enabled":true,"jetpack_sharing_enabled":true,"_links":{"self":[{"href":"https:\/\/miradordeatarfe.es\/index.php?rest_route=\/wp\/v2\/posts\/73474","targetHints":{"allow":["GET"]}}],"collection":[{"href":"https:\/\/miradordeatarfe.es\/index.php?rest_route=\/wp\/v2\/posts"}],"about":[{"href":"https:\/\/miradordeatarfe.es\/index.php?rest_route=\/wp\/v2\/types\/post"}],"author":[{"embeddable":true,"href":"https:\/\/miradordeatarfe.es\/index.php?rest_route=\/wp\/v2\/users\/1"}],"replies":[{"embeddable":true,"href":"https:\/\/miradordeatarfe.es\/index.php?rest_route=%2Fwp%2Fv2%2Fcomments&post=73474"}],"version-history":[{"count":1,"href":"https:\/\/miradordeatarfe.es\/index.php?rest_route=\/wp\/v2\/posts\/73474\/revisions"}],"predecessor-version":[{"id":73476,"href":"https:\/\/miradordeatarfe.es\/index.php?rest_route=\/wp\/v2\/posts\/73474\/revisions\/73476"}],"wp:featuredmedia":[{"embeddable":true,"href":"https:\/\/miradordeatarfe.es\/index.php?rest_route=\/wp\/v2\/media\/73475"}],"wp:attachment":[{"href":"https:\/\/miradordeatarfe.es\/index.php?rest_route=%2Fwp%2Fv2%2Fmedia&parent=73474"}],"wp:term":[{"taxonomy":"category","embeddable":true,"href":"https:\/\/miradordeatarfe.es\/index.php?rest_route=%2Fwp%2Fv2%2Fcategories&post=73474"},{"taxonomy":"post_tag","embeddable":true,"href":"https:\/\/miradordeatarfe.es\/index.php?rest_route=%2Fwp%2Fv2%2Ftags&post=73474"}],"curies":[{"name":"wp","href":"https:\/\/api.w.org\/{rel}","templated":true}]}}