{"id":73481,"date":"2024-12-18T10:42:39","date_gmt":"2024-12-18T09:42:39","guid":{"rendered":"https:\/\/miradordeatarfe.es\/?p=73481"},"modified":"2024-12-17T11:00:22","modified_gmt":"2024-12-17T10:00:22","slug":"manana-danza-en-el-centro-cultural-medina-elvira","status":"publish","type":"post","link":"https:\/\/miradordeatarfe.es\/?p=73481","title":{"rendered":"HOY DANZA EN EL CENTRO CULTURAL MEDINA ELVIRA"},"content":{"rendered":"\n<p>La obra\u201c<strong>EL MUNDO DE PANDORA\u201d<\/strong> es el t\u00edtulo que con este nombre la Escuela de Danza Ciudad Atarfe va a realizar la Gala de Navidad 2024. Se trata de un espect\u00e1culo lleno de magia que nos conducir\u00e1 hasta un mundo lleno de fantas\u00edas y coreograf\u00edas varias. Un evento que no os pod\u00e9is perder.<\/p>\n\n\n\n<p>Basado en la historia de \u00bb Avatar\u00bb la Escuela de Danza Ciudad Atarfe Atarfe, realizar\u00e1 su gala de navidad con el espect\u00e1culo EL MUNDO DE PANDORA. En dicha gala podremos disfrutar de los diferentes grupo de de Danza de la Escuela realizando espectaculares coreograf\u00edas haciendo referencia a la m\u00edtica pel\u00edcula<\/p>\n\n\n\n<p>Disfruta de una fusi\u00f3n de Danza Cl\u00e1sica y Contempor\u00e1nea, Danza Espa\u00f1ola, Baile Flamenco y Baile Urbano al ritmo de la impresionante banda sonora de la pel\u00edcula.<\/p>\n\n\n\n<p>&#8211;\u00a0<strong>Fecha: Mi\u00e9rcoles, 18 de Diciembre<br \/>&#8211;\u00a0Hora: 19:00<br \/>&#8211;\u00a0Lugar: Centro Cultural Medina Elvira<\/strong><\/p>\n\n\n\n<figure class=\"wp-block-image size-full is-resized\"><img data-recalc-dims=\"1\" loading=\"lazy\" decoding=\"async\" width=\"509\" height=\"720\" src=\"https:\/\/i0.wp.com\/miradordeatarfe.es\/wp-content\/uploads\/2024\/12\/470193340_1151688433627322_7285026233729439935_n.jpg?resize=509%2C720&#038;ssl=1\" alt=\"\" class=\"wp-image-73482\" style=\"width:583px;height:auto\" srcset=\"https:\/\/i0.wp.com\/miradordeatarfe.es\/wp-content\/uploads\/2024\/12\/470193340_1151688433627322_7285026233729439935_n.jpg?w=509&amp;ssl=1 509w, https:\/\/i0.wp.com\/miradordeatarfe.es\/wp-content\/uploads\/2024\/12\/470193340_1151688433627322_7285026233729439935_n.jpg?resize=212%2C300&amp;ssl=1 212w\" sizes=\"auto, (max-width: 509px) 100vw, 509px\" \/><\/figure>\n","protected":false},"excerpt":{"rendered":"<p>La obra\u201cEL MUNDO DE PANDORA\u201d es el t\u00edtulo que con este nombre la Escuela de&#8230;<\/p>\n","protected":false},"author":1,"featured_media":73483,"comment_status":"closed","ping_status":"closed","sticky":false,"template":"","format":"standard","meta":{"_coblocks_attr":"","_coblocks_dimensions":"","_coblocks_responsive_height":"","_coblocks_accordion_ie_support":"","jetpack_post_was_ever_published":false,"_jetpack_newsletter_access":"","_jetpack_dont_email_post_to_subs":true,"_jetpack_newsletter_tier_id":0,"_jetpack_memberships_contains_paywalled_content":false,"_jetpack_memberships_contains_paid_content":false,"footnotes":"","jetpack_publicize_message":"","jetpack_publicize_feature_enabled":true,"jetpack_social_post_already_shared":true,"jetpack_social_options":{"image_generator_settings":{"template":"highway","enabled":false},"version":2}},"categories":[12,186,44],"tags":[],"class_list":["post-73481","post","type-post","status-publish","format-standard","has-post-thumbnail","hentry","category-cultura","category-instituciones","category-noticias-de-hoy"],"jetpack_publicize_connections":[],"jetpack_featured_media_url":"https:\/\/i0.wp.com\/miradordeatarfe.es\/wp-content\/uploads\/2024\/12\/470193340_1151688433627322_7285026233729439935_n-1.jpg?fit=509%2C271&ssl=1","jetpack_likes_enabled":true,"jetpack_sharing_enabled":true,"_links":{"self":[{"href":"https:\/\/miradordeatarfe.es\/index.php?rest_route=\/wp\/v2\/posts\/73481","targetHints":{"allow":["GET"]}}],"collection":[{"href":"https:\/\/miradordeatarfe.es\/index.php?rest_route=\/wp\/v2\/posts"}],"about":[{"href":"https:\/\/miradordeatarfe.es\/index.php?rest_route=\/wp\/v2\/types\/post"}],"author":[{"embeddable":true,"href":"https:\/\/miradordeatarfe.es\/index.php?rest_route=\/wp\/v2\/users\/1"}],"replies":[{"embeddable":true,"href":"https:\/\/miradordeatarfe.es\/index.php?rest_route=%2Fwp%2Fv2%2Fcomments&post=73481"}],"version-history":[{"count":3,"href":"https:\/\/miradordeatarfe.es\/index.php?rest_route=\/wp\/v2\/posts\/73481\/revisions"}],"predecessor-version":[{"id":73500,"href":"https:\/\/miradordeatarfe.es\/index.php?rest_route=\/wp\/v2\/posts\/73481\/revisions\/73500"}],"wp:featuredmedia":[{"embeddable":true,"href":"https:\/\/miradordeatarfe.es\/index.php?rest_route=\/wp\/v2\/media\/73483"}],"wp:attachment":[{"href":"https:\/\/miradordeatarfe.es\/index.php?rest_route=%2Fwp%2Fv2%2Fmedia&parent=73481"}],"wp:term":[{"taxonomy":"category","embeddable":true,"href":"https:\/\/miradordeatarfe.es\/index.php?rest_route=%2Fwp%2Fv2%2Fcategories&post=73481"},{"taxonomy":"post_tag","embeddable":true,"href":"https:\/\/miradordeatarfe.es\/index.php?rest_route=%2Fwp%2Fv2%2Ftags&post=73481"}],"curies":[{"name":"wp","href":"https:\/\/api.w.org\/{rel}","templated":true}]}}