{"id":73489,"date":"2024-12-20T08:36:00","date_gmt":"2024-12-20T07:36:00","guid":{"rendered":"https:\/\/miradordeatarfe.es\/?p=73489"},"modified":"2024-12-20T14:22:00","modified_gmt":"2024-12-20T13:22:00","slug":"el-museo-romantico-que-no-te-puedes-perder-en-el-corazon-del-albaicin","status":"publish","type":"post","link":"https:\/\/miradordeatarfe.es\/?p=73489","title":{"rendered":"El Museo Rom\u00e1ntico que no te puedes perder en el coraz\u00f3n del Albaic\u00edn"},"content":{"rendered":"\n<h2 class=\"wp-block-heading\">El Museo Arqueol\u00f3gico de Granada fue uno de los primeros fundados en Espa\u00f1a, junto a los de Barcelona y Valladolid, siguiendo las huellas del Museo Arqueol\u00f3gico Nacional, creado en 1867<\/h2>\n\n\n\n<p>Granada esconde en el coraz\u00f3n del Albaic\u00edn un museo para todos los gustos y todas las edades. \u00danico en toda Europa. No hay cosa igual. El Museo Arqueol\u00f3gico de Granada fue uno de los primeros fundados en Espa\u00f1a, junto a los de Barcelona y Valladolid, siguiendo las huellas del Museo Arqueol\u00f3gico Nacional, creado en 1867. \u00bfDesde cuando no disfrutas por el interior de sus salas? Este a\u00f1o, Granada celebra dos hitos hist\u00f3ricos: El 40\u00ba aniversario de la proclamaci\u00f3n de la Alhambra y Generalife (1984) y el 30\u00ba aniversario del Albaic\u00edn (1994) como Patrimonio de la Humanidad por la UNESCO. Estos reconocimientos internacionales destacan el valor cultural y el legado \u00fanico de nuestra ciudad.<\/p>\n\n\n\n<p>Con motivo de esta celebraci\u00f3n, te invitamos a recorrer y redescubrir 14 monumentos ic\u00f3nicos de la Alhambra y el Albaic\u00edn con una ruta dise\u00f1ada para este acontecimiento tan singular. Marca tu paso por cada lugar y <a href=\"https:\/\/oferplan.ideal.es\/ofertas-especiales\/ruta-conmemorativa-40-30-anos.-alhambra-generalife-albaicin-patrimonio-hu\/\" target=\"_blank\" rel=\"noreferrer noopener\">forma parte de la historia de Granada con La Ruta Conmemorativa 40- 30<\/a>. \u00bfHan no tienes tu credencial ni pasaporte?<\/p>\n\n\n\n<p>about:blank<\/p>\n\n\n\n<p>Entre los a\u00f1os 1842 y 1879 no existi\u00f3 como tal museo sino que fue un Gabinete de Antig\u00fcedades dependiente de la Comisi\u00f3n de Monumentos de Granada, a cargo del eminente pintor Manuel G\u00f3mez-Moreno Gonz\u00e1lez, que adem\u00e1s se encarg\u00f3 de recoger los primeros restos que se hallaron en Atarfe pertenecientes a la antigua ciudad emiral-califal de Medina Elvira (siglo VIII-XI) y otros de distintas \u00e9pocas que fueron donados a dicha Comisi\u00f3n.<\/p>\n\n\n\n<p>En 1917 se adquiri\u00f3 la Casa de Castril, a los herederos del insigne arabista Leopoldo Eguilaz y Yanguas, para ubicar definitivamente el museo. La casa se halla enclavada en la Carrera del Darro, en el antiguo barrio \u00e1rabe de Ajsaris, sede a partir del siglo XVI de parte de la nobleza granadina, como muestran sus construcciones blasonadas. La Casa de Castril es uno de las mejores palacios renacentistas de Granada y perteneci\u00f3 a la familia de Hernando de Zafra, secretario de los Reyes Cat\u00f3licos, que particip\u00f3 activamente en la conquista de Granada y en sus Capitulaciones. En lo alto de la fachada est\u00e1 grabada la fecha de su construcci\u00f3n: 1539. Esta obra ha sido atribu\u00edda a Sebasti\u00e1n de Alc\u00e1ntara, uno de los m\u00e1s destacados disc\u00edpulos de Diego de Silo\u00e9.<\/p>\n\n\n\n<p>El concepto general del discurso expositivo es la exhibici\u00f3n de los principales tesoros o piezas singulares del museo que permitan significar los principales hitos de la historia granadina, y se articula en dos criterios b\u00e1sicos: un enfoque est\u00e9tico, neutro y respetuoso con el edificio y las colecciones; y un enfoque pedag\u00f3gico, donde las piezas se explican y contextualizan y donde el elemento clave es la propia pieza elevada a la categor\u00eda de \u00abtesoro\u00bb, por su singularidad cultural y art\u00edstica. Este discurso se estructura en grandes periodos cronol\u00f3gicos y culturales en las tres salas alrededor del patio central:<\/p>\n\n\n\n<p><strong>Sala 1<\/strong><\/p>\n\n\n\n<p>comienza el recorrido con piezas del Paleol\u00edtico entre las que destacamos el molar de Orce, el Neol\u00edtico que ofrece restos de gran importancia de la Cueva de la Carig\u00fcela como las sandalias y la diadema de oro. Del mundo megal\u00edtico debemos rese\u00f1ar la Estela de Fonelas y de la Edad de Bronce las piezas que ilustran la Cultura de El Argar procedentes de Montefr\u00edo.<\/p>\n\n\n\n<p><strong>Sala 2<\/strong><\/p>\n\n\n\n<p>Se exhiben los vestigios de las diversas culturas colonizadoras fenicia, griega o egipcia, que hicieron de las tierras granadinas zona de encuentro, basada en su rico comercio. De ellos conviene resaltar el huevo de avestruz pintado, s\u00edmbolo del renacer, o los alabastrones, fruto del comercio de los fenicios, o la magn\u00edfica coraza de factura griega. De la cultura \u00edbera destacan piezas de ajuar funerario, cer\u00e1micas y piezas escult\u00f3ricas como el Toro de Arjona o los relieves de los caballos procedente de Trasmulas.<\/p>\n\n\n\n<p><strong>Sala 3<\/strong><\/p>\n\n\n\n<p>Del mundo romano se exponen ejemplos de escultura con la Venus de Paulenca, de alfarer\u00eda o de musivaria. El recorrido contin\u00faa con la Antig\u00fcedad tard\u00eda y sus ajuares funerarios, para finalizar con los tesoros andalus\u00edes, entre los que destacan las arquetas con labores de taracea o el astrolabio, \u00fanico realizado en Granada, adem\u00e1s de la muestra de un tesoro numism\u00e1tico no exhibido hasta la actualidad.<\/p>\n\n\n\n<p><strong>Patio<\/strong><\/p>\n\n\n\n<p>Se exponen piezas de gran formato, correspondientes a las \u00e9pocas romana, Antig\u00fcedad tard\u00eda y andalus\u00ed, como el Mosaico de la Villa de los Mondragones, as\u00ed como epigraf\u00edas, canceles y capiteles.<\/p>\n\n\n\n<p>\u00bfQU\u00c9 PUEDE VER EN LA RUTA 40-30 QUE ADEM\u00c1S INCLUYE EL MUSEO?<\/p>\n\n\n\n<p>1. Corral del Carb\u00f3n.<\/p>\n\n\n\n<p>2. Ba\u00f1uelo.<\/p>\n\n\n\n<p>3. El Marist\u00e1n.<\/p>\n\n\n\n<p>4. Monasterio de la Concepci\u00f3n.<\/p>\n\n\n\n<p>5. Casa de Zafra.<\/p>\n\n\n\n<p>6. Museo Arqueol\u00f3gico.<\/p>\n\n\n\n<p>7. Casa Morisca .<\/p>\n\n\n\n<p>8. Pe\u00f1a La Plater\u00eda.<\/p>\n\n\n\n<p>9. Carmen del Aljibe del Rey.<\/p>\n\n\n\n<p>10. Palacio de Dar al-Horra .<\/p>\n\n\n\n<p>11. Iglesia de Santa Mar\u00eda de la Aurora y San Miguel (Subida a torre: donativo de 2\u20ac).<\/p>\n\n\n\n<p>12. Iglesia de San Jos\u00e9.<\/p>\n\n\n\n<p>13. Monasterio de San Bernardo.<\/p>\n\n\n\n<p>14. Torres Bermejas.<\/p>\n\n\n\n<p>Y para que todas esas visitas queden en el recuerdo tendr\u00e1 en cada una un sello que acreditar\u00e1 tu estancia. Adem\u00e1s, como reconocimiento a los que consigan completar su pasaporte con todos los sellos, recibir\u00e1n El Testimonio Garnata acreditativo de haber realizado la ruta. Para ello deber\u00e1 registrarse en la web www.rutaconmemorativa4030.es , incluyendo los datos requeridos.<\/p>\n","protected":false},"excerpt":{"rendered":"<p>El Museo Arqueol\u00f3gico de Granada fue uno de los primeros fundados en Espa\u00f1a, junto a&#8230;<\/p>\n","protected":false},"author":1,"featured_media":73490,"comment_status":"closed","ping_status":"closed","sticky":false,"template":"","format":"standard","meta":{"_coblocks_attr":"","_coblocks_dimensions":"","_coblocks_responsive_height":"","_coblocks_accordion_ie_support":"","jetpack_post_was_ever_published":false,"_jetpack_newsletter_access":"","_jetpack_dont_email_post_to_subs":true,"_jetpack_newsletter_tier_id":0,"_jetpack_memberships_contains_paywalled_content":false,"_jetpack_memberships_contains_paid_content":false,"footnotes":"","jetpack_publicize_message":"","jetpack_publicize_feature_enabled":true,"jetpack_social_post_already_shared":false,"jetpack_social_options":{"image_generator_settings":{"template":"highway","enabled":false},"version":2}},"categories":[10797,10781,44],"tags":[],"class_list":["post-73489","post","type-post","status-publish","format-standard","has-post-thumbnail","hentry","category-ciencia","category-granada","category-noticias-de-hoy"],"jetpack_publicize_connections":[],"jetpack_featured_media_url":"https:\/\/i0.wp.com\/miradordeatarfe.es\/wp-content\/uploads\/2024\/12\/FOTOMUSEOROMAN-kAzC-U230301614400ufH-1200x840%40Ideal.webp?fit=1200%2C840&ssl=1","jetpack_likes_enabled":true,"jetpack_sharing_enabled":true,"_links":{"self":[{"href":"https:\/\/miradordeatarfe.es\/index.php?rest_route=\/wp\/v2\/posts\/73489","targetHints":{"allow":["GET"]}}],"collection":[{"href":"https:\/\/miradordeatarfe.es\/index.php?rest_route=\/wp\/v2\/posts"}],"about":[{"href":"https:\/\/miradordeatarfe.es\/index.php?rest_route=\/wp\/v2\/types\/post"}],"author":[{"embeddable":true,"href":"https:\/\/miradordeatarfe.es\/index.php?rest_route=\/wp\/v2\/users\/1"}],"replies":[{"embeddable":true,"href":"https:\/\/miradordeatarfe.es\/index.php?rest_route=%2Fwp%2Fv2%2Fcomments&post=73489"}],"version-history":[{"count":1,"href":"https:\/\/miradordeatarfe.es\/index.php?rest_route=\/wp\/v2\/posts\/73489\/revisions"}],"predecessor-version":[{"id":73491,"href":"https:\/\/miradordeatarfe.es\/index.php?rest_route=\/wp\/v2\/posts\/73489\/revisions\/73491"}],"wp:featuredmedia":[{"embeddable":true,"href":"https:\/\/miradordeatarfe.es\/index.php?rest_route=\/wp\/v2\/media\/73490"}],"wp:attachment":[{"href":"https:\/\/miradordeatarfe.es\/index.php?rest_route=%2Fwp%2Fv2%2Fmedia&parent=73489"}],"wp:term":[{"taxonomy":"category","embeddable":true,"href":"https:\/\/miradordeatarfe.es\/index.php?rest_route=%2Fwp%2Fv2%2Fcategories&post=73489"},{"taxonomy":"post_tag","embeddable":true,"href":"https:\/\/miradordeatarfe.es\/index.php?rest_route=%2Fwp%2Fv2%2Ftags&post=73489"}],"curies":[{"name":"wp","href":"https:\/\/api.w.org\/{rel}","templated":true}]}}