{"id":73501,"date":"2024-12-21T11:11:00","date_gmt":"2024-12-21T10:11:00","guid":{"rendered":"https:\/\/miradordeatarfe.es\/?p=73501"},"modified":"2024-12-17T11:13:21","modified_gmt":"2024-12-17T10:13:21","slug":"el-mercadillo-navideno-llega-a-atarfe","status":"publish","type":"post","link":"https:\/\/miradordeatarfe.es\/?p=73501","title":{"rendered":"\u00a1El Mercadillo Navide\u00f1o llega a Atarfe!"},"content":{"rendered":"\n<p class=\"has-medium-font-size\"><strong>MA\u00d1ANA  DOMINGO DISFRUTA DEL MERCADILLO ATARFE\u00d1O DE 11  DE LA MA\u00d1ANA A 20 HORAS EN EL PASEO DE SANTA ANA <\/strong><\/p>\n\n\n\n<h2 class=\"wp-block-heading has-medium-font-size\"><strong>\u00a0<\/strong>Los mercadillos navide\u00f1os de Europa se remontan a la \u00e9poca medieval, cuando los territorios alemanes cubr\u00edan una amplia franja del continente. Algunos de los mercados navide\u00f1os existentes en Alemania se remontan a los siglos XV y XVI. El mercado de Dresde abri\u00f3 por primera vez durante un d\u00eda en Nochebuena en 1434<strong>.<\/strong><\/h2>\n\n\n\n<p>Cada temporada navide\u00f1a, los mercadillos de Navidad transforman las principales plazas de las ciudades europeas en paisajes de maravillas invernales. Las calles se llenan de casetas de madera adornadas con luces parpadeantes y ramas de acebo. Los vendedores venden adornos tallados a mano y figuritas del Bel\u00e9n, y en centroeuropa es habitual encontrarse con tazas de <em>gl\u00fchwein<\/em> (vino caliente), mientras el aire se llena de villancicos. S\u00f3lo en Alemania -donde comenz\u00f3 la tradici\u00f3n- suele haber entre 2 500 y 3 000 mercados navide\u00f1os al a\u00f1o. En 2022, los mercadillos  volvieron en su pleno esplendor tras dos a\u00f1os de cierres y restriscciones por la pandemia de COVID-19.<\/p>\n\n\n\n<p>Los historiadores aseguran que preservar esta pr\u00e1ctica cultural en los centros hist\u00f3ricos de las ciudades es tan importante como conservar las catedrales medievales o proteger las ruinas de la Antigua Roma<\/p>\n\n\n\n<p>Atarfe se incorpora a esta tradici\u00f3n centro europea este a\u00f1o.<\/p>\n\n\n\n<p>&#8211;&nbsp;Fecha: Domingo 22 de Diciembre<br \/>&#8211;&nbsp;Horario: De 11:00 a 20:00<br \/>&#8211;&nbsp;Lugar: Paseo Santa Ana<\/p>\n\n\n\n<p>Aprovecha la ocasi\u00f3n para realizar tus compras navide\u00f1as y apoyar a los comercios locales de Atarfe. Descubre productos \u00fanicos, llena tu Navidad de encanto y ayuda a que nuestro pueblo siga creciendo.<\/p>\n\n\n\n<p>Ven a disfrutar de una jornada m\u00e1gica llena de villancicos, talleres infantiles y la especial visita del Elfo de Pap\u00e1 Noel.<\/p>\n\n\n\n<p>\u00a1Nos vemos en el Mercadillo Navide\u00f1o! Celebremos juntos estas fechas tan especiales.<\/p>\n\n\n\n<figure class=\"wp-block-image size-full is-resized\"><img data-recalc-dims=\"1\" loading=\"lazy\" decoding=\"async\" width=\"600\" height=\"848\" src=\"https:\/\/i0.wp.com\/miradordeatarfe.es\/wp-content\/uploads\/2024\/12\/web-3037.jpg?resize=600%2C848&#038;ssl=1\" alt=\"\" class=\"wp-image-73502\" style=\"width:840px;height:auto\" srcset=\"https:\/\/i0.wp.com\/miradordeatarfe.es\/wp-content\/uploads\/2024\/12\/web-3037.jpg?w=600&amp;ssl=1 600w, https:\/\/i0.wp.com\/miradordeatarfe.es\/wp-content\/uploads\/2024\/12\/web-3037.jpg?resize=212%2C300&amp;ssl=1 212w\" sizes=\"auto, (max-width: 600px) 100vw, 600px\" \/><\/figure>\n\n\n\n<p>FOTO: Mercado navide\u00f1o de Fr\u00e1ncfort (Alemania)<\/p>\n","protected":false},"excerpt":{"rendered":"<p>MA\u00d1ANA DOMINGO DISFRUTA DEL MERCADILLO ATARFE\u00d1O DE 11 DE LA MA\u00d1ANA A 20 HORAS EN&#8230;<\/p>\n","protected":false},"author":1,"featured_media":73503,"comment_status":"closed","ping_status":"closed","sticky":false,"template":"","format":"standard","meta":{"_coblocks_attr":"","_coblocks_dimensions":"","_coblocks_responsive_height":"","_coblocks_accordion_ie_support":"","jetpack_post_was_ever_published":false,"_jetpack_newsletter_access":"","_jetpack_dont_email_post_to_subs":true,"_jetpack_newsletter_tier_id":0,"_jetpack_memberships_contains_paywalled_content":false,"_jetpack_memberships_contains_paid_content":false,"footnotes":"","jetpack_publicize_message":"","jetpack_publicize_feature_enabled":true,"jetpack_social_post_already_shared":true,"jetpack_social_options":{"image_generator_settings":{"template":"highway","enabled":false},"version":2}},"categories":[186,44,6937],"tags":[],"class_list":["post-73501","post","type-post","status-publish","format-standard","has-post-thumbnail","hentry","category-instituciones","category-noticias-de-hoy","category-sociedad"],"jetpack_publicize_connections":[],"jetpack_featured_media_url":"https:\/\/i0.wp.com\/miradordeatarfe.es\/wp-content\/uploads\/2024\/12\/e94tn0.webp?fit=1600%2C900&ssl=1","jetpack_likes_enabled":true,"jetpack_sharing_enabled":true,"_links":{"self":[{"href":"https:\/\/miradordeatarfe.es\/index.php?rest_route=\/wp\/v2\/posts\/73501","targetHints":{"allow":["GET"]}}],"collection":[{"href":"https:\/\/miradordeatarfe.es\/index.php?rest_route=\/wp\/v2\/posts"}],"about":[{"href":"https:\/\/miradordeatarfe.es\/index.php?rest_route=\/wp\/v2\/types\/post"}],"author":[{"embeddable":true,"href":"https:\/\/miradordeatarfe.es\/index.php?rest_route=\/wp\/v2\/users\/1"}],"replies":[{"embeddable":true,"href":"https:\/\/miradordeatarfe.es\/index.php?rest_route=%2Fwp%2Fv2%2Fcomments&post=73501"}],"version-history":[{"count":1,"href":"https:\/\/miradordeatarfe.es\/index.php?rest_route=\/wp\/v2\/posts\/73501\/revisions"}],"predecessor-version":[{"id":73504,"href":"https:\/\/miradordeatarfe.es\/index.php?rest_route=\/wp\/v2\/posts\/73501\/revisions\/73504"}],"wp:featuredmedia":[{"embeddable":true,"href":"https:\/\/miradordeatarfe.es\/index.php?rest_route=\/wp\/v2\/media\/73503"}],"wp:attachment":[{"href":"https:\/\/miradordeatarfe.es\/index.php?rest_route=%2Fwp%2Fv2%2Fmedia&parent=73501"}],"wp:term":[{"taxonomy":"category","embeddable":true,"href":"https:\/\/miradordeatarfe.es\/index.php?rest_route=%2Fwp%2Fv2%2Fcategories&post=73501"},{"taxonomy":"post_tag","embeddable":true,"href":"https:\/\/miradordeatarfe.es\/index.php?rest_route=%2Fwp%2Fv2%2Ftags&post=73501"}],"curies":[{"name":"wp","href":"https:\/\/api.w.org\/{rel}","templated":true}]}}