{"id":73514,"date":"2024-12-20T11:22:00","date_gmt":"2024-12-20T10:22:00","guid":{"rendered":"https:\/\/miradordeatarfe.es\/?p=73514"},"modified":"2024-12-18T11:30:30","modified_gmt":"2024-12-18T10:30:30","slug":"hoy-actuacion-del-tenor-miguel-machado-orozco","status":"publish","type":"post","link":"https:\/\/miradordeatarfe.es\/?p=73514","title":{"rendered":"HOY ACTUACI\u00d3N DEL TENOR MIGUEL MACHADO OROZCO"},"content":{"rendered":"\n<p class=\"has-medium-font-size\"><strong>Miguel Machado Orozco, Granada 1996. Tenor l\u00edrico ligero.<\/strong><\/p>\n\n\n\n<p>Desde muy joven apasionado de la M\u00fasica, estudia Canto y T\u00e9cnica Vocal con Laura Sabatel, Santos Ari\u00f1o y Mois\u00e9s Mar\u00edn; Practica diferentes g\u00e9neros musicales, tiene o\u00eddo absoluto y enorme capacidad de comunicaci\u00f3n.<\/p>\n\n\n\n<p>Subi\u00f3 muy joven a un escenario y ha actuado en lugares muy variados como: Teatros, iglesias, centros de ocio, cuarteles, plazas, estadios\u2026<\/p>\n\n\n\n<p>Su prodigiosa voz abarca \u00d3pera,Zarzuela, M\u00fasica Sacra, Himnos militares y deportivos y M\u00fasica ligera. La m\u00fasica es su soporte de vida y lo hace en diferentes idiomas (ingl\u00e9s, franc\u00e9s, italiano, lat\u00edn, alem\u00e1n y espa\u00f1ol). Cant\u00f3 para el Papa Francisco (2015) e instaur\u00f3 el canto de la Salve Rociera en el este de Italia (Ancona).<\/p>\n\n\n\n<p>Debut\u00f3 en Granada en el Auditorio de la C\u00e1mara de Comercio en septiembre de 2021.<\/p>\n\n\n\n<p>En diciembre de ese a\u00f1o fue invitado por Canal Sur para felicitar la Navidad a los andaluces y cant\u00f3 en el teatro Isabel la Cat\u00f3lica como solista del coro Carpa Diem.<\/p>\n\n\n\n<p>Canta para instituciones, ayuntamientos y colectivos sociales, como lo ha hecho en la Semana Santa de Alhend\u00edn (m\u00fasica sacra y saetas) en la Base A\u00e9rea de Armilla, en la conmemoraci\u00f3n del Centenario de la misma (2022); Inaugura el ciclo de la XXI edici\u00f3n de Conciertos de oto\u00f1o en Atarfe (2022); Tambi\u00e9n en la Virgen del Pilar, Patrona de la Guardia Civil, en Churriana de la Vega. Es solista del coro \u201cCarpa Diem\u201d. Sus recitales forman parte de los Circuitos de M\u00fasica de la Diputaci\u00f3n de Granada.<\/p>\n\n\n\n<p>Su Gira \u201cConciertos de Navidad\u201d en: Alhend\u00edn, Guadix, D\u00edlar y Armilla, ha sido un gran \u00e9xito<\/p>\n\n\n\n<figure class=\"wp-block-image size-full\"><img data-recalc-dims=\"1\" loading=\"lazy\" decoding=\"async\" width=\"532\" height=\"758\" src=\"https:\/\/i0.wp.com\/miradordeatarfe.es\/wp-content\/uploads\/2024\/12\/Captura20241218112501.png?resize=532%2C758&#038;ssl=1\" alt=\"\" class=\"wp-image-73515\" srcset=\"https:\/\/i0.wp.com\/miradordeatarfe.es\/wp-content\/uploads\/2024\/12\/Captura20241218112501.png?w=532&amp;ssl=1 532w, https:\/\/i0.wp.com\/miradordeatarfe.es\/wp-content\/uploads\/2024\/12\/Captura20241218112501.png?resize=211%2C300&amp;ssl=1 211w\" sizes=\"auto, (max-width: 532px) 100vw, 532px\" \/><\/figure>\n\n\n\n\n","protected":false},"excerpt":{"rendered":"<p>Miguel Machado Orozco, Granada 1996. Tenor l\u00edrico ligero. Desde muy joven apasionado de la M\u00fasica,&#8230;<\/p>\n","protected":false},"author":1,"featured_media":73516,"comment_status":"closed","ping_status":"closed","sticky":false,"template":"","format":"standard","meta":{"_coblocks_attr":"","_coblocks_dimensions":"","_coblocks_responsive_height":"","_coblocks_accordion_ie_support":"","jetpack_post_was_ever_published":false,"_jetpack_newsletter_access":"","_jetpack_dont_email_post_to_subs":true,"_jetpack_newsletter_tier_id":0,"_jetpack_memberships_contains_paywalled_content":false,"_jetpack_memberships_contains_paid_content":false,"footnotes":"","jetpack_publicize_message":"","jetpack_publicize_feature_enabled":true,"jetpack_social_post_already_shared":true,"jetpack_social_options":{"image_generator_settings":{"template":"highway","enabled":false},"version":2}},"categories":[1161,186,44],"tags":[],"class_list":["post-73514","post","type-post","status-publish","format-standard","has-post-thumbnail","hentry","category-ciudadania","category-instituciones","category-noticias-de-hoy"],"jetpack_publicize_connections":[],"jetpack_featured_media_url":"https:\/\/i0.wp.com\/miradordeatarfe.es\/wp-content\/uploads\/2024\/12\/tENOR-mIGUEL-MACHADOROZCO-B.png?fit=1080%2C841&ssl=1","jetpack_likes_enabled":true,"jetpack_sharing_enabled":true,"_links":{"self":[{"href":"https:\/\/miradordeatarfe.es\/index.php?rest_route=\/wp\/v2\/posts\/73514","targetHints":{"allow":["GET"]}}],"collection":[{"href":"https:\/\/miradordeatarfe.es\/index.php?rest_route=\/wp\/v2\/posts"}],"about":[{"href":"https:\/\/miradordeatarfe.es\/index.php?rest_route=\/wp\/v2\/types\/post"}],"author":[{"embeddable":true,"href":"https:\/\/miradordeatarfe.es\/index.php?rest_route=\/wp\/v2\/users\/1"}],"replies":[{"embeddable":true,"href":"https:\/\/miradordeatarfe.es\/index.php?rest_route=%2Fwp%2Fv2%2Fcomments&post=73514"}],"version-history":[{"count":1,"href":"https:\/\/miradordeatarfe.es\/index.php?rest_route=\/wp\/v2\/posts\/73514\/revisions"}],"predecessor-version":[{"id":73517,"href":"https:\/\/miradordeatarfe.es\/index.php?rest_route=\/wp\/v2\/posts\/73514\/revisions\/73517"}],"wp:featuredmedia":[{"embeddable":true,"href":"https:\/\/miradordeatarfe.es\/index.php?rest_route=\/wp\/v2\/media\/73516"}],"wp:attachment":[{"href":"https:\/\/miradordeatarfe.es\/index.php?rest_route=%2Fwp%2Fv2%2Fmedia&parent=73514"}],"wp:term":[{"taxonomy":"category","embeddable":true,"href":"https:\/\/miradordeatarfe.es\/index.php?rest_route=%2Fwp%2Fv2%2Fcategories&post=73514"},{"taxonomy":"post_tag","embeddable":true,"href":"https:\/\/miradordeatarfe.es\/index.php?rest_route=%2Fwp%2Fv2%2Ftags&post=73514"}],"curies":[{"name":"wp","href":"https:\/\/api.w.org\/{rel}","templated":true}]}}