{"id":73518,"date":"2024-12-18T10:39:00","date_gmt":"2024-12-18T09:39:00","guid":{"rendered":"https:\/\/miradordeatarfe.es\/?p=73518"},"modified":"2024-12-18T11:55:21","modified_gmt":"2024-12-18T10:55:21","slug":"27-anos-de-la-muerte-de-ana-orantes-por-paqui-fuillerat","status":"publish","type":"post","link":"https:\/\/miradordeatarfe.es\/?p=73518","title":{"rendered":"\u00ab27 A\u00d1OS DE LA MUERTE DE ANA ORANTES\u00bb por Paqui Fuillerat"},"content":{"rendered":"\n<p class=\"has-medium-font-size\"><strong>LO QUE NO SE CUENTA, SE OLVIDA, POR ESO EL 17 DE DICIEMBRE DE TODOS LOS A\u00d1OS, HAY QUE RECORDAR A ANA ORANTES<\/strong>.<\/p>\n\n\n\n<p>Hoy 17 de diciembre de 2024, se cumplen 27 a\u00f1os, de aquel espeluznante asesinato ocurrido en Cullar Vega, que conmocion\u00f3 a Espa\u00f1a entera. Ana Orantes fue quemada viva por su expareja.<\/p>\n\n\n\n<p>Se ha publicado en numerosas ocasiones, toda la informaci\u00f3n relacionada con la situaci\u00f3n de la expareja, que curiosamente compart\u00eda vivienda en dos niveles de un mismo edificio.<\/p>\n\n\n\n<p>Despu\u00e9s de 27 a\u00f1os, todav\u00eda <a><\/a>nos seguimos preguntando, qu\u00e9 es lo que le motiv\u00f3 a acudir al programa de Canal Sur \u201cDe tarde en tarde\u201d presentado por Irma Soriano el d\u00eda 4 de diciembre de 1997, y si efectivamente valor\u00f3 o no el riesgo real que corr\u00eda y que ella misma coment\u00f3 durante su testimonio: \u201cMe amenaza con que un d\u00eda me tiene que matar\u201d<\/p>\n\n\n\n<p>Era el final de una de las denominadas en aquel entonces, historias de \u201cviolencia dom\u00e9stica\u201d de las que las estad\u00edsticas nunca supieron nada.La prensa escrita ha dejado constancia del gran inter\u00e9s que el caso despert\u00f3, quiz\u00e1s porque eran fechas cercanas a la Navidad y no hab\u00eda muchas noticias.<\/p>\n\n\n\n<p>La verdad, es que Granada y el resto de Espa\u00f1a vivi\u00f3 pendiente durante unos d\u00edas de este suceso, y lo que es m\u00e1s importante, produjo reacciones en todos los estamentos y \u00e1mbitos de la vida p\u00fablica. Partidos Pol\u00edticos, Congreso de los Diputados, Consejo General del Poder Judicial, Defensor del Pueblo Andaluz, Movimiento de car\u00e1cter femenino&#8230;<\/p>\n\n\n\n<figure class=\"wp-block-image size-full is-resized\"><img data-recalc-dims=\"1\" loading=\"lazy\" decoding=\"async\" width=\"300\" height=\"200\" src=\"https:\/\/i0.wp.com\/miradordeatarfe.es\/wp-content\/uploads\/2024\/12\/639d954806825.webp?resize=300%2C200&#038;ssl=1\" alt=\"\" class=\"wp-image-73524\" style=\"width:573px;height:auto\"\/><\/figure>\n\n\n\n<p>Todo el mundo ten\u00eda algo que decir, nadie era ajeno a lo que ya entonces era una gran tragedia,<\/p>\n\n\n\n<p>UNA LACRA SOCIALMENTE IGNORADA: el maltrato a las mujeres o la violencia dom\u00e9stica como se le llamaba entonces.<\/p>\n\n\n\n<p>Desde aquel momento, no hay charla sobre el tema, que no incluya la obligada referencia \u201cel asesinato de Ana Orantes, un antes y un despu\u00e9s en la lucha contra la violencia de G\u00e9nero\u201d, que es como se denomina en la actualidad, pero siempre Contra las Mujeres.<\/p>\n\n\n\n<p>Gracias a los archivos period\u00edsticos de la \u00e9poca, podemos rememorar la cantidad de opiniones, que se manifestaron por primera vez,<\/p>\n\n\n\n<p>\uf02d Es necesario que los maltratadores salgan de la casa y no la v\u00edctima, pero al final la v\u00edctima acaba ingresada por su seguridad, en una Casa de Acogida.<\/p>\n\n\n\n<p>\uf02d La coordinaci\u00f3n entre todas las Administraciones.<\/p>\n\n\n\n<p>\uf02d Cambios en la legislaci\u00f3n que permitan medidas cautelares o de seguridad. Modificaci\u00f3n de<\/p>\n\n\n\n<p>diversos art\u00edculos del C\u00f3digo Penal.<\/p>\n\n\n\n<p>\uf02d Creaci\u00f3n de una Fiscal\u00eda para la Violencia contra las mujeres.<\/p>\n\n\n\n<p>\uf02d Medidas psicol\u00f3gicas, de ayuda social e institucional para que las mujeres v\u00edctimas rehagan<\/p>\n\n\n\n<p>su vida.<\/p>\n\n\n\n<p>\uf02d Endurecimiento de las penas de los maltratadores.<\/p>\n\n\n\n<p>\uf02d Retirada del r\u00e9gimen de visitas a los maltratadores.<\/p>\n\n\n\n<p>\uf02d Juicios r\u00e1pidos.<\/p>\n\n\n\n<p>\uf02d Inclusi\u00f3n de profesionales de la Psicolog\u00eda y Sociolog\u00eda en los Equipos Psicosociales de los<\/p>\n\n\n\n<p>Juzgados.<\/p>\n\n\n\n<p>\uf02d Primar a las empresas que reserven puestos de trabajo para mujeres v\u00edctimas.<\/p>\n\n\n\n<p>\uf02d Campa\u00f1as de sensibilizaci\u00f3n.<\/p>\n\n\n\n<p>Se produjo una especie de consenso en cuanto a considerar, que el maltrato a las mujeres era un problema social, cultural y de mentalidad de las personas que no se iba a arreglar a golpe de reformas, y por supuesto a largo plazo.<\/p>\n\n\n\n<p>Se plantearon debates muy interesantes, que a\u00fan en la actualidad siguen abiertos sin conclusio\u00f3n definitiva:<\/p>\n\n\n\n<p>\uf02d Rehabilitaci\u00f3n de los maltratadores.<\/p>\n\n\n\n<p>\uf02d Eficacia del Extra\u00f1amiento\/ Ordenes de alejamiento.<\/p>\n\n\n\n<p>Las organizaciones de mujeres de Granada convocamos varias concentraciones, en la Plaza Nueva, en la puerta de la Audiencia Provincial y en el pueblo de C\u00fallar Vega, siendo las consignas:<\/p>\n\n\n\n<p>\uf02d Enajenaci\u00f3n mental, excusa legal<\/p>\n\n\n\n<p>\uf02d Justicia e igualdad<\/p>\n\n\n\n<p>\uf02d Mujer, si te agreden, responde.<\/p>\n\n\n\n<p>En el juicio qued\u00f3 claro, que el asesino era impulsivo y bragado, que era un demonio de puertas adentro, que no era un enfermo mental, que era un asesino cruel y calculador, en palabras del Magistrado: le dio a Ana Orantes una muerte \u201ccobarde y traicionera\u201d.<\/p>\n\n\n\n<p>El Jurado Popular declar\u00f3 que el asesino actu\u00f3 \u201cmeditada y reflexivamente a sangre fr\u00eda\u201d.<\/p>\n\n\n\n<p>Para los hijos de Ana Orantes parec\u00eda que la historia acababa el 16 de noviembre de 2004, con la muerte de su asesino Jos\u00e9 Parejo tras sufrir un infarto en prisi\u00f3n, cuando hab\u00eda cumplido seis de los 17 a\u00f1os de condena. No recib\u00eda visitas y le apodaron \u201cel gasolinas\u201d.<\/p>\n\n\n\n<p>El legado que la terrible muerte de Ana Orantes nos dej\u00f3 a corto plazo a las mujeres de Andaluc\u00eda, fue un Plan Global aprobado en el Parlamento Andaluz el 21 de febrero de 1998, dotado con 2.300 millones de pesetas, ente cuyas medidas destacamos las siguientes:<\/p>\n\n\n\n<p>\uf02d Granada duplica el n\u00famero de plazas en casas de acogida.<\/p>\n\n\n\n<p>\uf02d Habilitaci\u00f3n de 3 pisos tutelados.<\/p>\n\n\n\n<p>\uf02d Convenio con el Colegio de Abogados para crear el Turno de Oficio Especifico.<\/p>\n\n\n\n<p>\uf02d Puesta en marcha del Tel\u00e9fono de Atenci\u00f3n a mujeres v\u00edctimas 24 horas 900200999<\/p>\n\n\n\n<p>El gobierno de la naci\u00f3n con el presidente Aznar a la cabeza, no pas\u00f3 de lanzar la propuesta de crear una Comisi\u00f3n Interministerial, mereciendo la pena destacar que el Vicepresidente Alvarez Cascos, declar\u00f3 que la muerte de Ana Orantes era un hecho puntual y aislado, por la que se pidi\u00f3 su rectificaci\u00f3n o dimisi\u00f3n.<\/p>\n\n\n\n<p>27 a\u00f1os despu\u00e9s, y a pesar de comprobar, que algunas de las reivindicaciones son realidad, seguimos coreando las mismas consignas, \u201cprotegiendo a las mujeres v\u00edctimas\u201d en Casas de Acogida, sumando asesinatos machistas que oficialmente ascienden a 45 en 2024 y 1290 desde 2003, con la \u00fanica novedad, que la realidad ha obligado a incorporar un nuevo tipo de violencia la denominada VICARIA, computada desde 2013, cuyo registro anota las ni\u00f1as y ni\u00f1os asesinados por su padre, como forma de extender la tarea de seguir ejerciendo la violencia que ya no puede ejercer sobre su madre, al no existir convivencia, y asciende a 9, a lo largo de 2024.<\/p>\n\n\n\n<p>Existe una costumbre muy consolidada en nuestra sociedad, que consiste en conmemorar los aniversarios de acontecimientos memorables. El asesinato de Ana Orantes quemada viva por su expareja, es uno de ellos.<\/p>\n\n\n\n<p>Ana Orantes se merece que la honremos, la recordemos, la homenajeemos todos los d\u00edas del a\u00f1o: dedic\u00e1ndole plazas, calles y parques y hablando de ella, de su sufrimiento como v\u00edctima de violencia contra las mujeres, del de sus hijas e hijos y de los avances que hemos conseguido como resultado de la presi\u00f3n ejercida desde el movimiento feminista.<\/p>\n\n\n\n<p>Disponemos de numerosos registros que nos facilitan datos; los avances se pueden medir y contabilizar, y lo que es m\u00e1s importante insto a las instituciones con competencia en materia de prevenci\u00f3n, atenci\u00f3n y recuperaci\u00f3n de las mujeres v\u00edctimas de violencias machistas, a luchar contra la violencia de g\u00e9nero, con el objetivo de conseguir que disminuyan los malditos \u201cminutos de silencio\u201d.<\/p>\n\n\n\n<p>Y mientras tanto, siempre llevo en mi mochila una pa\u00f1oleta morada con unas manos blancas impresas y el siguiente lema \u201cNos Queremos Vivas. Ni una Menos\u201d, para verg\u00fcenza de una sociedad que se llama democr\u00e1tica, pero que no ha sabido acertar para erradicar todav\u00eda que nos maten por el hecho de ser Mujeres.<\/p>\n\n\n\n<p>17 de diciembre de 2024 Paqui Fuillerat P\u00e9rez<\/p>\n\n\n\n<figure class=\"wp-block-image size-full\"><img data-recalc-dims=\"1\" loading=\"lazy\" decoding=\"async\" width=\"634\" height=\"864\" src=\"https:\/\/i0.wp.com\/miradordeatarfe.es\/wp-content\/uploads\/2024\/12\/470251355_10232538412300830_6698734960191288326_n.jpg?resize=634%2C864&#038;ssl=1\" alt=\"\" class=\"wp-image-73519\" srcset=\"https:\/\/i0.wp.com\/miradordeatarfe.es\/wp-content\/uploads\/2024\/12\/470251355_10232538412300830_6698734960191288326_n.jpg?w=634&amp;ssl=1 634w, https:\/\/i0.wp.com\/miradordeatarfe.es\/wp-content\/uploads\/2024\/12\/470251355_10232538412300830_6698734960191288326_n.jpg?resize=220%2C300&amp;ssl=1 220w\" sizes=\"auto, (max-width: 634px) 100vw, 634px\" \/><\/figure>\n","protected":false},"excerpt":{"rendered":"<p>LO QUE NO SE CUENTA, SE OLVIDA, POR ESO EL 17 DE DICIEMBRE DE TODOS&#8230;<\/p>\n","protected":false},"author":1,"featured_media":73522,"comment_status":"closed","ping_status":"closed","sticky":false,"template":"","format":"standard","meta":{"_coblocks_attr":"","_coblocks_dimensions":"","_coblocks_responsive_height":"","_coblocks_accordion_ie_support":"","jetpack_post_was_ever_published":false,"_jetpack_newsletter_access":"","_jetpack_dont_email_post_to_subs":true,"_jetpack_newsletter_tier_id":0,"_jetpack_memberships_contains_paywalled_content":false,"_jetpack_memberships_contains_paid_content":false,"footnotes":"","jetpack_publicize_message":"","jetpack_publicize_feature_enabled":true,"jetpack_social_post_already_shared":false,"jetpack_social_options":{"image_generator_settings":{"template":"highway","enabled":false},"version":2}},"categories":[14,186,44,6937],"tags":[],"class_list":["post-73518","post","type-post","status-publish","format-standard","has-post-thumbnail","hentry","category-feminismo","category-instituciones","category-noticias-de-hoy","category-sociedad"],"jetpack_publicize_connections":[],"jetpack_featured_media_url":"https:\/\/i0.wp.com\/miradordeatarfe.es\/wp-content\/uploads\/2024\/12\/foto_familia_3-1.jpg?fit=650%2C433&ssl=1","jetpack_likes_enabled":true,"jetpack_sharing_enabled":true,"_links":{"self":[{"href":"https:\/\/miradordeatarfe.es\/index.php?rest_route=\/wp\/v2\/posts\/73518","targetHints":{"allow":["GET"]}}],"collection":[{"href":"https:\/\/miradordeatarfe.es\/index.php?rest_route=\/wp\/v2\/posts"}],"about":[{"href":"https:\/\/miradordeatarfe.es\/index.php?rest_route=\/wp\/v2\/types\/post"}],"author":[{"embeddable":true,"href":"https:\/\/miradordeatarfe.es\/index.php?rest_route=\/wp\/v2\/users\/1"}],"replies":[{"embeddable":true,"href":"https:\/\/miradordeatarfe.es\/index.php?rest_route=%2Fwp%2Fv2%2Fcomments&post=73518"}],"version-history":[{"count":2,"href":"https:\/\/miradordeatarfe.es\/index.php?rest_route=\/wp\/v2\/posts\/73518\/revisions"}],"predecessor-version":[{"id":73525,"href":"https:\/\/miradordeatarfe.es\/index.php?rest_route=\/wp\/v2\/posts\/73518\/revisions\/73525"}],"wp:featuredmedia":[{"embeddable":true,"href":"https:\/\/miradordeatarfe.es\/index.php?rest_route=\/wp\/v2\/media\/73522"}],"wp:attachment":[{"href":"https:\/\/miradordeatarfe.es\/index.php?rest_route=%2Fwp%2Fv2%2Fmedia&parent=73518"}],"wp:term":[{"taxonomy":"category","embeddable":true,"href":"https:\/\/miradordeatarfe.es\/index.php?rest_route=%2Fwp%2Fv2%2Fcategories&post=73518"},{"taxonomy":"post_tag","embeddable":true,"href":"https:\/\/miradordeatarfe.es\/index.php?rest_route=%2Fwp%2Fv2%2Ftags&post=73518"}],"curies":[{"name":"wp","href":"https:\/\/api.w.org\/{rel}","templated":true}]}}