{"id":73526,"date":"2024-12-21T10:37:14","date_gmt":"2024-12-21T09:37:14","guid":{"rendered":"https:\/\/miradordeatarfe.es\/?p=73526"},"modified":"2024-12-18T12:25:14","modified_gmt":"2024-12-18T11:25:14","slug":"atarfe-hoy-funcion-para-los-pequenos-con-los-tres-cerditos-y-el-lobo-feroz-en-navidad","status":"publish","type":"post","link":"https:\/\/miradordeatarfe.es\/?p=73526","title":{"rendered":"ATARFE: HOY FUNCI\u00d3N PARA LOS PEQUE\u00d1OS CON \u00abLOS TRES CERDITOS Y EL LOBO FEROZ EN NAVIDAD\u00bb"},"content":{"rendered":"\n<p class=\"has-medium-font-size\"><strong>D\u00cdA 21 DE DICIEMBRE A LAS 18H EN EL CENTRO CULTURAL MEDINA ELVIRA DE ATARFE SE REPRESENTAR\u00c1 ESTA OBRA PARA DISFRUTE DE NUESTRA INFANCIA<\/strong><\/p>\n\n\n\n<p class=\"has-medium-font-size\">La Nueva F\u00e1bula Universal de Los Tres Cerditos y el Lobo Feroz narra la historia de Gordi, Suspiro y Quejoso, tres hermanos cerditos que conviven felizmente en su aldea hasta que ser\u00e1n presa del temido Lobo Feroz quien desea deleitar su paladar con un exquisito banquete de cochinillo a las finas hiervas. \u00a0<\/p>\n\n\n\n<p>Esta representaci\u00f3n cuenta la historia de los &#8216;Tres Cerditos y el Lobo&#8217;, en Navidad. Cuentos tradicionales populares mezclados con las celebraciones navide\u00f1as.<\/p>\n\n\n\n<p>El crecimiento y la superaci\u00f3n como individuo, el respeto en las relaciones intrapersonales y con la familia,&nbsp; la unidad familiar, la constancia y la disciplina, la importancia del cari\u00f1o, la buena educaci\u00f3n y el amor como veh\u00edculo de comunicaci\u00f3n ser\u00e1n valores muy presentes y desarrollados en la Nueva F\u00e1bula Universal de los Tres Cerditos.<\/p>\n\n\n\n<p><a href=\"https:\/\/www.sumandocomunicacion.es\/\" rel=\"noreferrer noopener\" target=\"_blank\"><\/a><\/p>\n\n\n\n<figure class=\"wp-block-image size-large\"><img data-recalc-dims=\"1\" loading=\"lazy\" decoding=\"async\" width=\"640\" height=\"457\" src=\"https:\/\/i0.wp.com\/miradordeatarfe.es\/wp-content\/uploads\/2024\/12\/3-61110x1-v70ih.jpg?resize=640%2C457&#038;ssl=1\" alt=\"\" class=\"wp-image-73527\" srcset=\"https:\/\/i0.wp.com\/miradordeatarfe.es\/wp-content\/uploads\/2024\/12\/3-61110x1-v70ih.jpg?resize=1024%2C731&amp;ssl=1 1024w, https:\/\/i0.wp.com\/miradordeatarfe.es\/wp-content\/uploads\/2024\/12\/3-61110x1-v70ih.jpg?resize=300%2C214&amp;ssl=1 300w, https:\/\/i0.wp.com\/miradordeatarfe.es\/wp-content\/uploads\/2024\/12\/3-61110x1-v70ih.jpg?resize=768%2C548&amp;ssl=1 768w, https:\/\/i0.wp.com\/miradordeatarfe.es\/wp-content\/uploads\/2024\/12\/3-61110x1-v70ih.jpg?w=1191&amp;ssl=1 1191w\" sizes=\"auto, (max-width: 640px) 100vw, 640px\" \/><\/figure>\n","protected":false},"excerpt":{"rendered":"<p>D\u00cdA 21 DE DICIEMBRE A LAS 18H EN EL CENTRO CULTURAL MEDINA ELVIRA DE ATARFE&#8230;<\/p>\n","protected":false},"author":1,"featured_media":73528,"comment_status":"closed","ping_status":"closed","sticky":false,"template":"","format":"standard","meta":{"_coblocks_attr":"","_coblocks_dimensions":"","_coblocks_responsive_height":"","_coblocks_accordion_ie_support":"","jetpack_post_was_ever_published":false,"_jetpack_newsletter_access":"","_jetpack_dont_email_post_to_subs":true,"_jetpack_newsletter_tier_id":0,"_jetpack_memberships_contains_paywalled_content":false,"_jetpack_memberships_contains_paid_content":false,"footnotes":"","jetpack_publicize_message":"","jetpack_publicize_feature_enabled":true,"jetpack_social_post_already_shared":true,"jetpack_social_options":{"image_generator_settings":{"template":"highway","enabled":false},"version":2}},"categories":[1161,186,44],"tags":[],"class_list":["post-73526","post","type-post","status-publish","format-standard","has-post-thumbnail","hentry","category-ciudadania","category-instituciones","category-noticias-de-hoy"],"jetpack_publicize_connections":[],"jetpack_featured_media_url":"https:\/\/i0.wp.com\/miradordeatarfe.es\/wp-content\/uploads\/2024\/12\/pig-1-m.webp?fit=600%2C415&ssl=1","jetpack_likes_enabled":true,"jetpack_sharing_enabled":true,"_links":{"self":[{"href":"https:\/\/miradordeatarfe.es\/index.php?rest_route=\/wp\/v2\/posts\/73526","targetHints":{"allow":["GET"]}}],"collection":[{"href":"https:\/\/miradordeatarfe.es\/index.php?rest_route=\/wp\/v2\/posts"}],"about":[{"href":"https:\/\/miradordeatarfe.es\/index.php?rest_route=\/wp\/v2\/types\/post"}],"author":[{"embeddable":true,"href":"https:\/\/miradordeatarfe.es\/index.php?rest_route=\/wp\/v2\/users\/1"}],"replies":[{"embeddable":true,"href":"https:\/\/miradordeatarfe.es\/index.php?rest_route=%2Fwp%2Fv2%2Fcomments&post=73526"}],"version-history":[{"count":1,"href":"https:\/\/miradordeatarfe.es\/index.php?rest_route=\/wp\/v2\/posts\/73526\/revisions"}],"predecessor-version":[{"id":73529,"href":"https:\/\/miradordeatarfe.es\/index.php?rest_route=\/wp\/v2\/posts\/73526\/revisions\/73529"}],"wp:featuredmedia":[{"embeddable":true,"href":"https:\/\/miradordeatarfe.es\/index.php?rest_route=\/wp\/v2\/media\/73528"}],"wp:attachment":[{"href":"https:\/\/miradordeatarfe.es\/index.php?rest_route=%2Fwp%2Fv2%2Fmedia&parent=73526"}],"wp:term":[{"taxonomy":"category","embeddable":true,"href":"https:\/\/miradordeatarfe.es\/index.php?rest_route=%2Fwp%2Fv2%2Fcategories&post=73526"},{"taxonomy":"post_tag","embeddable":true,"href":"https:\/\/miradordeatarfe.es\/index.php?rest_route=%2Fwp%2Fv2%2Ftags&post=73526"}],"curies":[{"name":"wp","href":"https:\/\/api.w.org\/{rel}","templated":true}]}}