{"id":73530,"date":"2024-12-22T11:11:00","date_gmt":"2024-12-22T10:11:00","guid":{"rendered":"https:\/\/miradordeatarfe.es\/?p=73530"},"modified":"2024-12-21T15:49:50","modified_gmt":"2024-12-21T14:49:50","slug":"atarfe-al-son-del-tamborilero-por-juan-pinilla","status":"publish","type":"post","link":"https:\/\/miradordeatarfe.es\/?p=73530","title":{"rendered":"ATARFE: \u00abAL SON DEL TAMBORILERO\u00bb POR JUAN PINILLA"},"content":{"rendered":"\n<h1 class=\"wp-block-heading has-medium-font-size\"><strong>Un repaso hist\u00f3rico, po\u00e9tico y musical por la historia del villancico y los cantes navide\u00f1os<\/strong> que ma\u00f1ana se va a desarrollar este domingo en el Centro Cultural Medina Elvira  a las 19h.<\/h1>\n\n\n\n<p><strong>JUAN PINILLA, PEPA MERLO, DAVID CARO Y SERGIO L\u00d3PEZ<\/strong> nos presenta un espect\u00e1culo que  propone un repaso hist\u00f3rico, po\u00e9tico y musical por la historia del villancico y los cantes navide\u00f1os que har\u00e1 las delicias de propios y extra\u00f1os. <\/p>\n\n\n\n<p>Se trata de una creaci\u00f3n original de Pepa Merlo y Juan Pinilla, realizada para la Delegaci\u00f3n de Cultura y Educaci\u00f3n de la Diputaci\u00f3n de Granada, que se desarrolla en torno a la m\u00fasica flamenca y la m\u00fasica popular andaluza, ilustrada con pinceladas sobre la historia, costumbres, tradiciones, versos y cantes que se han empleado hist\u00f3ricamente en las celebraciones propias de estas fiestas.<\/p>\n\n\n\n<p> Al son del tamborilero es una propuesta art\u00edstica con car\u00e1cter did\u00e1ctico que invita a la participaci\u00f3n del p\u00fablico y que combina, de forma amena y armonizada, breves disertaciones, coplas, cantes, guitarra, comp\u00e1s y temas populares, tray\u00e9ndolos a la actualidad a trav\u00e9s del lenguaje musical y la narraci\u00f3n, entre otros aspectos.<\/p>\n\n\n\n<figure class=\"wp-block-image size-large\"><img data-recalc-dims=\"1\" loading=\"lazy\" decoding=\"async\" width=\"640\" height=\"905\" src=\"https:\/\/i0.wp.com\/miradordeatarfe.es\/wp-content\/uploads\/2024\/12\/3-67009x1-kf2fw.webp?resize=640%2C905&#038;ssl=1\" alt=\"\" class=\"wp-image-73531\" srcset=\"https:\/\/i0.wp.com\/miradordeatarfe.es\/wp-content\/uploads\/2024\/12\/3-67009x1-kf2fw.webp?resize=724%2C1024&amp;ssl=1 724w, https:\/\/i0.wp.com\/miradordeatarfe.es\/wp-content\/uploads\/2024\/12\/3-67009x1-kf2fw.webp?resize=212%2C300&amp;ssl=1 212w, https:\/\/i0.wp.com\/miradordeatarfe.es\/wp-content\/uploads\/2024\/12\/3-67009x1-kf2fw.webp?resize=768%2C1087&amp;ssl=1 768w, https:\/\/i0.wp.com\/miradordeatarfe.es\/wp-content\/uploads\/2024\/12\/3-67009x1-kf2fw.webp?w=848&amp;ssl=1 848w\" sizes=\"auto, (max-width: 640px) 100vw, 640px\" \/><\/figure>\n","protected":false},"excerpt":{"rendered":"<p>Un repaso hist\u00f3rico, po\u00e9tico y musical por la historia del villancico y los cantes navide\u00f1os&#8230;<\/p>\n","protected":false},"author":1,"featured_media":73532,"comment_status":"closed","ping_status":"closed","sticky":false,"template":"","format":"standard","meta":{"_coblocks_attr":"","_coblocks_dimensions":"","_coblocks_responsive_height":"","_coblocks_accordion_ie_support":"","jetpack_post_was_ever_published":false,"_jetpack_newsletter_access":"","_jetpack_dont_email_post_to_subs":true,"_jetpack_newsletter_tier_id":0,"_jetpack_memberships_contains_paywalled_content":false,"_jetpack_memberships_contains_paid_content":false,"footnotes":"","jetpack_publicize_message":"","jetpack_publicize_feature_enabled":true,"jetpack_social_post_already_shared":true,"jetpack_social_options":{"image_generator_settings":{"template":"highway","enabled":false},"version":2}},"categories":[12,186,44],"tags":[],"class_list":["post-73530","post","type-post","status-publish","format-standard","has-post-thumbnail","hentry","category-cultura","category-instituciones","category-noticias-de-hoy"],"jetpack_publicize_connections":[],"jetpack_featured_media_url":"https:\/\/i0.wp.com\/miradordeatarfe.es\/wp-content\/uploads\/2024\/12\/images-2.jpeg?fit=364%2C138&ssl=1","jetpack_likes_enabled":true,"jetpack_sharing_enabled":true,"_links":{"self":[{"href":"https:\/\/miradordeatarfe.es\/index.php?rest_route=\/wp\/v2\/posts\/73530","targetHints":{"allow":["GET"]}}],"collection":[{"href":"https:\/\/miradordeatarfe.es\/index.php?rest_route=\/wp\/v2\/posts"}],"about":[{"href":"https:\/\/miradordeatarfe.es\/index.php?rest_route=\/wp\/v2\/types\/post"}],"author":[{"embeddable":true,"href":"https:\/\/miradordeatarfe.es\/index.php?rest_route=\/wp\/v2\/users\/1"}],"replies":[{"embeddable":true,"href":"https:\/\/miradordeatarfe.es\/index.php?rest_route=%2Fwp%2Fv2%2Fcomments&post=73530"}],"version-history":[{"count":1,"href":"https:\/\/miradordeatarfe.es\/index.php?rest_route=\/wp\/v2\/posts\/73530\/revisions"}],"predecessor-version":[{"id":73533,"href":"https:\/\/miradordeatarfe.es\/index.php?rest_route=\/wp\/v2\/posts\/73530\/revisions\/73533"}],"wp:featuredmedia":[{"embeddable":true,"href":"https:\/\/miradordeatarfe.es\/index.php?rest_route=\/wp\/v2\/media\/73532"}],"wp:attachment":[{"href":"https:\/\/miradordeatarfe.es\/index.php?rest_route=%2Fwp%2Fv2%2Fmedia&parent=73530"}],"wp:term":[{"taxonomy":"category","embeddable":true,"href":"https:\/\/miradordeatarfe.es\/index.php?rest_route=%2Fwp%2Fv2%2Fcategories&post=73530"},{"taxonomy":"post_tag","embeddable":true,"href":"https:\/\/miradordeatarfe.es\/index.php?rest_route=%2Fwp%2Fv2%2Ftags&post=73530"}],"curies":[{"name":"wp","href":"https:\/\/api.w.org\/{rel}","templated":true}]}}