{"id":73542,"date":"2024-12-19T09:39:00","date_gmt":"2024-12-19T08:39:00","guid":{"rendered":"https:\/\/miradordeatarfe.es\/?p=73542"},"modified":"2024-12-19T10:14:36","modified_gmt":"2024-12-19T09:14:36","slug":"el-granadino-sergio-de-la-puente-nominado-al-goya-por-la-banda-sonora-de-verano-en-diciembre","status":"publish","type":"post","link":"https:\/\/miradordeatarfe.es\/?p=73542","title":{"rendered":"El granadino Sergio de la Puente, nominado al Goya por la banda sonora de &#8216;Verano en diciembre&#8217;"},"content":{"rendered":"\n<p class=\"has-medium-font-size\"><strong>El granadino consigue su primera nominaci\u00f3n a los premios del cine espa\u00f1ol, y se muestra \u00abemocionado\u00bb por la noticia<\/strong><\/p>\n\n\n\n<p>No se lo esperaba. Tras las nominaciones del d\u00eda anterior a los Premios Carmen, hab\u00eda desconectado de la lectura de nominaciones \u00abpor si no sal\u00eda\u00bb. Pero sali\u00f3. El compositor granadino Sergio de la Puente (1975) ha sido nominado por primera vez en su ya extensa carrera como creador de bandas sonoras por &#8216;Verano en diciembre&#8217;, la \u00f3pera prima de Carolina \u00c1frica protagonizada por Carmen Machi y B\u00e1rbara Lennie, que cuenta la historia de Teresa (Machi), cuyo hogar ser\u00e1 el punto neur\u00e1lgico donde confluir\u00e1n sus hijas y su suegra (Cord\u00f3n), una nonagenaria con demencia senil que vive bajo su cuidado. Las hijas coincidir\u00e1n con su madre y su abuela en una reuni\u00f3n familiar en el hogar para conmemorar el aniversario de la muerte del padre. Las distintas personalidades de las hermanas -la cuidadora, la rebelde, la alocada, la aventurera y a la vez ausente- ser\u00e1n el detonante de m\u00faltiples conflictos, que provocar\u00e1n que las protagonistas choquen entre s\u00ed y lidien a su vez con sus propias frustraciones, miedos y anhelos.<\/p>\n\n\n\n<p>La pel\u00edcula se estren\u00f3 en la Seminci de Valladolid este a\u00f1o, y se estren\u00f3 el pasado 8 de noviembre. Producida por V\u00e9rtigo Films, es la adaptaci\u00f3n de la obra de teatro hom\u00f3nima de la propia directora. El filme tiene ciertas conexiones con &#8216;La casa de Bernarda Alba&#8217;, aunque situado en la actualidad. A medio camino entre la comedia y el drama, cuenta entre sus protagonistas con Antonio Resines, quien hace el papel de un sacerdote que da el punto c\u00f3mico a la cinta. La banda sonora de &#8216;Verano en diciembre&#8217; incluye una versi\u00f3n del tango &#8216;Lejana tierra m\u00eda&#8217; de Gardel, cantada por Asier Etxeand\u00eda, y va con sorpresa, un reguet\u00f3n cantado por &#8216;Travela Vergas&#8217;, titulado &#8216;Traviesa&#8217;. Bajo la voz de esta cantante inexistente se esconde la de Carmencita Calavera, y producido por Conchi Jones, trasunto cachondo del fallecido Quincy Jones que no es otro que el propio De la Puente.<\/p>\n\n\n\n<p>\u00abEsta banda sonora es acorde a la propia pel\u00edcula, \u00edntima, peque\u00f1ita si se quiere usar ese t\u00e9rmino. Cuenta con la m\u00fasica de la banda folk Fet\u00e9n Fet\u00e9n, grandes m\u00fasicos de estudio, con influencias del tango y la m\u00fasica popular, y referencias cl\u00e1sicas, como los &#8216;Six lieder&#8217; de Schumann\u00bb, comenta el autor, feliz por haber alcanzado un estatus dentro de la profesi\u00f3n que hasta ahora, por razones que a nadie se le escapan, se le hab\u00eda negado. Sergio de la Puente est\u00e1 \u00abemocionado\u00bb y es hoy un hombre feliz.<\/p>\n\n\n\n<p class=\"has-medium-font-size\"><a href=\"https:\/\/www.ideal.es\/autor\/jose-antonio-munoz-2730.html\">J<strong>os\u00e9 Antonio Mu\u00f1oz<\/strong><\/a><\/p>\n\n\n\n<p>FOTO: Sergio de la Puente, nominado al Goya. F. P.<\/p>\n\n\n\n<p><a href=\"https:\/\/www.ideal.es\/culturas\/cine\/granadino-sergio-puente-nominado-goya-banda-sonora-20241218124750-nt.html#vtm_modulosEngag=mod-rel:culturas:noticia:1:cmp:1-not\">https:\/\/www.ideal.es\/culturas\/cine\/granadino-sergio-puente-nominado-goya-banda-sonora-20241218124750-nt.html#vtm_modulosEngag=mod-rel:culturas:noticia:1:cmp:1-not<\/a><\/p>\n","protected":false},"excerpt":{"rendered":"<p>El granadino consigue su primera nominaci\u00f3n a los premios del cine espa\u00f1ol, y se muestra&#8230;<\/p>\n","protected":false},"author":1,"featured_media":73543,"comment_status":"closed","ping_status":"closed","sticky":false,"template":"","format":"standard","meta":{"_coblocks_attr":"","_coblocks_dimensions":"","_coblocks_responsive_height":"","_coblocks_accordion_ie_support":"","jetpack_post_was_ever_published":false,"_jetpack_newsletter_access":"","_jetpack_dont_email_post_to_subs":true,"_jetpack_newsletter_tier_id":0,"_jetpack_memberships_contains_paywalled_content":false,"_jetpack_memberships_contains_paid_content":false,"footnotes":"","jetpack_publicize_message":"","jetpack_publicize_feature_enabled":true,"jetpack_social_post_already_shared":false,"jetpack_social_options":{"image_generator_settings":{"template":"highway","enabled":false},"version":2}},"categories":[10781,44,6937],"tags":[],"class_list":["post-73542","post","type-post","status-publish","format-standard","has-post-thumbnail","hentry","category-granada","category-noticias-de-hoy","category-sociedad"],"jetpack_publicize_connections":[],"jetpack_featured_media_url":"https:\/\/i0.wp.com\/miradordeatarfe.es\/wp-content\/uploads\/2024\/12\/SERGIO-kVqH-U230326736411fbG-1200x840%40Ideal.webp?fit=1200%2C840&ssl=1","jetpack_likes_enabled":true,"jetpack_sharing_enabled":true,"_links":{"self":[{"href":"https:\/\/miradordeatarfe.es\/index.php?rest_route=\/wp\/v2\/posts\/73542","targetHints":{"allow":["GET"]}}],"collection":[{"href":"https:\/\/miradordeatarfe.es\/index.php?rest_route=\/wp\/v2\/posts"}],"about":[{"href":"https:\/\/miradordeatarfe.es\/index.php?rest_route=\/wp\/v2\/types\/post"}],"author":[{"embeddable":true,"href":"https:\/\/miradordeatarfe.es\/index.php?rest_route=\/wp\/v2\/users\/1"}],"replies":[{"embeddable":true,"href":"https:\/\/miradordeatarfe.es\/index.php?rest_route=%2Fwp%2Fv2%2Fcomments&post=73542"}],"version-history":[{"count":1,"href":"https:\/\/miradordeatarfe.es\/index.php?rest_route=\/wp\/v2\/posts\/73542\/revisions"}],"predecessor-version":[{"id":73544,"href":"https:\/\/miradordeatarfe.es\/index.php?rest_route=\/wp\/v2\/posts\/73542\/revisions\/73544"}],"wp:featuredmedia":[{"embeddable":true,"href":"https:\/\/miradordeatarfe.es\/index.php?rest_route=\/wp\/v2\/media\/73543"}],"wp:attachment":[{"href":"https:\/\/miradordeatarfe.es\/index.php?rest_route=%2Fwp%2Fv2%2Fmedia&parent=73542"}],"wp:term":[{"taxonomy":"category","embeddable":true,"href":"https:\/\/miradordeatarfe.es\/index.php?rest_route=%2Fwp%2Fv2%2Fcategories&post=73542"},{"taxonomy":"post_tag","embeddable":true,"href":"https:\/\/miradordeatarfe.es\/index.php?rest_route=%2Fwp%2Fv2%2Ftags&post=73542"}],"curies":[{"name":"wp","href":"https:\/\/api.w.org\/{rel}","templated":true}]}}