{"id":73547,"date":"2024-12-20T10:14:00","date_gmt":"2024-12-20T09:14:00","guid":{"rendered":"https:\/\/miradordeatarfe.es\/?p=73547"},"modified":"2024-12-18T13:17:38","modified_gmt":"2024-12-18T12:17:38","slug":"atarfe-participa-en-la-convivencia-de-navidad-de-los-centros-de-participacion-activa","status":"publish","type":"post","link":"https:\/\/miradordeatarfe.es\/?p=73547","title":{"rendered":"ATARFE PARTICIPA EN LA CONVIVENCIA DE NAVIDAD DE LOS CENTROS DE PARTICIPACI\u00d3N ACTIVA"},"content":{"rendered":"\n<p class=\"has-medium-font-size\"><strong>M\u00e1s de 1.200 personas socias y usuarias de los 23 Centros de Participaci\u00f3n Activa (CPA) para personas mayores de la Junta de Andaluc\u00eda han celebrado su tradicional convivencia de Navidad a la que ha asistido la delegada territorial de Inclusi\u00f3n Social, Juventud, Familias e Igualdad en Granada, Matilde Ortiz.<\/strong><\/p>\n\n\n\n<p>Durante la jornada de convivencia, se ha celebrado un almuerzo y se ha mostrado el trabajo realizado por los coros de cada uno de los centros. Tambi\u00e9n se hecho p\u00fablico el fallo de los concursos de tarjetas navide\u00f1as y belenes instalados en los centros y los asistentes bailaron con la m\u00fasica del tr\u00edo Talism\u00e1n.<\/p>\n\n\n\n<p>La delegada ha asegurado que ha sido \u201cun d\u00eda para el encuentro y los afectos entre socios, profesionales, directivos de las juntas de participaci\u00f3n, personal voluntario, autoridades y funcionarios de la Delegaci\u00f3n Territorial de Inclusi\u00f3n Social, Juventud y Familias en Granada\u201d.<\/p>\n\n\n\n<p>En concreto, en la convivencia han participado usuarios de los seis centros de la <strong>capital <\/strong>(Buenos Aires, Zaid\u00edn, San Ildefonso, Plaza Los Campos, La Paz y San Agust\u00edn), del <strong>\u00c1rea Metropolitana<\/strong> (Atarfe, Maracena y Churriana), de la<strong> zona norte <\/strong>de la provincia (Hu\u00e9scar, Castril, C\u00fallar, Baza y Guadix), <strong>Poniente <\/strong>(Alhama, Santa Cruz de Comercio, L\u00e1char, Loja y Montefr\u00edo) y zona <strong>Costa-Alpujarra<\/strong> ( Ugijar, \u00d3rgiva, Motril y Almu\u00f1\u00e9car). En total, los 23 centros tienen 53.704 personas socias, de las cuales 22.960 son hombres y 30.744 mujeres.<\/p>\n\n\n\n<p>En los centros de participaci\u00f3n activa se trabaja por favorecer la integraci\u00f3n social, las relaciones de convivencia y la participaci\u00f3n de las personas mayores; para potenciar la adquisici\u00f3n de habilidades b\u00e1sicas para la autonom\u00eda en la vida cotidiana y capacidades de aprendizaje y desarrollo personal y para prevenir la dependencia, el aislamiento social y la soledad no deseada de las personas mayores. Adem\u00e1s, estos espacios contribuyen al desarrollo de h\u00e1bitos de vida saludable.<\/p>\n\n\n\n<p>Los centros llevan a cabo<strong> numerosas actividades y talleres de distintos \u00e1mbitos y naturaleza<\/strong> (movilidad, habilidades manuales, cognitivas, emocionales, culturales, etc.). Tambi\u00e9n prestan otros servicios como orientaci\u00f3n jur\u00eddica, cafeter\u00eda, comedor, peluquer\u00eda, podolog\u00eda, etc.<\/p>\n\n\n\n<p><a href=\"https:\/\/www.granadahoy.com\/autores\/m-h\/\"><strong>Redacci\u00f3n Granada<\/strong><\/a><\/p>\n\n\n\n<p>FOTO: Aspecto de la convivencia. \/ G. H.<\/p>\n\n\n\n<p><a href=\"https:\/\/www.granadahoy.com\/granada\/1-200-usuarios-centros-participacion_0_2003005167.html\">https:\/\/www.granadahoy.com\/granada\/1-200-usuarios-centros-participacion_0_2003005167.html<\/a><\/p>\n\n\n\n<p><a href=\"https:\/\/www.granadahoy.com\/autores\/m-h\/\"><\/a><\/p>\n\n\n\n<p><a href=\"https:\/\/www.granadahoy.com\/autores\/m-h\/\"><\/a><\/p>\n","protected":false},"excerpt":{"rendered":"<p>M\u00e1s de 1.200 personas socias y usuarias de los 23 Centros de Participaci\u00f3n Activa (CPA)&#8230;<\/p>\n","protected":false},"author":1,"featured_media":73548,"comment_status":"closed","ping_status":"closed","sticky":false,"template":"","format":"standard","meta":{"_coblocks_attr":"","_coblocks_dimensions":"","_coblocks_responsive_height":"","_coblocks_accordion_ie_support":"","jetpack_post_was_ever_published":false,"_jetpack_newsletter_access":"","_jetpack_dont_email_post_to_subs":true,"_jetpack_newsletter_tier_id":0,"_jetpack_memberships_contains_paywalled_content":false,"_jetpack_memberships_contains_paid_content":false,"footnotes":"","jetpack_publicize_message":"","jetpack_publicize_feature_enabled":true,"jetpack_social_post_already_shared":true,"jetpack_social_options":{"image_generator_settings":{"template":"highway","enabled":false},"version":2}},"categories":[1161,186,44],"tags":[],"class_list":["post-73547","post","type-post","status-publish","format-standard","has-post-thumbnail","hentry","category-ciudadania","category-instituciones","category-noticias-de-hoy"],"jetpack_publicize_connections":[],"jetpack_featured_media_url":"https:\/\/i0.wp.com\/miradordeatarfe.es\/wp-content\/uploads\/2024\/12\/9b4fdd4c-c84b-4e63-b0b7-e8c3d342fffd_16-9-aspect-ratio_1200w_0.webp?fit=1200%2C675&ssl=1","jetpack_likes_enabled":true,"jetpack_sharing_enabled":true,"_links":{"self":[{"href":"https:\/\/miradordeatarfe.es\/index.php?rest_route=\/wp\/v2\/posts\/73547","targetHints":{"allow":["GET"]}}],"collection":[{"href":"https:\/\/miradordeatarfe.es\/index.php?rest_route=\/wp\/v2\/posts"}],"about":[{"href":"https:\/\/miradordeatarfe.es\/index.php?rest_route=\/wp\/v2\/types\/post"}],"author":[{"embeddable":true,"href":"https:\/\/miradordeatarfe.es\/index.php?rest_route=\/wp\/v2\/users\/1"}],"replies":[{"embeddable":true,"href":"https:\/\/miradordeatarfe.es\/index.php?rest_route=%2Fwp%2Fv2%2Fcomments&post=73547"}],"version-history":[{"count":1,"href":"https:\/\/miradordeatarfe.es\/index.php?rest_route=\/wp\/v2\/posts\/73547\/revisions"}],"predecessor-version":[{"id":73549,"href":"https:\/\/miradordeatarfe.es\/index.php?rest_route=\/wp\/v2\/posts\/73547\/revisions\/73549"}],"wp:featuredmedia":[{"embeddable":true,"href":"https:\/\/miradordeatarfe.es\/index.php?rest_route=\/wp\/v2\/media\/73548"}],"wp:attachment":[{"href":"https:\/\/miradordeatarfe.es\/index.php?rest_route=%2Fwp%2Fv2%2Fmedia&parent=73547"}],"wp:term":[{"taxonomy":"category","embeddable":true,"href":"https:\/\/miradordeatarfe.es\/index.php?rest_route=%2Fwp%2Fv2%2Fcategories&post=73547"},{"taxonomy":"post_tag","embeddable":true,"href":"https:\/\/miradordeatarfe.es\/index.php?rest_route=%2Fwp%2Fv2%2Ftags&post=73547"}],"curies":[{"name":"wp","href":"https:\/\/api.w.org\/{rel}","templated":true}]}}