{"id":7355,"date":"2016-03-08T09:33:25","date_gmt":"2016-03-08T09:33:25","guid":{"rendered":"http:\/\/miradordeatarfe.es\/?p=7355"},"modified":"2016-03-08T09:33:25","modified_gmt":"2016-03-08T09:33:25","slug":"dia-de-la-mujer-el-doble-riesgo-de-las-refugiadas-y-desplazadas","status":"publish","type":"post","link":"https:\/\/miradordeatarfe.es\/?p=7355","title":{"rendered":"D\u00eda de la mujer: el doble riesgo de las refugiadas y desplazadas"},"content":{"rendered":"<div class=\"articulo-subtitulos\">\n<p class=\"articulo-subtitulo\" style=\"text-align: justify;\">Ellas se enfrentan a la discriminaci\u00f3n de g\u00e9nero y sufren m\u00e1s riesgo de violencia sexual y explotaci\u00f3n<\/p>\n<\/div>\n<p style=\"text-align: justify;\"><!--more--><\/p>\n<div id=\"cuerpo_noticia\" class=\"articulo-cuerpo\" style=\"text-align: justify;\">\n<p><strong>Alrededor de la mitad de las personas desarraigadas en todo el mundo son mujeres y ni\u00f1as,<\/strong> seg\u00fan datos de la ONU. No tienen la protecci\u00f3n de un hogar, de un pa\u00eds, de las autoridades. Muchas veces tampoco cuentan ni siquiera con una estructura familiar. Muchas han tenido que dejar sus casas, sus pueblos y ciudades por la violencia de las guerras, por la persecuci\u00f3n pol\u00edtica o religiosa, por cat\u00e1strofes y eventos naturales. Algunas tienen que huir de su pa\u00eds y se convierten en refugiadas, como las miles de sirias que llegan a Europa o que habitan en asentamientos de Turqu\u00eda o L\u00edbano. Otras se trasladan a otros lugares algo m\u00e1s seguros dentro de sus propias fronteras y pasan a ser desplazadas internas. Todas sufren situaciones de vulnerabilidad. No s\u00f3lo por su condici\u00f3n de refugiadas o desplazadas, sino por cuesti\u00f3n de g\u00e9nero.<\/p>\n<p style=\"text-align: justify;\">El 8 de marzo se conmemora el D\u00eda Internacional de la Mujer. Un d\u00eda para recordar todo lo que queda por luchar para alcanzar la igualdad real. <strong>Una meta que no se ha logrado en ning\u00fan pa\u00eds del mundo.<\/strong> <em>La discriminaci\u00f3n por razones de g\u00e9nero es una realidad. La violencia de g\u00e9nero sigue siendo una lacra que no termina, la brecha salarial una realidad que apenas sufre variaciones y ellas, aunque con m\u00e1s educaci\u00f3n formal, siguen ocupando en menor medida los puestos directivos. Adem\u00e1s, las mujeres siguen siendo las encargadas mayoritariamente de los cuidados de ni\u00f1os, ancianos y dependientes. Desigualdades, eso s\u00ed, del mundo desarrollado y libre de conflictos.<\/em><\/p>\n<p style=\"text-align: justify;\">A todos estos problemas, l<strong>as refugiadas y desplazadas suman otras formas de discriminaci\u00f3n: la discriminaci\u00f3n, las tradiciones del patriarcado, un alto grado de violencia \u2014tambi\u00e9n sexual\u2014, el estigma y tambi\u00e9n la explotaci\u00f3n laboral.<\/strong> EL PA\u00cdS les dedica este a\u00f1o parte de su especial del D\u00eda de la Mujer y quiere contar sus historias. Sus desaf\u00edos.<\/p>\n<p style=\"text-align: justify;\">Las mujeres y ni\u00f1as migrantes y refugiadas se enfrentan a amenazas durante el viaje de huida. Unos riesgos que tampoco acaban cuando llegan al lugar que esperaban seguro. Las organizaciones que trabajan sobre el terreno alertan de que las refugiadas, desplazadas y migrantes sufren violencia, agresiones, explotaci\u00f3n y acoso sexual en todas las etapas de su viaje, tambi\u00e9n dentro del territorio europeo. Amnist\u00eda Internacional detalla en uno de sus \u00faltimos informes especializados que los traficantes de personas eligen a las mujeres que viajan solas sabiendo que son m\u00e1s vulnerables. \u00abCuando no tienen recursos econ\u00f3micos para pagar su viaje, a menudo intentan coaccionarlas para que tengan relaciones sexuales con ellos\u00bb, explican.<\/p>\n<p style=\"text-align: justify;\">Adem\u00e1s, muchas sufren ataques en los centros donde se resguardan o en los asentamientos donde tratan de subsistir. Las situaciones de hacinamiento y falta de intimidad incrementan el riesgo a sufrir abusos. En la mayor\u00eda no hay cerrojos en las puertas y las letrinas e instalaciones para dormir son comunes para hombres y mujeres. La falta de iluminaci\u00f3n tambi\u00e9n contribuye a la inseguridad, y las propias mujeres cuentan que si salen cuando est\u00e1 oscuro, se arriesgan a ser agredidas.<\/p>\n<p><strong>M\u00e1s de 26 millones de mujeres y adolescentes necesitan asistencia humanitaria en todo el mundo.<\/strong> La ONU calcula que esta cifra representa a uno de cada cuatro solicitantes de asilo. Sin embargo, apenas hay atenci\u00f3n especializada para ellas. La falta de atenci\u00f3n obst\u00e9trica y neonatal, los suministros para partos sin riesgos, la anticoncepci\u00f3n \u2014tambi\u00e9n de emergencia\u2014, la prestaci\u00f3n de retrovirales o la atenci\u00f3n para quienes han sufrido violencia sexual escasean. La Agencia de la ONU para la Poblaci\u00f3n y Desarrollo (UNFPA) estima que s\u00f3lo el 5% de la ayuda humanitaria se destina a la salud sexual y reproductiva, una necesidad b\u00e1sica para mujeres y ni\u00f1as.<\/p>\n<\/div>\n<aside id=\"compartir_superior\" class=\"compartir\">\n<div class=\"compartir__interior\">\n<h3><a title=\"Ver noticia\" href=\"http:\/\/elpais.com\/internacional\/2016\/03\/07\/actualidad\/1457344734_236589.html\">Iman Maatoa, casi tres a\u00f1os presa en su refugio<\/a><\/h3>\n<\/div>\n<\/aside>\n<h1><a title=\"Ver noticia\" href=\"http:\/\/elpais.com\/internacional\/2016\/03\/05\/actualidad\/1457202417_812228.html\">Somayeh Zarifie, en espera de una nueva vida en Alemania<\/a><\/h1>\n<h3 class=\"compartir__interior\" style=\"text-align: justify;\"><a title=\"Ver noticia\" href=\"http:\/\/elpais.com\/internacional\/2016\/03\/04\/actualidad\/1457102744_589151.html\">Cholou Aleyrom: \u201cMe gustar\u00eda ir a la escuela como iba antes\u201d<\/a><\/h3>\n<h1><a title=\"Ver noticia\" href=\"http:\/\/elpais.com\/elpais\/2016\/03\/05\/planeta_futuro\/1457184056_127656.html\">Kadidiatou: \u201cLos rebeldes entraron en mi pueblo y me secuestraron\u201d<\/a><\/h1>\n<h2><a title=\"Ver noticia\" href=\"http:\/\/elpais.com\/internacional\/2016\/03\/07\/actualidad\/1457352856_487006.html\">La vulnerabilidad de las mujeres refugiadas y migrantes<\/a><\/h2>\n<h2><a title=\"Ver noticia\" href=\"http:\/\/elpais.com\/internacional\/2016\/02\/02\/actualidad\/1454414919_513412.html\">La doble condena de las sirias en L\u00edbano: refugiadas y acosada<\/a><\/h2>\n<h2><a title=\"Ver noticia\" href=\"http:\/\/elpais.com\/elpais\/2016\/03\/06\/album\/1457280375_279067.html\">La lucha, en femenino<\/a><\/h2>\n","protected":false},"excerpt":{"rendered":"<p>Ellas se enfrentan a la discriminaci\u00f3n de g\u00e9nero y sufren m\u00e1s riesgo de violencia sexual&#8230;<\/p>\n","protected":false},"author":1,"featured_media":7356,"comment_status":"closed","ping_status":"closed","sticky":false,"template":"","format":"standard","meta":{"_coblocks_attr":"","_coblocks_dimensions":"","_coblocks_responsive_height":"","_coblocks_accordion_ie_support":"","jetpack_post_was_ever_published":false,"_jetpack_newsletter_access":"","_jetpack_dont_email_post_to_subs":false,"_jetpack_newsletter_tier_id":0,"_jetpack_memberships_contains_paywalled_content":false,"_jetpack_memberships_contains_paid_content":false,"footnotes":"","jetpack_publicize_message":"","jetpack_publicize_feature_enabled":true,"jetpack_social_post_already_shared":false,"jetpack_social_options":{"image_generator_settings":{"template":"highway","default_image_id":0,"enabled":false},"version":2}},"categories":[1161,186,44,15],"tags":[],"class_list":["post-7355","post","type-post","status-publish","format-standard","has-post-thumbnail","hentry","category-ciudadania","category-instituciones","category-noticias-de-hoy","category-ultimas-noticias"],"jetpack_publicize_connections":[],"jetpack_featured_media_url":"https:\/\/i0.wp.com\/miradordeatarfe.es\/wp-content\/uploads\/2016\/03\/1457280375_279067_1457281917_portadilla_normal.jpg?fit=418%2C252&ssl=1","jetpack_likes_enabled":true,"jetpack_sharing_enabled":true,"_links":{"self":[{"href":"https:\/\/miradordeatarfe.es\/index.php?rest_route=\/wp\/v2\/posts\/7355","targetHints":{"allow":["GET"]}}],"collection":[{"href":"https:\/\/miradordeatarfe.es\/index.php?rest_route=\/wp\/v2\/posts"}],"about":[{"href":"https:\/\/miradordeatarfe.es\/index.php?rest_route=\/wp\/v2\/types\/post"}],"author":[{"embeddable":true,"href":"https:\/\/miradordeatarfe.es\/index.php?rest_route=\/wp\/v2\/users\/1"}],"replies":[{"embeddable":true,"href":"https:\/\/miradordeatarfe.es\/index.php?rest_route=%2Fwp%2Fv2%2Fcomments&post=7355"}],"version-history":[{"count":1,"href":"https:\/\/miradordeatarfe.es\/index.php?rest_route=\/wp\/v2\/posts\/7355\/revisions"}],"predecessor-version":[{"id":7357,"href":"https:\/\/miradordeatarfe.es\/index.php?rest_route=\/wp\/v2\/posts\/7355\/revisions\/7357"}],"wp:featuredmedia":[{"embeddable":true,"href":"https:\/\/miradordeatarfe.es\/index.php?rest_route=\/wp\/v2\/media\/7356"}],"wp:attachment":[{"href":"https:\/\/miradordeatarfe.es\/index.php?rest_route=%2Fwp%2Fv2%2Fmedia&parent=7355"}],"wp:term":[{"taxonomy":"category","embeddable":true,"href":"https:\/\/miradordeatarfe.es\/index.php?rest_route=%2Fwp%2Fv2%2Fcategories&post=7355"},{"taxonomy":"post_tag","embeddable":true,"href":"https:\/\/miradordeatarfe.es\/index.php?rest_route=%2Fwp%2Fv2%2Ftags&post=7355"}],"curies":[{"name":"wp","href":"https:\/\/api.w.org\/{rel}","templated":true}]}}