{"id":73550,"date":"2024-12-20T10:22:00","date_gmt":"2024-12-20T09:22:00","guid":{"rendered":"https:\/\/miradordeatarfe.es\/?p=73550"},"modified":"2024-12-18T13:29:16","modified_gmt":"2024-12-18T12:29:16","slug":"duenos-de-tierras-de-la-vega-piden-a-los-ayuntamientos-que-no-otorguen-licencia-de-obras","status":"publish","type":"post","link":"https:\/\/miradordeatarfe.es\/?p=73550","title":{"rendered":"Due\u00f1os de tierras de la Vega piden a los ayuntamientos ( de Santa Fe, Atarfe y Pinos Puente) que no otorguen licencia de obras"},"content":{"rendered":"\n<p class=\"has-medium-font-size\"><strong>Due\u00f1os de tierras de la Vega afectadas por la l\u00ednea de evacuaci\u00f3n de la megaplanta fotovoltaica de Santa Fe piden a los ayuntamientos  que no otorguen licencia de obras<\/strong>, <strong>Estiman que los municipios tienen argumentos jur\u00eddicos suficientes para no concederla tras el recurso presentado a la autorizaci\u00f3n de la Junta.<\/strong><\/p>\n\n\n\n<p>La Asocici\u00f3n para la Defesna del Paisaje y la Cultura de la Vega del Genil, Adepa, compuesta por m\u00e1s de cien agricultores de la Vega en los t\u00e9rminos municipales de<strong> Santa Fe, Atarfe y Pinos Puen<\/strong>te, han solicitado a sus ayuntamientos que no otorguen la licencia municipal de obras para construir la l\u00ednea el\u00e9ctrica de la megaplanta fotovoltaica de Ence en Santa Fe, \u00abque atraviesa terrenos, en su gran mayor\u00eda sembrados de alamedas\u00bb, seg\u00fan indica en una nota de prensa.<\/p>\n\n\n\n<p>La Junta de Andaluc\u00eda concedi\u00f3 el pasado 20 de septiembre autorizaci\u00f3n administrativa para la construcci\u00f3n de la l\u00ednea de alta tensi\u00f3n, acto que ha sido recurrido en alzada ante la Consejer\u00eda competente y que se encuentra pendiente de resoluci\u00f3n. Recientemente, la Junta ha emitido la declaraci\u00f3n de utilidad p\u00fablica para la planta Ence Atarfe I y su l\u00ednea de evacuaci\u00f3n.<\/p>\n\n\n\n<p>No obstante, los propietarios de estas tierras pretenden adelantarse a la previsible solicitud de la licencia municipal por parte de la empresa promotora Ence y piden a los ayuntamientos competentes que se amparen en los argumentos jur\u00eddicos esgrimidos en el recurso de alzada para oponerse a la licencia.<\/p>\n\n\n\n<h4 class=\"wp-block-heading\">\u00abDefectos en su tramitaci\u00f3n\u00bb<\/h4>\n\n\n\n<p>Seg\u00fan el escrito presentado en las oficinas municipales, la tramitaci\u00f3n administrativa, que se alarga ya mas de 3 a\u00f1os en la Junta de Andaluc\u00eda, \u00abadolece de defectos en su tramitaci\u00f3n que le hacen merecedora de una m\u00e1s que previsible&nbsp; nulidad\u00bb, si la misma llega a los tribunales de justicia. Dichos propietarios piden a los ayuntamientos que tomen en consideraci\u00f3n los mismos argumentos jur\u00eddicos planteados ante la Consejer\u00eda en el recurso de alzada mencionado, cuyo contenido recuerdan:<\/p>\n\n\n\n<ul class=\"wp-block-list\">\n<li>Divisi\u00f3n de un proyecto en tres, para esquivar la tramitaci\u00f3n administrativa en la Administraci\u00f3n central, \u00ablo que implica fraude de ley\u00bb.<\/li>\n\n\n\n<li>Ausencia de informe de la Administraci\u00f3n del Estado sobre la l\u00ednea de evacuaci\u00f3n.&nbsp;<\/li>\n\n\n\n<li>Falta de notificaci\u00f3n personal a los afectados, a pesar de conocer la Administraci\u00f3n auton\u00f3mica la titularidad de los bienes a expropiar.&nbsp;<\/li>\n\n\n\n<li>No existe en el expediente informe sectorial de Navegaci\u00f3n A\u00e9rea, ni de Defensa, ni informe de reflectividad de los campos de paneles fotovoltaicos a instalar.&nbsp;<\/li>\n\n\n\n<li>La distancia de los parques fotovoltaicos a las zonas de espacios protegidos es insuficiente.&nbsp;<\/li>\n\n\n\n<li>La posible caducidad en la fecha de la obtenci\u00f3n de la declaraci\u00f3n de impacto ambiental (17\/11\/23), que anular\u00eda todo el proceso.&nbsp;<\/li>\n\n\n\n<li>La tramitaci\u00f3n de un proyecto de actuaci\u00f3n urban\u00edstica, exigido en suelo no&nbsp; urbanizable, a ra\u00edz de la interpretaci\u00f3n de la normativa LISTA que hace el TC en sentencia de 13 de febrero pasado (STC 25\/2024).&nbsp;<\/li>\n<\/ul>\n\n\n\n<p>Los afectados entienden que existe base suficiente para que un acto reglado como es la licencia municipal de obras se limite y se paralice de manera cautelar ante estos argumentos. Se hace especial hincapi\u00e9 en la posible caducidad de la declaraci\u00f3n de impacto ambiental, obtenida en noviembre de 2023, cuando el plazo venci\u00f3 en agosto del mismo a\u00f1o, o en la falta de tramitaci\u00f3n municipal de un proyecto de actuaci\u00f3n urban\u00edstica, exigido en suelo no urbanizable, a ra\u00edz de la interpretaci\u00f3n de la LISTA que hace el Tribunal Constitucional en sentencia de l13 de febrero pasado (STC 25\/2024).<\/p>\n\n\n\n<p><strong>IndeGranada<\/strong><\/p>\n\n\n\n<p>Megaplanta fotovoltaica prevista, en rojo, entre la Dehesa de Santa Fe y la ZEPA de La Malah\u00e1.<\/p>\n\n\n\n<p>http:\/\/www.elindependientedegranada.es\/economia\/duenos-tierras-vega-afectadas-linea-evacuacion-megaplanta-fotovoltaica-santa-fe-piden<\/p>\n","protected":false},"excerpt":{"rendered":"<p>Due\u00f1os de tierras de la Vega afectadas por la l\u00ednea de evacuaci\u00f3n de la megaplanta&#8230;<\/p>\n","protected":false},"author":1,"featured_media":73551,"comment_status":"closed","ping_status":"closed","sticky":false,"template":"","format":"standard","meta":{"_coblocks_attr":"","_coblocks_dimensions":"","_coblocks_responsive_height":"","_coblocks_accordion_ie_support":"","jetpack_post_was_ever_published":false,"_jetpack_newsletter_access":"","_jetpack_dont_email_post_to_subs":true,"_jetpack_newsletter_tier_id":0,"_jetpack_memberships_contains_paywalled_content":false,"_jetpack_memberships_contains_paid_content":false,"footnotes":"","jetpack_publicize_message":"","jetpack_publicize_feature_enabled":true,"jetpack_social_post_already_shared":true,"jetpack_social_options":{"image_generator_settings":{"template":"highway","enabled":false},"version":2}},"categories":[6916,186,9,44],"tags":[],"class_list":["post-73550","post","type-post","status-publish","format-standard","has-post-thumbnail","hentry","category-ayuntamiento-de-atarfe","category-instituciones","category-medio-ambiente","category-noticias-de-hoy"],"jetpack_publicize_connections":[],"jetpack_featured_media_url":"https:\/\/i0.wp.com\/miradordeatarfe.es\/wp-content\/uploads\/2024\/12\/mapa_ence_bueno_1_3.jpg?fit=750%2C531&ssl=1","jetpack_likes_enabled":true,"jetpack_sharing_enabled":true,"_links":{"self":[{"href":"https:\/\/miradordeatarfe.es\/index.php?rest_route=\/wp\/v2\/posts\/73550","targetHints":{"allow":["GET"]}}],"collection":[{"href":"https:\/\/miradordeatarfe.es\/index.php?rest_route=\/wp\/v2\/posts"}],"about":[{"href":"https:\/\/miradordeatarfe.es\/index.php?rest_route=\/wp\/v2\/types\/post"}],"author":[{"embeddable":true,"href":"https:\/\/miradordeatarfe.es\/index.php?rest_route=\/wp\/v2\/users\/1"}],"replies":[{"embeddable":true,"href":"https:\/\/miradordeatarfe.es\/index.php?rest_route=%2Fwp%2Fv2%2Fcomments&post=73550"}],"version-history":[{"count":2,"href":"https:\/\/miradordeatarfe.es\/index.php?rest_route=\/wp\/v2\/posts\/73550\/revisions"}],"predecessor-version":[{"id":73553,"href":"https:\/\/miradordeatarfe.es\/index.php?rest_route=\/wp\/v2\/posts\/73550\/revisions\/73553"}],"wp:featuredmedia":[{"embeddable":true,"href":"https:\/\/miradordeatarfe.es\/index.php?rest_route=\/wp\/v2\/media\/73551"}],"wp:attachment":[{"href":"https:\/\/miradordeatarfe.es\/index.php?rest_route=%2Fwp%2Fv2%2Fmedia&parent=73550"}],"wp:term":[{"taxonomy":"category","embeddable":true,"href":"https:\/\/miradordeatarfe.es\/index.php?rest_route=%2Fwp%2Fv2%2Fcategories&post=73550"},{"taxonomy":"post_tag","embeddable":true,"href":"https:\/\/miradordeatarfe.es\/index.php?rest_route=%2Fwp%2Fv2%2Ftags&post=73550"}],"curies":[{"name":"wp","href":"https:\/\/api.w.org\/{rel}","templated":true}]}}