{"id":73557,"date":"2024-12-19T10:00:00","date_gmt":"2024-12-19T09:00:00","guid":{"rendered":"https:\/\/miradordeatarfe.es\/?p=73557"},"modified":"2024-12-19T10:14:48","modified_gmt":"2024-12-19T09:14:48","slug":"cuando-marisa-paredes-descubrio-el-mar","status":"publish","type":"post","link":"https:\/\/miradordeatarfe.es\/?p=73557","title":{"rendered":"Cuando Marisa Paredes descubri\u00f3 el mar"},"content":{"rendered":"\n<h2 class=\"wp-block-heading\">Con su elegante porte y su fabulosa voz, irradiaba esa personalidad independiente y extraordinaria de las grandes de su oficio. Tan altiva como cari\u00f1osa, le bastaba un gesto para dominar la escena<\/h2>\n\n\n\n<p>Cuando la primavera pasada entrevist\u00e9 <a href=\"https:\/\/elpais.com\/cultura\/2024-12-17\/muere-la-actriz-marisa-paredes-a-los-78-anos.html\" target=\"_blank\" rel=\"noreferrer noopener\">a Marisa Paredes<\/a> para el proyecto <em>Memoria colectiva del cine espa\u00f1ol,<\/em> un archivo vivo reci\u00e9n impulsado por la Academia de Cine, le pregunt\u00e9 si sab\u00eda que su fecha de nacimiento, el 3 de abril, coincid\u00eda con la de<a href=\"https:\/\/elpais.com\/noticias\/marlon-brando\/\" target=\"_blank\" rel=\"noreferrer noopener\"> Marlon Brando. <\/a>Paredes, que obviamente lo sab\u00eda y entendi\u00f3 el cumplido, dio uno de esos golpes de melena tan suyos y sonri\u00f3 con la dulzura que amortiguaba la fiereza de sus ojos claros. Lo que sigui\u00f3 aquella tarde fue el relato fascinante de una vida igual de fascinante. La actriz interpret\u00f3 el despertar de su vocaci\u00f3n (\u201c\u00a1Mi vocaci\u00f3n naci\u00f3 conmigo!\u201d) d\u00e1ndole voz, como en una peque\u00f1a pieza de c\u00e1mara, a su padre, Lucio, y a su madre, Petra, cuando les anunci\u00f3 que, les gustara o no, el escenario era su destino. Paredes evoc\u00f3 sus inicios a lo Eva Harrington y la importancia de su barrio \u2014\u201cYo nac\u00ed en el barrio de las Musas\u201d\u2014 en su forja.M\u00e1s informaci\u00f3n<\/p>\n\n\n\n<p>Marisa Paredes descubri\u00f3 el mar y la vida gracias al teatro y esa deuda no la olvid\u00f3 nunca. El cine, sin embargo, se le resisti\u00f3 hasta los a\u00f1os ochenta. Aunque particip\u00f3 en <em>El mundo sigue<\/em> (1960), de Fernando Fern\u00e1n-G\u00f3mez \u2014uno de los grandes c\u00f3mplices de su juventud\u2014, su carrera no despeg\u00f3 hasta dos d\u00e9cadas despu\u00e9s. La confianza le lleg\u00f3 con <em>Tras el cristal<\/em> (1986), de Agust\u00ed Villaronga, y el \u00e9xito internacional con <a href=\"https:\/\/elpais.com\/noticias\/pedro-almodovar\/\" target=\"_blank\" rel=\"noreferrer noopener\">Pedro Almod\u00f3var.<\/a> Gran amante del teatro, este \u00faltimo la descubri\u00f3 a principios de los ochenta interpretando <em>Mot\u00edn de brujas <\/em>en el Mar\u00eda Guerrero, bajo la direcci\u00f3n de Josefina Molina y junto a Carmen Maura y Julieta Serrano. Su primera colaboraci\u00f3n fue la sor Esti\u00e9rcol de<em> Entre tinieblas <\/em>(1983) y pese a la fama que le supuso <em>Tacones lejanos<\/em> (1991), de todas sus pel\u00edculas con el cineasta, la actriz siempre guard\u00f3 un afecto especial por <em>La flor de mi secreto<\/em> (1995). A Paredes le encantaba comprobar c\u00f3mo pasaban los a\u00f1os y el p\u00fablico m\u00e1s joven se sab\u00eda los di\u00e1logos de memoria: \u201c\u00a1Ay, qu\u00e9 pena, hija m\u00eda! \u00a1Tan joven y ya est\u00e1s como vaca sin cencerro!\u201d, le dec\u00eda su madre (Chus Lampreave) o \u201c\u00a1Ay, Betty, excepto beber, qu\u00e9 dif\u00edcil me resulta todo!\u201d, se lamentaba ella ante su amiga Carmen El\u00edas. Curiosamente, en <em>Todo sobre mi madre<\/em> (1999), Paredes era Huma Rojo, una diva del teatro que interpreta a Blanche DuBois en <em>Un tranv\u00eda llamado deseo, <\/em>la obra que catapult\u00f3 a Brando<em>. <\/em>De alguna manera, Almod\u00f3var siempre encontr\u00f3 en ella una extensi\u00f3n de sus mitos de Hollywood.<\/p>\n\n\n\n<figure class=\"wp-block-image\"><img data-recalc-dims=\"1\" decoding=\"async\" src=\"https:\/\/i0.wp.com\/imagenes.elpais.com\/resizer\/v2\/26FBFNMPC27ICB774FMLAVDGQQ.jpg?w=640&#038;ssl=1\" alt=\"Marisa Paredes, en 'La flor de mi secreto'.\"\/><figcaption class=\"wp-element-caption\">Marisa Paredes, en &#8216;La flor de mi secreto&#8217;.<\/figcaption><\/figure>\n\n\n\n<p>La \u00faltima vez que vi a Marisa Paredes fue comprando, precisamente, flores a apenas un par de metros de su casa. Entr\u00f3 en la florister\u00eda para encargar un ramo sencillo, y todos los que est\u00e1bamos dentro nos paramos al instante. Con su elegante porte y su fabulosa voz, irradiaba esa personalidad independiente y extraordinaria de las grandes de su oficio. Tan altiva como cari\u00f1osa, le bastaba un gesto para dominar la escena. Aquel d\u00eda, salud\u00f3 amablemente a todo el mundo, pero el gui\u00f1o se lo dedic\u00f3 a los m\u00e1s j\u00f3venes, mi hija y Elliot, el encantador encargado de la florister\u00eda. Cuando se fue, todos nos miramos y expresamos en voz alta nuestra admiraci\u00f3n por una mujer que sab\u00eda ser divina de una forma que ya nadie sabe serlo.<\/p>\n\n\n\n<p>Paredes siempre nombraba a su abuela y a su madre, su \u201c\u00e1ngel de la guarda\u201d, a sus viejas amigas y a su \u00fanica hija, <a href=\"https:\/\/elpais.com\/noticias\/maria-isasi\/#?rel=arch\" target=\"_blank\" rel=\"noreferrer noopener\">Mar\u00eda Isasi,<\/a> a quien fue a ver al teatro un d\u00eda antes de su muerte. La crio con las tres cosas que consideraba fundamentales en la vida, libertad, educaci\u00f3n y cultura: \u201cPorque todo cambia menos <em>El Quijote, Hamlet,<\/em> Lorca o Picasso. El arte es lo \u00fanico que permanece\u201d.<\/p>\n\n\n\n<p><a href=\"https:\/\/elpais.com\/autor\/elsa-fernandez-santos\/#?rel=author_top\"><strong>Elsa Fern\u00e1ndez-Santos<\/strong><\/a><\/p>\n\n\n\n<p>FOTO: Imagen de \u2018Todo sobre mi madre\u2019 de Pedro Almod\u00f3var, en la que Paredes encarnaba a una diva del teatro, Huma Rojo.El Deseo. (\u00a9Sony Pictures\/Everett Collecti<\/p>\n\n\n\n<p><a href=\"https:\/\/elpais.com\/cultura\/2024-12-18\/cuando-marisa-paredes-descubrio-el-mar.html\">https:\/\/elpais.com\/cultura\/2024-12-18\/cuando-marisa-paredes-descubrio-el-mar.html<\/a><\/p>\n","protected":false},"excerpt":{"rendered":"<p>Con su elegante porte y su fabulosa voz, irradiaba esa personalidad independiente y extraordinaria de&#8230;<\/p>\n","protected":false},"author":1,"featured_media":73558,"comment_status":"closed","ping_status":"closed","sticky":false,"template":"","format":"standard","meta":{"_coblocks_attr":"","_coblocks_dimensions":"","_coblocks_responsive_height":"","_coblocks_accordion_ie_support":"","jetpack_post_was_ever_published":false,"_jetpack_newsletter_access":"","_jetpack_dont_email_post_to_subs":true,"_jetpack_newsletter_tier_id":0,"_jetpack_memberships_contains_paywalled_content":false,"_jetpack_memberships_contains_paid_content":false,"footnotes":"","jetpack_publicize_message":"","jetpack_publicize_feature_enabled":true,"jetpack_social_post_already_shared":false,"jetpack_social_options":{"image_generator_settings":{"template":"highway","enabled":false},"version":2}},"categories":[1161,44,6937],"tags":[],"class_list":["post-73557","post","type-post","status-publish","format-standard","has-post-thumbnail","hentry","category-ciudadania","category-noticias-de-hoy","category-sociedad"],"jetpack_publicize_connections":[],"jetpack_featured_media_url":"https:\/\/i0.wp.com\/miradordeatarfe.es\/wp-content\/uploads\/2024\/12\/Screenshot-2024-12-18-at-13-48-33-Cuando-Marisa-Paredes-descubrio-el-mar-Cultura-EL-PAIS.png?fit=327%2C300&ssl=1","jetpack_likes_enabled":true,"jetpack_sharing_enabled":true,"_links":{"self":[{"href":"https:\/\/miradordeatarfe.es\/index.php?rest_route=\/wp\/v2\/posts\/73557","targetHints":{"allow":["GET"]}}],"collection":[{"href":"https:\/\/miradordeatarfe.es\/index.php?rest_route=\/wp\/v2\/posts"}],"about":[{"href":"https:\/\/miradordeatarfe.es\/index.php?rest_route=\/wp\/v2\/types\/post"}],"author":[{"embeddable":true,"href":"https:\/\/miradordeatarfe.es\/index.php?rest_route=\/wp\/v2\/users\/1"}],"replies":[{"embeddable":true,"href":"https:\/\/miradordeatarfe.es\/index.php?rest_route=%2Fwp%2Fv2%2Fcomments&post=73557"}],"version-history":[{"count":1,"href":"https:\/\/miradordeatarfe.es\/index.php?rest_route=\/wp\/v2\/posts\/73557\/revisions"}],"predecessor-version":[{"id":73559,"href":"https:\/\/miradordeatarfe.es\/index.php?rest_route=\/wp\/v2\/posts\/73557\/revisions\/73559"}],"wp:featuredmedia":[{"embeddable":true,"href":"https:\/\/miradordeatarfe.es\/index.php?rest_route=\/wp\/v2\/media\/73558"}],"wp:attachment":[{"href":"https:\/\/miradordeatarfe.es\/index.php?rest_route=%2Fwp%2Fv2%2Fmedia&parent=73557"}],"wp:term":[{"taxonomy":"category","embeddable":true,"href":"https:\/\/miradordeatarfe.es\/index.php?rest_route=%2Fwp%2Fv2%2Fcategories&post=73557"},{"taxonomy":"post_tag","embeddable":true,"href":"https:\/\/miradordeatarfe.es\/index.php?rest_route=%2Fwp%2Fv2%2Ftags&post=73557"}],"curies":[{"name":"wp","href":"https:\/\/api.w.org\/{rel}","templated":true}]}}