{"id":73560,"date":"2024-12-25T09:53:00","date_gmt":"2024-12-25T08:53:00","guid":{"rendered":"https:\/\/miradordeatarfe.es\/?p=73560"},"modified":"2024-12-18T13:58:46","modified_gmt":"2024-12-18T12:58:46","slug":"los-mejores-comics-de-2024","status":"publish","type":"post","link":"https:\/\/miradordeatarfe.es\/?p=73560","title":{"rendered":"Los mejores c\u00f3mics de 2024"},"content":{"rendered":"\n<h2 class=\"wp-block-heading\">De la innovaci\u00f3n formal de Olivier Schrauwen a la radicalidad gr\u00e1fica de Martin Panchaud, el a\u00f1o ha dejado grandes descubrimientos en forma de vi\u00f1etas<\/h2>\n\n\n\n<p>Siempre resulta dif\u00edcil se\u00f1alar las mejores obras publicadas durante un a\u00f1o: cualquier lista es incompleta por su propia naturaleza, pero debe entenderse no como un canon, sino como una sugerencia de descubrimientos. Como la sorpresa que produjo <a href=\"https:\/\/elpais.com\/babelia\/2024-03-29\/domingo-flamenco-la-intrincada-naturaleza-cuantica-del-tedio-dominical.html\" target=\"_blank\" rel=\"noreferrer noopener\"><em>Domingo flamenco<\/em>, de Olivier Schrauwen<\/a> (Fulgencio Pimentel), que refleja en vi\u00f1etas ese hilo de conciencia que Joyce plasma en su <em>Ulises<\/em>, reescrito ahora desde el tedio dominical que impregna cada acci\u00f3n desarrollada en un d\u00eda en la vida de su protagonista. La innovaci\u00f3n formal permite descubrir un reguero de tramas para seguir y disfrutar en cada detalle de ese aburrimiento cotidiano, reconvertido en un fest\u00edn de narrativa visual. Experimentaci\u00f3n en la forma de contar historias que resulta clave en <a href=\"https:\/\/elpais.com\/babelia\/2024-01-26\/el-color-de-las-cosas-de-martin-panchaud-un-comic-de-originalidad-radical-en-el-que-los-personajes-son-circulos-cromaticos.html\" target=\"_blank\" rel=\"noreferrer noopener\"><em>El color de las cosas<\/em>, de Mart\u00edn Panchaud<\/a> (Reservoir Books), que parte de la estructura can\u00f3nica del <em>thriller <\/em>y la <em>road movie<\/em> con tintes de denuncia social para dinamitarlos a trav\u00e9s de una radicalidad gr\u00e1fica que toma elementos de la diagram\u00e1tica, la infograf\u00eda o los videojuegos de 8 bits para componer una propuesta rompedora para el lector.<\/p>\n\n\n\n<p>Sin embargo, no es necesario recorrer caminos inexplorados: la edici\u00f3n por fin en Espa\u00f1a de la obra de Yamada Murasaki, referente del manga del siglo XX, nos recuerda que la discreta narraci\u00f3n de <a href=\"https:\/\/elpais.com\/babelia\/2024-10-25\/los-mejores-comics-de-octubre-las-narraciones-de-una-sirena-en-un-vaso-el-autor-de-godot-y-el-negocio-de-la-inmigracion.html\" target=\"_blank\" rel=\"noreferrer noopener\"><em>Una mujer de espaldas<\/em><\/a> (Salamandra Graphic) constituye una poderosa herramienta de renovadora fuerza tem\u00e1tica desde la introducci\u00f3n de la perspectiva feminista. Una mirada que comparte con <em>Ma\u00f1ana ser\u00e1 otro d\u00eda<\/em> (Reservoir Books), donde la coreana <a href=\"https:\/\/elpais.com\/cultura\/2023-03-18\/la-autora-de-uno-de-los-mejores-comics-de-2022-vuelve-con-una-historia-de-familias-separadas-por-la-guerra-de-corea.html\" target=\"_blank\" rel=\"noreferrer noopener\">Keum Suk Gendry-Kim<\/a> aborda la construcci\u00f3n de la maternidad y la familia como \u00fanico destino posible de las mujeres en la sociedad, en un retrato que rompe fronteras para mostrar c\u00f3mo la presi\u00f3n social sobre la ausencia de hijos es universal. Ha sido el a\u00f1o de la esperad\u00edsima segunda parte de <em>Lo que m\u00e1s me gusta son los monstruos<\/em> (Reservoir Books), con la que <a href=\"https:\/\/elpais.com\/cultura\/2024-04-16\/emil-ferris-tras-el-exito-de-lo-que-mas-me-gusta-son-los-monstruos-solo-quiero-estar-en-casa-y-trabajar.html\" target=\"_blank\" rel=\"noreferrer noopener\">Emil Ferris<\/a> concluye un inmenso relato gestado al son de una concepci\u00f3n pan\u00f3ptica de la historia, de la Europa del Holocausto al Chicago de los sesenta, entrelazado con la maduraci\u00f3n personal en una ferviente declaraci\u00f3n de amor por el arte como mecanismo de supervivencia. Un conjunto que marca un hito en la historia del c\u00f3mic, rompiendo todas las convenciones gr\u00e1ficas desde un barroquismo en el que perderse.<\/p>\n\n\n\n<p>Desde un estilo diametralmente opuesto, tambi\u00e9n es posible extraviarse en el minimalismo gr\u00e1fico de Laura P\u00e9rez en <a href=\"https:\/\/elpais.com\/babelia\/2024-09-19\/los-mejores-comics-del-mes-de-la-poetica-de-la-noche-en-nocturnos-a-la-era-del-transhumanismo-en-deep-me.html\" target=\"_blank\" rel=\"noreferrer noopener\"><em>Nocturnos<\/em> <\/a>(Astiberri), donde la noche se convierte en foco de confluencia de personajes que convergen en esa oscuridad acogedora, gracias al trazo de la autora con su creaci\u00f3n de una sugerente atm\u00f3sfera de caminos y lecturas que transitan entre lo real y lo imaginado. Una capacidad evocadora que <a href=\"https:\/\/elpais.com\/smoda\/placeres\/2024-09-14\/maria-hesse-se-lo-que-es-agotarse-fisica-y-mentalmente-de-tanto-trabajar-te-anula.html\" target=\"_blank\" rel=\"noreferrer noopener\">Mar\u00eda Hesse<\/a> lleva al extremo en <em>El miedo<\/em> (Lumen), uniendo relato, ilustraci\u00f3n y c\u00f3mic para moldear la experiencia del maltrato psicol\u00f3gico y sus consecuencias mediante una fusi\u00f3n de referencias visuales y culturales que contornean con precisi\u00f3n esa sensaci\u00f3n inasible, pero presente, que supone vivir con miedo. Ese horror que es capaz de producir la tinta en la vi\u00f1eta constituye la herramienta fundamental de <a href=\"https:\/\/elpais.com\/babelia\/2024-06-19\/la-carretera-de-manu-larcenet-todo-el-horror-de-cormac-mccarthy-en-un-trazo.html\" target=\"_blank\" rel=\"noreferrer noopener\"><em>La Carretera <\/em><\/a>(Norma), adaptaci\u00f3n al c\u00f3mic de Manu Larcenet cuya expresividad desbordante se nutre de un trazo org\u00e1nico y visceral, que potencia el mensaje de la obra de Cormac McCarthy para reproducir ese devastado mundo sin esperanza en unas vi\u00f1etas que se quedan clavadas en la retina.<\/p>\n\n\n\n<figure class=\"wp-block-image\"><img data-recalc-dims=\"1\" decoding=\"async\" src=\"https:\/\/i0.wp.com\/imagenes.elpais.com\/resizer\/v2\/27JWWXTRSJCK5FFYTNVSYJQPHA.jpg?w=640&#038;ssl=1\" alt=\"Ilustraci\u00f3n de interior del libro 'Cosmo en el espacio' (Astiberri), de Javi de Castro.\"\/><figcaption class=\"wp-element-caption\">Ilustraci\u00f3n de interior del libro &#8216;Cosmo en el espacio&#8217; (Astiberri), de Javi de Castro.Javi de Castro (ASTIBERRI)<\/figcaption><\/figure>\n\n\n\n<p>Ha sido a\u00f1o tambi\u00e9n de grandes obras de c\u00f3mic infantil y juvenil, como la chispeante <em>Cosmo<\/em>, de Javi de Castro (Astiberri), que transforma descubrimiento y exploraci\u00f3n formal en un reto tan divertido como apasionante para los m\u00e1s peque\u00f1os, o la reescritura transgresora del mito art\u00farico en clave feminista que plantean Geoffroy Monde y Mathieu Burniat en <em>Furiosa<\/em> (Norma Editorial), sin renunciar al humor y la modernidad en lo gr\u00e1fico.<\/p>\n\n\n\n<p>Sin olvidar las interesantes recuperaciones y reediciones fundamentales para entender la historia del c\u00f3mic, desde la apuesta tradicional por los cl\u00e1sicos de prensa americanos, como <a href=\"https:\/\/elpais.com\/babelia\/2024-10-16\/barras-estrellas-y-vinetas.html\" target=\"_blank\" rel=\"noreferrer noopener\"><em>Li\u2019l Abner<\/em>, de Al Capp<\/a> (Di\u00e1bolo), a la vuelta de c\u00f3mics que a finales del siglo XX transformaron la concepci\u00f3n de la historieta desde planteamientos alternativos <em>Palomar<\/em>, de Beto Hern\u00e1ndez (La C\u00fapula),<em> Bola Ocho<\/em>, de Daniel Clowes (Fulgencio Pimentel), o <em>Moebius Obra Herm\u00e9tica<\/em> (Reservoir Books). Sin olvidar la necesaria reivindicaci\u00f3n de obras ya cl\u00e1sicas de nuestro c\u00f3mic como <em>Frank Cappa<\/em>, de Manfred Sommer (Cartem) o <em>Las aventuras del Capit\u00e1n Torrezno<\/em>, de Santiago Valenzuela (Astiberri).<\/p>\n\n\n\n<h4 class=\"wp-block-heading\">Domingo flamenco<\/h4>\n\n\n\n<h6 class=\"wp-block-heading\">Olivier Schrauwen<\/h6>\n\n\n\n<h6 class=\"wp-block-heading\">Traducci\u00f3n de Joana Carro y C\u00e9sar S\u00e1nchez<\/h6>\n\n\n\n<h6 class=\"wp-block-heading\"><a href=\"https:\/\/www.fulgenciopimentel.com\/libros\/domingo-flamenco\/\" target=\"_blank\" rel=\"noreferrer noopener\"><strong>Fulgencio Pimentel<\/strong><\/a><\/h6>\n\n\n\n<figure class=\"wp-block-image\"><img data-recalc-dims=\"1\" decoding=\"async\" src=\"https:\/\/i0.wp.com\/imagenes.elpais.com\/resizer\/v2\/IQD5KLZXSZBLFKJOPBO55C4JQI.jpg?w=640&#038;ssl=1\" alt=\"BABELIA 14\/12\/24 COMIC\"\/><\/figure>\n\n\n\n<h5 class=\"wp-block-heading\"><a href=\"https:\/\/elpais.com\/babelia\/2024-03-29\/domingo-flamenco-la-intrincada-naturaleza-cuantica-del-tedio-dominical.html\" target=\"_blank\" rel=\"noreferrer noopener\">Cr\u00edtica de \u00c1lvaro Pons<\/a><\/h5>\n\n\n\n<p><a href=\"https:\/\/www.amazon.es\/DOMINGO-FLAMENCO-IMPRONUNCIABLES-Olivier-Schrauwen\/dp\/8419737208?linkCode=ll1&amp;tag=epbabeliamejorescomics2024-21&amp;linkId=cf4fc80312f319ca6e4c1989dd4ec1c1&amp;language=es_ES&amp;ref_=as_li_ss_tl&amp;asc_campaign=epbabeliamejorescomics2024-21&amp;asc_refurl=https%3A%2F%2Felpais.com%2Fbabelia%2F2024-12-14%2Flos-mejores-comics-de-2024.html&amp;asc_source=Google\" rel=\"noreferrer noopener\" target=\"_blank\">Comprar en Amazon<\/a><\/p>\n\n\n\n<p><a href=\"https:\/\/www.todostuslibros.com\/libros\/domingo-flamenco_978-84-19737-20-5\" rel=\"noreferrer noopener\" target=\"_blank\">B\u00fasquelo en su librer\u00eda<\/a><\/p>\n\n\n\n<h4 class=\"wp-block-heading\">El color de las cosas<\/h4>\n\n\n\n<h6 class=\"wp-block-heading\">Mart\u00edn Panchaud<\/h6>\n\n\n\n<h6 class=\"wp-block-heading\">Traducci\u00f3n de Xisca Mas<\/h6>\n\n\n\n<h6 class=\"wp-block-heading\"><a href=\"https:\/\/www.penguinlibros.com\/es\/novela-grafica\/337386-libro-el-color-de-las-cosas-9788419437716\" target=\"_blank\" rel=\"noreferrer noopener\"><strong>Reservoir Books<\/strong><\/a><\/h6>\n\n\n\n<figure class=\"wp-block-image\"><img data-recalc-dims=\"1\" decoding=\"async\" src=\"https:\/\/i0.wp.com\/imagenes.elpais.com\/resizer\/v2\/K3TDTMS5ZBFOLBGLUDAA7ECQJQ.jpg?w=640&#038;ssl=1\" alt=\"BABELIA 14\/12\/24 COMIC\"\/><\/figure>\n\n\n\n<h5 class=\"wp-block-heading\"><a href=\"https:\/\/elpais.com\/babelia\/2024-01-26\/el-color-de-las-cosas-de-martin-panchaud-un-comic-de-originalidad-radical-en-el-que-los-personajes-son-circulos-cromaticos.html\" target=\"_blank\" rel=\"noreferrer noopener\">Cr\u00edtica de \u00c1lvaro Pons<\/a><\/h5>\n\n\n\n<p><a href=\"https:\/\/www.amazon.es\/color-las-cosas-Reservoir-Gr%C3%A1fica\/dp\/8419437719?linkCode=ll1&amp;tag=epbabeliamejorescomics2024-21&amp;linkId=14db7f11b2a2404f30e0b0e3ad6e3b08&amp;language=es_ES&amp;ref_=as_li_ss_tl&amp;asc_campaign=epbabeliamejorescomics2024-21&amp;asc_refurl=https%3A%2F%2Felpais.com%2Fbabelia%2F2024-12-14%2Flos-mejores-comics-de-2024.html&amp;asc_source=Google\" rel=\"noreferrer noopener\" target=\"_blank\">Comprar en Amazon<\/a><\/p>\n\n\n\n<p><a href=\"https:\/\/www.todostuslibros.com\/libros\/el-color-de-las-cosas_978-84-19437-71-6\" rel=\"noreferrer noopener\" target=\"_blank\">B\u00fasquelo en su librer\u00eda<\/a><\/p>\n\n\n\n<h4 class=\"wp-block-heading\">Una mujer de espaldas<\/h4>\n\n\n\n<h6 class=\"wp-block-heading\">Yamada Murasaki<\/h6>\n\n\n\n<h6 class=\"wp-block-heading\">Traducci\u00f3n de Daruma Serveis Ling\u00fc\u00edstics<\/h6>\n\n\n\n<h6 class=\"wp-block-heading\"><a href=\"https:\/\/www.penguinlibros.com\/es\/novela-grafica\/348917-libro-una-mujer-de-espaldas-9788419409409?srsltid=AfmBOopkpbj1rF4cdR79A9se8cu9latoMJoec-ibNKGm3pvokZDfdnMa\"><strong>Salamandra Graphic<\/strong><\/a><\/h6>\n\n\n\n<figure class=\"wp-block-image\"><img data-recalc-dims=\"1\" decoding=\"async\" src=\"https:\/\/i0.wp.com\/imagenes.elpais.com\/resizer\/v2\/7ALQSLF7JVEVPNAMR3AANUAN2Y.jpg?w=640&#038;ssl=1\" alt=\"BABELIA 14\/12\/24 COMIC\"\/><\/figure>\n\n\n\n<p><a href=\"https:\/\/www.amazon.es\/Una-mujer-espaldas-Salamandra-Graphic\/dp\/8419409405?linkCode=ll1&amp;tag=epbabeliamejorescomics2024-21&amp;linkId=9a9bc8ad94c00e9d35aadb2106562116&amp;language=es_ES&amp;ref_=as_li_ss_tl&amp;asc_campaign=epbabeliamejorescomics2024-21&amp;asc_refurl=https%3A%2F%2Felpais.com%2Fbabelia%2F2024-12-14%2Flos-mejores-comics-de-2024.html&amp;asc_source=Google\" rel=\"noreferrer noopener\" target=\"_blank\">Comprar en Amazon<\/a><\/p>\n\n\n\n<p><a href=\"https:\/\/www.todostuslibros.com\/libros\/una-mujer-de-espaldas_978-84-19409-40-9\" rel=\"noreferrer noopener\" target=\"_blank\">B\u00fasquelo en su librer\u00eda<\/a><\/p>\n\n\n\n<h4 class=\"wp-block-heading\">Ma\u00f1ana ser\u00e1 otro d\u00eda<\/h4>\n\n\n\n<h6 class=\"wp-block-heading\">Keum Suk Gendry-Kim<\/h6>\n\n\n\n<h6 class=\"wp-block-heading\">Traducci\u00f3n de Joo Hasun<\/h6>\n\n\n\n<p><a href=\"https:\/\/www.penguinlibros.com\/es\/novela-grafica\/352176-libro-manana-sera-otro-dia-9788419437907\" target=\"_blank\" rel=\"noreferrer noopener\"><strong>Reservoir Books<\/strong><\/a><\/p>\n\n\n\n<figure class=\"wp-block-image\"><img data-recalc-dims=\"1\" decoding=\"async\" src=\"https:\/\/i0.wp.com\/imagenes.elpais.com\/resizer\/v2\/QSUTOWR43ZAE7N53EVNDSJFHJ4.jpg?w=640&#038;ssl=1\" alt=\"Portada de 'Ma\u00f1ana ser\u00e1 otro d\u00eda', de Keum Suk Gendry-Kim\"\/><figcaption class=\"wp-element-caption\">Portada de &#8216;Ma\u00f1ana ser\u00e1 otro d\u00eda&#8217;, de Keum Suk Gendry-Kim<\/figcaption><\/figure>\n\n\n\n<p><a href=\"https:\/\/www.amazon.es\/Ma%C3%B1ana-ser%C3%A1-otro-Reservoir-Gr%C3%A1fica\/dp\/8419437905?linkCode=ll1&amp;tag=epbabeliamejorescomics2024-21&amp;linkId=2d10074d6096b2a772af4473a95d120c&amp;language=es_ES&amp;ref_=as_li_ss_tl&amp;asc_campaign=epbabeliamejorescomics2024-21&amp;asc_refurl=https%3A%2F%2Felpais.com%2Fbabelia%2F2024-12-14%2Flos-mejores-comics-de-2024.html&amp;asc_source=Google\" rel=\"noreferrer noopener\" target=\"_blank\">Comprar en Amazon<\/a><\/p>\n\n\n\n<p><a href=\"https:\/\/www.todostuslibros.com\/libros\/manana-sera-otro-dia_978-84-19437-90-7\" rel=\"noreferrer noopener\" target=\"_blank\">B\u00fasquelo en su librer\u00eda<\/a><\/p>\n\n\n\n<h4 class=\"wp-block-heading\">Lo que m\u00e1s me gusta son los monstruos. Libro segundo<\/h4>\n\n\n\n<h6 class=\"wp-block-heading\">Emil Ferris<\/h6>\n\n\n\n<h6 class=\"wp-block-heading\">Traducci\u00f3n de Montserrat Meneses Vilar<\/h6>\n\n\n\n<h6 class=\"wp-block-heading\"><a href=\"https:\/\/www.penguinlibros.com\/es\/novela-grafica\/340832-libro-lo-que-mas-me-gusta-son-los-monstruos-2-9788419437822\" target=\"_blank\" rel=\"noreferrer noopener\"><strong>Reservoir Books<\/strong><\/a><\/h6>\n\n\n\n<figure class=\"wp-block-image\"><img data-recalc-dims=\"1\" decoding=\"async\" src=\"https:\/\/i0.wp.com\/imagenes.elpais.com\/resizer\/v2\/TBHYAKMYPVEH3GRB6V3Q7KVM3E.jpg?w=640&#038;ssl=1\" alt=\"Babelias 01\/04\/24 Libros Abril\"\/><\/figure>\n\n\n\n<p><a href=\"https:\/\/elpais.com\/cultura\/2024-04-16\/emil-ferris-tras-el-exito-de-lo-que-mas-me-gusta-son-los-monstruos-solo-quiero-estar-en-casa-y-trabajar.html\" target=\"_blank\" rel=\"noreferrer noopener\">Entrevista con Emil Ferris. Por Jorge Morla<\/a><\/p>\n\n\n\n<p><a href=\"https:\/\/www.amazon.es\/que-gusta-monstruos-Reservoir-Gr%C3%A1fica\/dp\/8419437824?linkCode=ll1&amp;tag=epbabeliamejorescomics2024-21&amp;linkId=d5a93232ea1717bc66228ff2ac7b3472&amp;language=es_ES&amp;ref_=as_li_ss_tl&amp;asc_campaign=epbabeliamejorescomics2024-21&amp;asc_refurl=https%3A%2F%2Felpais.com%2Fbabelia%2F2024-12-14%2Flos-mejores-comics-de-2024.html&amp;asc_source=Google\" rel=\"noreferrer noopener\" target=\"_blank\">Comprar en Amazon<\/a><\/p>\n\n\n\n<p><a href=\"https:\/\/www.todostuslibros.com\/libros\/lo-que-mas-me-gusta-son-los-monstruos-2_978-84-19437-82-2\" rel=\"noreferrer noopener\" target=\"_blank\">B\u00fasquelo en su librer\u00eda<\/a><\/p>\n\n\n\n<h4 class=\"wp-block-heading\">Nocturnos<\/h4>\n\n\n\n<h6 class=\"wp-block-heading\">Laura P\u00e9rez<\/h6>\n\n\n\n<h6 class=\"wp-block-heading\"><a href=\"https:\/\/www.astiberri.com\/products\/nocturnos\" target=\"_blank\" rel=\"noreferrer noopener\"><strong>Astiberri<\/strong><\/a><\/h6>\n\n\n\n<figure class=\"wp-block-image\"><img data-recalc-dims=\"1\" decoding=\"async\" src=\"https:\/\/i0.wp.com\/imagenes.elpais.com\/resizer\/v2\/ZAJEGJOK6FDTDHNQ4TR26XJCMY.jpg?w=640&#038;ssl=1\" alt=\"BABELIA 14\/12\/24 COMIC\"\/><\/figure>\n\n\n\n<p><a href=\"https:\/\/www.amazon.es\/Nocturnos-SILLON-OREJERO-LAURA-PEREZ\/dp\/8419670545?linkCode=ll1&amp;tag=epbabeliamejorescomics2024-21&amp;linkId=7e794dc17183c236a641af2c2b4c2725&amp;language=es_ES&amp;ref_=as_li_ss_tl&amp;asc_campaign=epbabeliamejorescomics2024-21&amp;asc_refurl=https%3A%2F%2Felpais.com%2Fbabelia%2F2024-12-14%2Flos-mejores-comics-de-2024.html&amp;asc_source=Google\" rel=\"noreferrer noopener\" target=\"_blank\">Comprar en Amazon<\/a><\/p>\n\n\n\n<p><a href=\"https:\/\/www.todostuslibros.com\/libros\/nocturnos_978-84-19670-54-0\" rel=\"noreferrer noopener\" target=\"_blank\">B\u00fasquelo en su librer\u00eda<\/a><\/p>\n\n\n\n<h4 class=\"wp-block-heading\">El miedo<\/h4>\n\n\n\n<h6 class=\"wp-block-heading\">Mar\u00eda Hesse<\/h6>\n\n\n\n<h6 class=\"wp-block-heading\"><a href=\"https:\/\/www.penguinlibros.com\/es\/novela-grafica\/348849-libro-el-miedo-9788426425577\" target=\"_blank\" rel=\"noreferrer noopener\"><strong>Lumen<\/strong><\/a><\/h6>\n\n\n\n<figure class=\"wp-block-image\"><img data-recalc-dims=\"1\" decoding=\"async\" src=\"https:\/\/i0.wp.com\/imagenes.elpais.com\/resizer\/v2\/NDE7NGW4EFAFLMGRK22QK65UIM.jpg?w=640&#038;ssl=1\" alt=\"BABELIA 14\/12\/24 COMIC\"\/><\/figure>\n\n\n\n<h5 class=\"wp-block-heading\"><a href=\"https:\/\/elpais.com\/smoda\/placeres\/2024-09-14\/maria-hesse-se-lo-que-es-agotarse-fisica-y-mentalmente-de-tanto-trabajar-te-anula.html\" target=\"_blank\" rel=\"noreferrer noopener\">Entrevista con Mar\u00eda Hesse. Por Mar\u00eda Ovelar<\/a><\/h5>\n\n\n\n<p><a href=\"https:\/\/www.amazon.es\/miedo-Lumen-Gr%C3%A1fica-Mar%C3%ADa-Hesse\/dp\/8426425577?linkCode=ll1&amp;tag=epbabeliamejorescomics2024-21&amp;linkId=e7f9c7ad1965224317cf801d7c2d454e&amp;language=es_ES&amp;ref_=as_li_ss_tl&amp;asc_campaign=epbabeliamejorescomics2024-21&amp;asc_refurl=https%3A%2F%2Felpais.com%2Fbabelia%2F2024-12-14%2Flos-mejores-comics-de-2024.html&amp;asc_source=Google\" rel=\"noreferrer noopener\" target=\"_blank\">Comprar en Amazon<\/a><\/p>\n\n\n\n<p><a href=\"https:\/\/www.todostuslibros.com\/libros\/el-miedo_978-84-264-2557-7\" rel=\"noreferrer noopener\" target=\"_blank\">B\u00fasquelo en su librer\u00eda<\/a><\/p>\n\n\n\n<h4 class=\"wp-block-heading\">La Carretera<\/h4>\n\n\n\n<h6 class=\"wp-block-heading\">Manu Larcenet<\/h6>\n\n\n\n<h6 class=\"wp-block-heading\">Adaptaci\u00f3n del libro de Cormac McCarthy<\/h6>\n\n\n\n<h6 class=\"wp-block-heading\"><a href=\"https:\/\/www.normaeditorial.com\/ficha\/comic-europeo\/la-carretera\" target=\"_blank\" rel=\"noreferrer noopener\"><strong>Norma<\/strong><\/a><\/h6>\n\n\n\n<figure class=\"wp-block-image\"><img data-recalc-dims=\"1\" decoding=\"async\" src=\"https:\/\/i0.wp.com\/imagenes.elpais.com\/resizer\/v2\/CVPTVOM5TRH7DGDZJEXJVN55Z4.jpg?w=640&#038;ssl=1\" alt=\"BABELIA 14\/12\/24 COMIC\"\/><\/figure>\n\n\n\n<h5 class=\"wp-block-heading\"><a href=\"https:\/\/elpais.com\/babelia\/2024-06-19\/la-carretera-de-manu-larcenet-todo-el-horror-de-cormac-mccarthy-en-un-trazo.html\" target=\"_blank\" rel=\"noreferrer noopener\">Cr\u00edtica de \u00c1lvaro Pons<\/a><\/h5>\n\n\n\n<p><a href=\"https:\/\/www.amazon.es\/CARRETERA-COMIC-EUROPEO-MANU-LARCENET\/dp\/8467968125?linkCode=ll1&amp;tag=epbabeliamejorescomics2024-21&amp;linkId=5629e4e779e896d041517d4ee334182f&amp;language=es_ES&amp;ref_=as_li_ss_tl&amp;asc_campaign=epbabeliamejorescomics2024-21&amp;asc_refurl=https%3A%2F%2Felpais.com%2Fbabelia%2F2024-12-14%2Flos-mejores-comics-de-2024.html&amp;asc_source=Google\" rel=\"noreferrer noopener\" target=\"_blank\">Comprar en Amazon<\/a><\/p>\n\n\n\n<p><a href=\"https:\/\/www.todostuslibros.com\/libros\/la-carretera_978-84-679-6812-5\" rel=\"noreferrer noopener\" target=\"_blank\">B\u00fasquelo en su librer\u00eda<\/a><\/p>\n\n\n\n<h4 class=\"wp-block-heading\">Cosmo en el espacio<\/h4>\n\n\n\n<h6 class=\"wp-block-heading\">Javi de Castro<\/h6>\n\n\n\n<h6 class=\"wp-block-heading\"><strong>Astiberri<\/strong><\/h6>\n\n\n\n<figure class=\"wp-block-image\"><img data-recalc-dims=\"1\" decoding=\"async\" src=\"https:\/\/i0.wp.com\/imagenes.elpais.com\/resizer\/v2\/VWTUQT4VBRFDVNCEAEEEAT4OGY.jpg?w=640&#038;ssl=1\" alt=\"BABELIA 14\/12\/24 COMIC\"\/><\/figure>\n\n\n\n<p><a href=\"https:\/\/www.amazon.es\/COSMO-ESPACIO-2-%C2%AA-ED-TXIKIBERRI\/dp\/8419670456?linkCode=ll1&amp;tag=epbabeliamejorescomics2024-21&amp;linkId=249cf6cb0b0e8c0da640afe31bfdcf62&amp;language=es_ES&amp;ref_=as_li_ss_tl&amp;asc_campaign=epbabeliamejorescomics2024-21&amp;asc_refurl=https%3A%2F%2Felpais.com%2Fbabelia%2F2024-12-14%2Flos-mejores-comics-de-2024.html&amp;asc_source=Google\" rel=\"noreferrer noopener\" target=\"_blank\">Comprar en Amazon<\/a><\/p>\n\n\n\n<p><a href=\"https:\/\/www.todostuslibros.com\/libros\/cosmo-en-el-espacio_978-84-19670-45-8\" rel=\"noreferrer noopener\" target=\"_blank\">B\u00fasquelo en su librer\u00eda<\/a><\/p>\n\n\n\n<h4 class=\"wp-block-heading\">Furiosa<\/h4>\n\n\n\n<h6 class=\"wp-block-heading\">Geoffroy Monde y Mathieu Burniat<\/h6>\n\n\n\n<h6 class=\"wp-block-heading\"><a href=\"https:\/\/www.normaeditorial.com\/ficha\/comic-europeo\/furiosa\" target=\"_blank\" rel=\"noreferrer noopener\">Norma Editorial<\/a><\/h6>\n\n\n\n<figure class=\"wp-block-image\"><img data-recalc-dims=\"1\" decoding=\"async\" src=\"https:\/\/i0.wp.com\/imagenes.elpais.com\/resizer\/v2\/4RVKDBRUMRCIJJZFLBDAL3FHF4.jpg?w=640&#038;ssl=1\" alt=\"BABELIA 14\/12\/24 COMIC\"\/><\/figure>\n\n\n\n<p><a href=\"https:\/\/www.amazon.es\/FURIOSA-COMIC-EUROPEO-GEOFFROY-MONDE\/dp\/8467970685?linkCode=ll1&amp;tag=epbabeliamejorescomics2024-21&amp;linkId=885c5401e8683cd83c378234b885db7d&amp;language=es_ES&amp;ref_=as_li_ss_tl&amp;asc_campaign=epbabeliamejorescomics2024-21&amp;asc_refurl=https%3A%2F%2Felpais.com%2Fbabelia%2F2024-12-14%2Flos-mejores-comics-de-2024.html&amp;asc_source=Google\" rel=\"noreferrer noopener\" target=\"_blank\">Comprar en Amazon<\/a><\/p>\n\n\n\n<p><a href=\"https:\/\/www.todostuslibros.com\/libros\/furiosa_978-84-679-7068-5\" rel=\"noreferrer noopener\" target=\"_blank\">B\u00fasquelo en su librer\u00eda<\/a><\/p>\n\n\n\n<h6 class=\"wp-block-heading\"><em>* Nuestros periodistas recomiendan de forma rigurosa e independiente productos y servicios que puedes adquirir en Internet. Cada vez que compras a trav\u00e9s de algunos enlaces a\u00f1adidos al texto, EL PA\u00cdS recibe una comisi\u00f3n. Lee <\/em><a href=\"https:\/\/elpais.com\/escaparate\/2022-03-25\/politica-comercial.html\" target=\"_blank\" rel=\"noreferrer noopener\"><em>aqu\u00ed<\/em><\/a><em> nuestra pol\u00edtica comercial.<\/em><\/h6>\n\n\n\n<p><strong><a href=\"https:\/\/elpais.com\/autor\/alvaro-pons\/#?rel=author_top\">\u00c1lvaro Pons<\/a> Noelia Ibarra<\/strong><\/p>\n\n\n\n<p>FOTO: <span>Ilustraci\u00f3n del interior del libro &#8216;El miedo&#8217; (Lumen), de Mar\u00eda Hesse.<\/span><span class=\"a_m_m\">MAR\u00cdA HESSE (LUMEN<\/span><\/p>\n\n\n\n<p><a href=\"https:\/\/elpais.com\/babelia\/2024-12-14\/los-mejores-comics-de-2024.html\">https:\/\/elpais.com\/babelia\/2024-12-14\/los-mejores-comics-de-2024.html<\/a><\/p>\n\n\n\n\n","protected":false},"excerpt":{"rendered":"<p>De la innovaci\u00f3n formal de Olivier Schrauwen a la radicalidad gr\u00e1fica de Martin Panchaud, el&#8230;<\/p>\n","protected":false},"author":1,"featured_media":73561,"comment_status":"closed","ping_status":"closed","sticky":false,"template":"","format":"standard","meta":{"_coblocks_attr":"","_coblocks_dimensions":"","_coblocks_responsive_height":"","_coblocks_accordion_ie_support":"","jetpack_post_was_ever_published":false,"_jetpack_newsletter_access":"","_jetpack_dont_email_post_to_subs":true,"_jetpack_newsletter_tier_id":0,"_jetpack_memberships_contains_paywalled_content":false,"_jetpack_memberships_contains_paid_content":false,"footnotes":"","jetpack_publicize_message":"","jetpack_publicize_feature_enabled":true,"jetpack_social_post_already_shared":true,"jetpack_social_options":{"image_generator_settings":{"template":"highway","enabled":false},"version":2}},"categories":[1161,44,6937],"tags":[],"class_list":["post-73560","post","type-post","status-publish","format-standard","has-post-thumbnail","hentry","category-ciudadania","category-noticias-de-hoy","category-sociedad"],"jetpack_publicize_connections":[],"jetpack_featured_media_url":"https:\/\/miradordeatarfe.es\/wp-content\/uploads\/2024\/12\/B64OAM3LGZBGRAWEZPYSVVRAVQ.avif","jetpack_likes_enabled":true,"jetpack_sharing_enabled":true,"_links":{"self":[{"href":"https:\/\/miradordeatarfe.es\/index.php?rest_route=\/wp\/v2\/posts\/73560","targetHints":{"allow":["GET"]}}],"collection":[{"href":"https:\/\/miradordeatarfe.es\/index.php?rest_route=\/wp\/v2\/posts"}],"about":[{"href":"https:\/\/miradordeatarfe.es\/index.php?rest_route=\/wp\/v2\/types\/post"}],"author":[{"embeddable":true,"href":"https:\/\/miradordeatarfe.es\/index.php?rest_route=\/wp\/v2\/users\/1"}],"replies":[{"embeddable":true,"href":"https:\/\/miradordeatarfe.es\/index.php?rest_route=%2Fwp%2Fv2%2Fcomments&post=73560"}],"version-history":[{"count":1,"href":"https:\/\/miradordeatarfe.es\/index.php?rest_route=\/wp\/v2\/posts\/73560\/revisions"}],"predecessor-version":[{"id":73562,"href":"https:\/\/miradordeatarfe.es\/index.php?rest_route=\/wp\/v2\/posts\/73560\/revisions\/73562"}],"wp:featuredmedia":[{"embeddable":true,"href":"https:\/\/miradordeatarfe.es\/index.php?rest_route=\/wp\/v2\/media\/73561"}],"wp:attachment":[{"href":"https:\/\/miradordeatarfe.es\/index.php?rest_route=%2Fwp%2Fv2%2Fmedia&parent=73560"}],"wp:term":[{"taxonomy":"category","embeddable":true,"href":"https:\/\/miradordeatarfe.es\/index.php?rest_route=%2Fwp%2Fv2%2Fcategories&post=73560"},{"taxonomy":"post_tag","embeddable":true,"href":"https:\/\/miradordeatarfe.es\/index.php?rest_route=%2Fwp%2Fv2%2Ftags&post=73560"}],"curies":[{"name":"wp","href":"https:\/\/api.w.org\/{rel}","templated":true}]}}