{"id":73569,"date":"2024-12-21T11:05:55","date_gmt":"2024-12-21T10:05:55","guid":{"rendered":"https:\/\/miradordeatarfe.es\/?p=73569"},"modified":"2024-12-19T12:58:18","modified_gmt":"2024-12-19T11:58:18","slug":"la-concejala-de-cultura-del-ayuntamiento-de-atarfe-recibe-a-representantes-de-la-junta-directiva-de-la-asociacion-ilbira-mozarabe","status":"publish","type":"post","link":"https:\/\/miradordeatarfe.es\/?p=73569","title":{"rendered":"LA CONCEJAL\u00cdA DE CULTURA  DE ATARFE RECIBE A  LA ASOCIACI\u00d3N ILBIRA MOZ\u00c1RABE"},"content":{"rendered":"\n<p class=\"has-medium-font-size\"><strong>LA CONCEJALA DE CULTURA DEL AYUNTAMIENTO DE ATARFE RECIBE<br \/>A REPRESENTANTES DE LA JUNTA DIRECTIVA DE LA ASOCIACI\u00d3N ILBIRA MOZ\u00c1RABE<\/strong><\/p>\n\n\n\n<p class=\"has-medium-font-size\">La Asociaci\u00f3n presenta a la Corporaci\u00f3n Municipal la nueva Junta Directiva y se ofrece a<br \/>colaborar con el \u00c1rea de Cultura y Turismo para ofrecer asesoramiento a los peregrinos<br \/>que pasan por Atarfe.<\/p>\n\n\n\n<p class=\"has-medium-font-size\">La reuni\u00f3n tuvo lugar el pasado 17-12-2024 en el Centro Cultural Medina Elvira y se abordaron<br \/>temas relacionados con el Camino Moz\u00e1rabe a su paso por el municipio de Atarfe, adem\u00e1s de<br \/>presentar la nueva Junta Directiva nombrada el pasado 21 de noviembre en 2024 en asamblea<br \/>Extraordinaria.<\/p>\n\n\n\n<p>La Concejala Jennifer Garc\u00eda Moreno se mostr\u00f3 muy receptiva a las propuestas en materia de<br \/>mejora de la se\u00f1alizaci\u00f3n del itinerario del Camino Moz\u00e1rabe por Atarfe, para evitar que las<br \/>personas peregrinas se desv\u00eden de la ruta oficial, as\u00ed como su seguridad a su paso por nuestro<br \/>pueblo.<\/p>\n\n\n\n<p>Igualmente traslad\u00f3 algunos de los proyectos que desde su Concejal\u00eda se quieren ejecutar<br \/>para que quienes pasen por Atarfe conozcan las singularidades de nuestra Historia y Patrimonio,<br \/>mientras tanto se acord\u00f3 la elaboraci\u00f3n de un folleto espec\u00edfico del Camino Moz\u00e1rabe por el<br \/>municipio.<\/p>\n\n\n\n<p>Otro de los temas abordados fue la mejora de los sistemas de sellado de la credencial a los<br \/>peregrinos, la Asociaci\u00f3n Ilbira Moz\u00e1rabe se ofreci\u00f3 a coordinarse con los Albergues de Granada<br \/>para anticipar informaci\u00f3n que pueda ser \u00fatil a las personas que pasen por Atarfe y sepan donde<br \/>obtener el sellado. A prop\u00f3sito de este tema la Concejala Jennifer Garc\u00eda anticip\u00f3 que en el futuro<br \/>se contempla un punto de informaci\u00f3n a los peregrinos junto al Parque la Higueruela, en lo que<br \/>ser\u00e1 el Espacio de la Juventud.<\/p>\n\n\n\n<p>Por \u00faltimo se habl\u00f3 de la financiaci\u00f3n de la Asociaci\u00f3n que adem\u00e1s de las cuotas de las personas<br \/>asociadas se pretender\u00e1 presentar proyectos a las Administraciones y Organismos relacionados<br \/>con la protecci\u00f3n del Patrimonio Cultural, en este caso el Camino Moz\u00e1rabe, un bien de inter\u00e9s<br \/>que la ciudadan\u00eda debe conocer y colaborar a su difusi\u00f3n y mantenimiento.<\/p>\n","protected":false},"excerpt":{"rendered":"<p>LA CONCEJALA DE CULTURA DEL AYUNTAMIENTO DE ATARFE RECIBEA REPRESENTANTES DE LA JUNTA DIRECTIVA DE&#8230;<\/p>\n","protected":false},"author":1,"featured_media":73582,"comment_status":"closed","ping_status":"closed","sticky":false,"template":"","format":"standard","meta":{"_coblocks_attr":"","_coblocks_dimensions":"","_coblocks_responsive_height":"","_coblocks_accordion_ie_support":"","jetpack_post_was_ever_published":false,"_jetpack_newsletter_access":"","_jetpack_dont_email_post_to_subs":true,"_jetpack_newsletter_tier_id":0,"_jetpack_memberships_contains_paywalled_content":false,"_jetpack_memberships_contains_paid_content":false,"footnotes":"","jetpack_publicize_message":"","jetpack_publicize_feature_enabled":true,"jetpack_social_post_already_shared":true,"jetpack_social_options":{"image_generator_settings":{"template":"highway","enabled":false},"version":2}},"categories":[12,186,44],"tags":[],"class_list":["post-73569","post","type-post","status-publish","format-standard","has-post-thumbnail","hentry","category-cultura","category-instituciones","category-noticias-de-hoy"],"jetpack_publicize_connections":[],"jetpack_featured_media_url":"https:\/\/i0.wp.com\/miradordeatarfe.es\/wp-content\/uploads\/2024\/12\/image1.png?fit=439%2C330&ssl=1","jetpack_likes_enabled":true,"jetpack_sharing_enabled":true,"_links":{"self":[{"href":"https:\/\/miradordeatarfe.es\/index.php?rest_route=\/wp\/v2\/posts\/73569","targetHints":{"allow":["GET"]}}],"collection":[{"href":"https:\/\/miradordeatarfe.es\/index.php?rest_route=\/wp\/v2\/posts"}],"about":[{"href":"https:\/\/miradordeatarfe.es\/index.php?rest_route=\/wp\/v2\/types\/post"}],"author":[{"embeddable":true,"href":"https:\/\/miradordeatarfe.es\/index.php?rest_route=\/wp\/v2\/users\/1"}],"replies":[{"embeddable":true,"href":"https:\/\/miradordeatarfe.es\/index.php?rest_route=%2Fwp%2Fv2%2Fcomments&post=73569"}],"version-history":[{"count":3,"href":"https:\/\/miradordeatarfe.es\/index.php?rest_route=\/wp\/v2\/posts\/73569\/revisions"}],"predecessor-version":[{"id":73575,"href":"https:\/\/miradordeatarfe.es\/index.php?rest_route=\/wp\/v2\/posts\/73569\/revisions\/73575"}],"wp:featuredmedia":[{"embeddable":true,"href":"https:\/\/miradordeatarfe.es\/index.php?rest_route=\/wp\/v2\/media\/73582"}],"wp:attachment":[{"href":"https:\/\/miradordeatarfe.es\/index.php?rest_route=%2Fwp%2Fv2%2Fmedia&parent=73569"}],"wp:term":[{"taxonomy":"category","embeddable":true,"href":"https:\/\/miradordeatarfe.es\/index.php?rest_route=%2Fwp%2Fv2%2Fcategories&post=73569"},{"taxonomy":"post_tag","embeddable":true,"href":"https:\/\/miradordeatarfe.es\/index.php?rest_route=%2Fwp%2Fv2%2Ftags&post=73569"}],"curies":[{"name":"wp","href":"https:\/\/api.w.org\/{rel}","templated":true}]}}