{"id":73590,"date":"2024-12-23T11:25:00","date_gmt":"2024-12-23T10:25:00","guid":{"rendered":"https:\/\/miradordeatarfe.es\/?p=73590"},"modified":"2024-12-20T12:50:26","modified_gmt":"2024-12-20T11:50:26","slug":"sonata-triste-para-adjetivos-cansados-por-remedios-sanchez","status":"publish","type":"post","link":"https:\/\/miradordeatarfe.es\/?p=73590","title":{"rendered":"\u00abSONATA TRISTE PARA ADJETIVOS CANSADOS\u00bb por Remedios S\u00e1nchez"},"content":{"rendered":"\n<p class=\"has-medium-font-size\"><strong>Andan los adjetivos fatigados este oto\u00f1o. Ellos, que dan la dimensi\u00f3n exacta del sonido, los matices del color, la intensidad de los olores o las impresiones de los sabores y del tacto, se van quedando atr\u00e1s, guardados en el caj\u00f3n de lo que no se usa, de lo que no se nombra porque se desconoce. S\u00f3lo los ni\u00f1os, como escribi\u00f3 la poeta Mariluz Escribano, sue\u00f1an con adjetivos<\/strong>.<\/p>\n\n\n\n<p>Cuando habitamos el territorio de la infancia el adjetivo tiene una m\u00fasica alegre, cargada de inocencia minuciosa, de ternura gr\u00e1cil, de autenticidad que arbitra de la funci\u00f3n del sustantivo, la acci\u00f3n del verbo, que lo aproxima y lo hace c\u00f3mplice del secreto hondo de vivir. Es el \u00fanico que sabe abarcar y definir las fronteras entre unas emociones y otras, quien comprende los l\u00edmites de cada realidad cercana o lejana, de aquello que hemos le\u00eddo en los libros. <\/p>\n\n\n\n<p>Los adjetivos son el aliento de la imaginaci\u00f3n que construye el mundo en su minuciosidad primera. La pena es que luego, conforme crecemos, vamos perdiendo esa necesidad perentoria de explicar con escrupuloso detalle la realidad que nos afecta, esa que se queda anclada en el mar de la ni\u00f1ez, varada como un barco que encalla en las arenas de la precipitaci\u00f3n y acaba por quedarse atrapado para siempre, asido sin remedio al fondo, sin soluci\u00f3n de continuidad. As\u00ed van creciendo los silencios hasta alcanzar nuestra estatura mientras pensamos erradamente que una mirada, un gesto, acaso, puede decir tanto como las palabras. Pero no. <\/p>\n\n\n\n<p>Nos equivocamos en esto porque, en nuestra torpeza de adultos que creemos saberlo todo, hemos traspapelado la curiosidad de la inocencia. Se nos ha olvidado que, lo que no calificamos por pereza o por miedo, por haber perdido la capacidad de hacerlo, se va desdibujando hasta dejar de existir en la vida social; y, las emociones, en tanto en cuanto no se designan ni se cuentan, se van convirtiendo en un nudo en la garganta, en un no saber manifestar qu\u00e9 duele y porque creemos que nos convierte en seres fr\u00e1giles. Pero la fortaleza de las personas, al contrario de lo que se pueda pensar, est\u00e1 en su habilidad para expresarse, para comunicarse con los dem\u00e1s; por eso resulta una curiosa iron\u00eda que, en este tiempo de alta exposici\u00f3n con las redes sociales tengamos esta falta de habilidad para se\u00f1alar de forma precisa lo que nos duele, nos satisface o nos preocupa para que puedan comprenderlo aquellos a quienes les interesamos. \u00a0<\/p>\n\n\n\n<p>Esto es: los rasgos que nos humanizan y nos hacen personas aut\u00e9nticas entran en radical contradicci\u00f3n con este proceso de homogeneizaci\u00f3n que condiciona con firmeza nuestros modos de relacionarnos y de actuar en la sociedad contempor\u00e1nea. \u00a0Por eso, porque es necesario para recobrar tantas cosas importantes como hemos perdido, es urgente recuperar la lengua \u00edntegra con su m\u00fasica de sones diversos, con su riqueza de piedras preciosas refulgiendo al sol, para las gentes normales que van y vienen, esas que se definen en los pliegues de los vocablos que tranquilizan y liberan el \u00e1nimo y la alegr\u00eda. Los que hacen habitable la existencia porque son claridad potenciada de lo que ambicionamos decir, la llave que abre la puerta otra vez a aquellos perfiles nuestros que han quedado difuminados, casi invisibles en el cotidiano tr\u00e1fago de las prisas angustiosas y absurdas que tanto da\u00f1o nos est\u00e1n haciendo.<\/p>\n","protected":false},"excerpt":{"rendered":"<p>Andan los adjetivos fatigados este oto\u00f1o. Ellos, que dan la dimensi\u00f3n exacta del sonido, los&#8230;<\/p>\n","protected":false},"author":1,"featured_media":73591,"comment_status":"closed","ping_status":"closed","sticky":false,"template":"","format":"standard","meta":{"_coblocks_attr":"","_coblocks_dimensions":"","_coblocks_responsive_height":"","_coblocks_accordion_ie_support":"","jetpack_post_was_ever_published":false,"_jetpack_newsletter_access":"","_jetpack_dont_email_post_to_subs":true,"_jetpack_newsletter_tier_id":0,"_jetpack_memberships_contains_paywalled_content":false,"_jetpack_memberships_contains_paid_content":false,"footnotes":"","jetpack_publicize_message":"","jetpack_publicize_feature_enabled":true,"jetpack_social_post_already_shared":true,"jetpack_social_options":{"image_generator_settings":{"template":"highway","enabled":false},"version":2}},"categories":[1161,44,6914,6937],"tags":[],"class_list":["post-73590","post","type-post","status-publish","format-standard","has-post-thumbnail","hentry","category-ciudadania","category-noticias-de-hoy","category-opinion-de-reme-sanchez","category-sociedad"],"jetpack_publicize_connections":[],"jetpack_featured_media_url":"https:\/\/i0.wp.com\/miradordeatarfe.es\/wp-content\/uploads\/2024\/12\/images-1.png?fit=275%2C183&ssl=1","jetpack_likes_enabled":true,"jetpack_sharing_enabled":true,"_links":{"self":[{"href":"https:\/\/miradordeatarfe.es\/index.php?rest_route=\/wp\/v2\/posts\/73590","targetHints":{"allow":["GET"]}}],"collection":[{"href":"https:\/\/miradordeatarfe.es\/index.php?rest_route=\/wp\/v2\/posts"}],"about":[{"href":"https:\/\/miradordeatarfe.es\/index.php?rest_route=\/wp\/v2\/types\/post"}],"author":[{"embeddable":true,"href":"https:\/\/miradordeatarfe.es\/index.php?rest_route=\/wp\/v2\/users\/1"}],"replies":[{"embeddable":true,"href":"https:\/\/miradordeatarfe.es\/index.php?rest_route=%2Fwp%2Fv2%2Fcomments&post=73590"}],"version-history":[{"count":1,"href":"https:\/\/miradordeatarfe.es\/index.php?rest_route=\/wp\/v2\/posts\/73590\/revisions"}],"predecessor-version":[{"id":73592,"href":"https:\/\/miradordeatarfe.es\/index.php?rest_route=\/wp\/v2\/posts\/73590\/revisions\/73592"}],"wp:featuredmedia":[{"embeddable":true,"href":"https:\/\/miradordeatarfe.es\/index.php?rest_route=\/wp\/v2\/media\/73591"}],"wp:attachment":[{"href":"https:\/\/miradordeatarfe.es\/index.php?rest_route=%2Fwp%2Fv2%2Fmedia&parent=73590"}],"wp:term":[{"taxonomy":"category","embeddable":true,"href":"https:\/\/miradordeatarfe.es\/index.php?rest_route=%2Fwp%2Fv2%2Fcategories&post=73590"},{"taxonomy":"post_tag","embeddable":true,"href":"https:\/\/miradordeatarfe.es\/index.php?rest_route=%2Fwp%2Fv2%2Ftags&post=73590"}],"curies":[{"name":"wp","href":"https:\/\/api.w.org\/{rel}","templated":true}]}}