{"id":73593,"date":"2024-12-23T10:31:00","date_gmt":"2024-12-23T09:31:00","guid":{"rendered":"https:\/\/miradordeatarfe.es\/?p=73593"},"modified":"2024-12-20T13:00:14","modified_gmt":"2024-12-20T12:00:14","slug":"dos-parques-y-nuevas-epocas","status":"publish","type":"post","link":"https:\/\/miradordeatarfe.es\/?p=73593","title":{"rendered":"Dos Parques y nuevas \u00e9pocas"},"content":{"rendered":"\n<p><a href=\"https:\/\/miradordeatarfe.es\/wp-admin\/edit.php?post_type=post\"><\/a><\/p>\n\n\n\n<p class=\"has-medium-font-size\"><strong>Dos de los grandes tesoros de Granada, diferentes entre s\u00ed y semejantes en la categor\u00eda de primer nivel, cambian de responsables al mismo tiempo<\/strong><\/p>\n\n\n\n<p>En el mismo d\u00eda nos llegan dos noticias que extra\u00f1amente se parecen y tienen un destino com\u00fan: cambian los responsables del Parque de las Ciencias y del Espacio Natural de Sierra Nevada, que tambi\u00e9n se considera y se llama Parque\u2026 Natural. Dos de los grandes tesoros de Granada, diferentes entre s\u00ed y semejantes en la categor\u00eda de primer nivel, que atraen a tantos visitantes que suelen ser miles cada a\u00f1o. Se trata del paleont\u00f3logo Luis Alcal\u00e1, que ha dirigido el de las Ciencias durante cuatro ejercicios, y el catedr\u00e1tico de la UGR Manuel Titos ha dirigido el de Sierra Nevada durante seis a\u00f1os. Ambos han solicitado el relevo. Y aqu\u00ed terminan los parecidos entre los dos directivos.<\/p>\n\n\n\n<p>Mientras escribo esta columna (que es el lunes) estar\u00e1 conociendo el consejo rector del Parque de las Ciencias la decisi\u00f3n de Luis Alcal\u00e1, aparentemente motivada por su pr\u00f3xima jubilaci\u00f3n, una explicaci\u00f3n que no convence a casi nadie. La noticia ya estaba en la calle antes de que ni los Amigos del Parque fueran informados de las verdaderas razones de Alcal\u00e1.<\/p>\n\n\n\n<p>Poco hemos tardado en conocer la situaci\u00f3n que afecta al Parque de las Ciencias, que podr\u00eda haber influido en la dimisi\u00f3n del director, pues se sabe que en los pr\u00f3ximos presupuestos de 2025 se espera un recorte de m\u00e1s de un mill\u00f3n de euros, lo cual ser\u00eda letal para el prestigioso y atractivo del museo, cuanto menos su pervivencia. Ya baj\u00f3 en 2023 de doce millones a 10,50, con un recorte de un mill\u00f3n de euros en un a\u00f1o. A estos datos se suman los problemas que est\u00e1n viviendo los empleados desde hace tiempo, sin que se consigan las necesarias mejoras\u2026 Teniendo en cuenta que la mayor\u00eda son j\u00f3venes de alta cualificaci\u00f3n, que cobran salarios muy precarios.<\/p>\n\n\n\n<p>No deja de ser, como m\u00ednimo, triste que una de las joyas de la corona granadina se vea en esta situaci\u00f3n tan decadente. All\u00ed donde tantos j\u00f3venes y ni\u00f1os descubrieron su vocaci\u00f3n cient\u00edfica y tantos mayores enriquecieron sus saberes, gracias a la brillante pedagog\u00eda de las exposiciones, y de todos los medios para sorprender a toda clase personas y experimentar que la Ciencia es interesante y nos ense\u00f1a a vivir con m\u00e1s conciencia\u2026<\/p>\n\n\n\n<p>Es imposible relatar todo lo que ha conseguido el Parque de las Ciencias en los treinta a\u00f1os transcurridos, desde que abri\u00f3 sus puertas a una Granada necesitada de modernidad y amor al conocimiento. Todos deseamos que la celebraci\u00f3n de los treinta a\u00f1os de vida de este prodigio se encuentre renovado y lleno de entusiasmo, que era su se\u00f1al de identidad siempre.<\/p>\n\n\n\n<p>Recojo unas palabras de Ernesto P\u00e1ramo, creador del Parque de las Ciencias, escritas en Ideal hace unos d\u00edas, evocando los treinta a\u00f1os cumplidos: \u00abDebemos recordar que para que maravillas como el Parque de las Ciencias existan, adem\u00e1s de crearlas hay que nutrirlas d\u00eda a d\u00eda, a trav\u00e9s de la &#8216;placenta social&#8217; que formamos todos, y tener bien claro que el Conocimiento y la Educaci\u00f3n son lo verdaderamente relevante. Precisamente para eso se cre\u00f3 hace 30 a\u00f1os el Parque de las Ciencias, y hablo con conocimiento de causa\u00bb.<\/p>\n\n\n\n<p><strong>Mar\u00eda Dolores Fern\u00e1ndez-F\u00edagres<\/strong><\/p>\n\n\n\n<p><a href=\"https:\/\/www.ideal.es\/opinion\/maria-dolores-fernandezfiagres-dos-parques-nuevas-epocas-20241218231503-nt.html#vca=fixed-btn&amp;vso=elideal&amp;vmc=unknow&amp;vli=opinion\">https:\/\/www.ideal.es\/opinion\/maria-dolores-fernandezfiagres-dos-parques-nuevas-epocas-20241218231503-nt.html#vca=fixed-btn&amp;vso=elideal&amp;vmc=unknow&amp;vli=opinion<\/a><\/p>\n","protected":false},"excerpt":{"rendered":"<p>Dos de los grandes tesoros de Granada, diferentes entre s\u00ed y semejantes en la categor\u00eda&#8230;<\/p>\n","protected":false},"author":1,"featured_media":73594,"comment_status":"closed","ping_status":"closed","sticky":false,"template":"","format":"standard","meta":{"_coblocks_attr":"","_coblocks_dimensions":"","_coblocks_responsive_height":"","_coblocks_accordion_ie_support":"","jetpack_post_was_ever_published":false,"_jetpack_newsletter_access":"","_jetpack_dont_email_post_to_subs":true,"_jetpack_newsletter_tier_id":0,"_jetpack_memberships_contains_paywalled_content":false,"_jetpack_memberships_contains_paid_content":false,"footnotes":"","jetpack_publicize_message":"","jetpack_publicize_feature_enabled":true,"jetpack_social_post_already_shared":true,"jetpack_social_options":{"image_generator_settings":{"template":"highway","enabled":false},"version":2}},"categories":[7149,10781,44],"tags":[],"class_list":["post-73593","post","type-post","status-publish","format-standard","has-post-thumbnail","hentry","category-coronavirus","category-granada","category-noticias-de-hoy"],"jetpack_publicize_connections":[],"jetpack_featured_media_url":"https:\/\/i0.wp.com\/miradordeatarfe.es\/wp-content\/uploads\/2024\/12\/Portada.jpg_1951930094.jpg?fit=769%2C401&ssl=1","jetpack_likes_enabled":true,"jetpack_sharing_enabled":true,"_links":{"self":[{"href":"https:\/\/miradordeatarfe.es\/index.php?rest_route=\/wp\/v2\/posts\/73593","targetHints":{"allow":["GET"]}}],"collection":[{"href":"https:\/\/miradordeatarfe.es\/index.php?rest_route=\/wp\/v2\/posts"}],"about":[{"href":"https:\/\/miradordeatarfe.es\/index.php?rest_route=\/wp\/v2\/types\/post"}],"author":[{"embeddable":true,"href":"https:\/\/miradordeatarfe.es\/index.php?rest_route=\/wp\/v2\/users\/1"}],"replies":[{"embeddable":true,"href":"https:\/\/miradordeatarfe.es\/index.php?rest_route=%2Fwp%2Fv2%2Fcomments&post=73593"}],"version-history":[{"count":2,"href":"https:\/\/miradordeatarfe.es\/index.php?rest_route=\/wp\/v2\/posts\/73593\/revisions"}],"predecessor-version":[{"id":73596,"href":"https:\/\/miradordeatarfe.es\/index.php?rest_route=\/wp\/v2\/posts\/73593\/revisions\/73596"}],"wp:featuredmedia":[{"embeddable":true,"href":"https:\/\/miradordeatarfe.es\/index.php?rest_route=\/wp\/v2\/media\/73594"}],"wp:attachment":[{"href":"https:\/\/miradordeatarfe.es\/index.php?rest_route=%2Fwp%2Fv2%2Fmedia&parent=73593"}],"wp:term":[{"taxonomy":"category","embeddable":true,"href":"https:\/\/miradordeatarfe.es\/index.php?rest_route=%2Fwp%2Fv2%2Fcategories&post=73593"},{"taxonomy":"post_tag","embeddable":true,"href":"https:\/\/miradordeatarfe.es\/index.php?rest_route=%2Fwp%2Fv2%2Ftags&post=73593"}],"curies":[{"name":"wp","href":"https:\/\/api.w.org\/{rel}","templated":true}]}}