{"id":73600,"date":"2024-12-25T11:12:00","date_gmt":"2024-12-25T10:12:00","guid":{"rendered":"https:\/\/miradordeatarfe.es\/?p=73600"},"modified":"2025-10-16T10:08:09","modified_gmt":"2025-10-16T08:08:09","slug":"la-industria-maderera-de-atarfe-por-jose-enrique-granados","status":"publish","type":"post","link":"https:\/\/miradordeatarfe.es\/?p=73600","title":{"rendered":"\u00abLA INDUSTRIA MADERERA DE ATARFE\u00bb por Jos\u00e9 Enrique Granados"},"content":{"rendered":"\n<p><strong>El domingo 18 de enero de 1925, El Defensor de Granada efectuaba un reportaje, titulado \u201cLa industria maderera: una visita a las plantaciones de Diego Li\u00f1\u00e1n\u201d. De \u00e9l, hemos extractado algunos apuntes.<\/strong><\/p>\n\n\n\n<p>\u00abUna de las industrias m\u00e1s importantes de Granada, es, sin duda alguna, la que desde hace a\u00f1os viene explotando en el t\u00e9rmino municipal de Santa fe, don Diego Li\u00f1\u00e1n. Aparte de la importancia que en el orden comercial significa la enorme extensi\u00f3n de terrenos donde se cultivan <a><\/a>millones de chopos, y de su diversidad de clases y calidades, el se\u00f1or Li\u00f1\u00e1n, hombre muy a la americana en los negocios, ha establecido en el centro de m\u00e1s plantaciones, una magn\u00edfica f\u00e1brica de aserrar dotada de cuantos adelantos se pueda aplicar a esta industria, para su m\u00e1s completo y total desarrollo. En la f\u00e1brica de aserrar, a cuyo frente se encuentra Jos\u00e9 Garc\u00eda Li\u00f1\u00e1n, sobrino de don Diego, y que en sus mocedades populariz\u00f3 en las lides taurinas el apodo de \u201cRemolino\u201d, trabajan diez obreros que con los ocupados en las faenas de la plantaci\u00f3n, conservaci\u00f3n de los chopos, corta y operaciones de acarreo suman un total de sesenta hombres, todos ellos content\u00edsimos de estar a las \u00f3rdenes de un hombre que, m\u00e1s que patrono, es un camarada en las faenas del trabajo y un padre en los momentos dif\u00edciles de la vida\u00bb.<\/p>\n\n\n\n<p>\u00abUn tranv\u00eda de la l\u00ednea de Pinos Puente nos lleva a la Estaci\u00f3n de Atarfe, y desde este pintoresco pueblo, atravesando veredas y pisan do barrizales que nos amenazan con enlodarnos hasta los tobillos, logramos arribar hasta la finca de Diego Li\u00f1\u00e1n, que sol\u00edcito siempre con nosotros, tuvo la gentileza de invitarnos a una excursi\u00f3n por sus dominios, nunca mejor empleada esta frase que ahora, ya que nuestro anfitri\u00f3n es por derecho propio rey del Chopo&#8230;\u00bb<\/p>\n\n\n\n<p>\u00abTengo planta dos de chopos 2.200 marjales, y de ah\u00ed que la gente me llame el rey del Chopo. En Espa\u00f1a no existe poco. Estas alamedas del Genil tienen la virtud de ser las \u00fanicas, quiz\u00e1 en el mundo, donde fructifica esta clase de \u00e1rbol, y como yo he tenido la suerte de cultivar con todo cari\u00f1o esta plantaci\u00f3n, no creo aventurado el suponer que sea el m\u00e1s importante propietario de Espa\u00f1a en esta industria. Y lo mismo que en Norteam\u00e9rica se titulan reyes del carb\u00f3n, del hierro y del petr\u00f3leo los industriales m\u00e1s importantes en estas materias, yo puedo titularme rey del chopo. Para que se d\u00e9 V. idea de la enorme cantidad de \u00e1rboles planta dos, le dir\u00e9 que las plantaciones lindan: por Santaf\u00e9 con la huerta del Padre Jos\u00e9 y cortijo del Cerrillo y por Atarfe con la caser\u00eda de Castilla y el Soto de Roma.\u00bb<\/p>\n\n\n\n<p>\u00abAl salir del cortijo y ya camino de Atarfe, vimos el estado de ruina en que se encuentra el \u00abpuente de D. Juan Garc\u00eda\u00bb, sobre el Genil, pues el tiempo y las riadas lo han enterrado en su casi totalidad, y hoy d\u00eda es una amenaza constante, pues m\u00e1s que puente hace las ve ces de presa. La Diputaci\u00f3n provincial debiera ordenar que se girase una visita de inspecci\u00f3n a ese puente, como asimismo al camino vecinal que parte de Atarfe y muere en Santa fe, convertido en un inmenso lodazal que hace imposible el tr\u00e1nsito, no de peatones, que el intentarlo es una quimera si no el de caballer\u00edas.\u00bb<\/p>\n\n\n\n<p>Obra presentada en el concurso de pintura al aire libre \u201cCiudad de Atarfe 2024\u201d.<\/p>\n\n\n\n<p>Gacetilla y curiosidades elvirenses.<\/p>\n","protected":false},"excerpt":{"rendered":"<p>El domingo 18 de enero de 1925, El Defensor de Granada efectuaba un reportaje, titulado&#8230;<\/p>\n","protected":false},"author":1,"featured_media":73601,"comment_status":"closed","ping_status":"closed","sticky":false,"template":"","format":"standard","meta":{"_coblocks_attr":"","_coblocks_dimensions":"","_coblocks_responsive_height":"","_coblocks_accordion_ie_support":"","jetpack_post_was_ever_published":false,"_jetpack_newsletter_access":"","_jetpack_dont_email_post_to_subs":true,"_jetpack_newsletter_tier_id":0,"_jetpack_memberships_contains_paywalled_content":false,"_jetpack_memberships_contains_paid_content":false,"footnotes":"","jetpack_publicize_message":"","jetpack_publicize_feature_enabled":true,"jetpack_social_post_already_shared":true,"jetpack_social_options":{"image_generator_settings":{"template":"highway","enabled":false},"version":2}},"categories":[1225,186,38,44],"tags":[],"class_list":["post-73600","post","type-post","status-publish","format-standard","has-post-thumbnail","hentry","category-ha-de-atarfe","category-instituciones","category-opinion-de-jose-enrique-granados","category-noticias-de-hoy"],"jetpack_publicize_connections":[],"jetpack_featured_media_url":"https:\/\/i0.wp.com\/miradordeatarfe.es\/wp-content\/uploads\/2024\/12\/469846504_1104109365055878_3600721060148644606_n.jpg?fit=781%2C540&ssl=1","jetpack_likes_enabled":true,"jetpack_sharing_enabled":true,"_links":{"self":[{"href":"https:\/\/miradordeatarfe.es\/index.php?rest_route=\/wp\/v2\/posts\/73600","targetHints":{"allow":["GET"]}}],"collection":[{"href":"https:\/\/miradordeatarfe.es\/index.php?rest_route=\/wp\/v2\/posts"}],"about":[{"href":"https:\/\/miradordeatarfe.es\/index.php?rest_route=\/wp\/v2\/types\/post"}],"author":[{"embeddable":true,"href":"https:\/\/miradordeatarfe.es\/index.php?rest_route=\/wp\/v2\/users\/1"}],"replies":[{"embeddable":true,"href":"https:\/\/miradordeatarfe.es\/index.php?rest_route=%2Fwp%2Fv2%2Fcomments&post=73600"}],"version-history":[{"count":1,"href":"https:\/\/miradordeatarfe.es\/index.php?rest_route=\/wp\/v2\/posts\/73600\/revisions"}],"predecessor-version":[{"id":73602,"href":"https:\/\/miradordeatarfe.es\/index.php?rest_route=\/wp\/v2\/posts\/73600\/revisions\/73602"}],"wp:featuredmedia":[{"embeddable":true,"href":"https:\/\/miradordeatarfe.es\/index.php?rest_route=\/wp\/v2\/media\/73601"}],"wp:attachment":[{"href":"https:\/\/miradordeatarfe.es\/index.php?rest_route=%2Fwp%2Fv2%2Fmedia&parent=73600"}],"wp:term":[{"taxonomy":"category","embeddable":true,"href":"https:\/\/miradordeatarfe.es\/index.php?rest_route=%2Fwp%2Fv2%2Fcategories&post=73600"},{"taxonomy":"post_tag","embeddable":true,"href":"https:\/\/miradordeatarfe.es\/index.php?rest_route=%2Fwp%2Fv2%2Ftags&post=73600"}],"curies":[{"name":"wp","href":"https:\/\/api.w.org\/{rel}","templated":true}]}}