{"id":73603,"date":"2024-12-21T10:17:00","date_gmt":"2024-12-21T09:17:00","guid":{"rendered":"https:\/\/miradordeatarfe.es\/?p=73603"},"modified":"2024-12-20T13:24:11","modified_gmt":"2024-12-20T12:24:11","slug":"fallece-federico-mayor-zaragoza-exministro-y-exrector-de-la-ugr-y-autoridad-que-inauguro-el-ies-iliberis-de-atarfe","status":"publish","type":"post","link":"https:\/\/miradordeatarfe.es\/?p=73603","title":{"rendered":"Fallece Federico Mayor Zaragoza, exministro y exrector de la UGR y autoridad que inauguro el IES ILIBERIS de ATARFE"},"content":{"rendered":"\n<p class=\"has-medium-font-size\"><strong>El intelectual, que ocup\u00f3 la presidencia de la UNESCO durante 12 a\u00f1os, fue un pionero de la libertad y mantuvo sus v\u00ednculos con Granada hasta sus \u00faltimos d\u00edas<\/strong><\/p>\n\n\n\n<p>Federico Mayor Zaragoza, exministro de Educaci\u00f3n y exrector de la Universidad de Granada, falleci\u00f3 este jueves a los 90 a\u00f1os de edad. El barcelon\u00e9s, que estuvo al frente de la Unesco durante 12 a\u00f1os, deja atr\u00e1s toda una vida dedicada al conocimiento y a la pol\u00edtica, las dos pasiones de quien fue un &#8216;pionero&#8217; de la libertad en los tiempos oscuros.<\/p>\n\n\n\n<p>Nacido en Barcelona en 1934, su trayectoria ascendi\u00f3 con una rapidez inaudita incluso para la \u00e9poca. Fue doctor en Farmacia por la Universidad Complutense de Madrid en 1958, lo que consigui\u00f3 con premio extraordinario. En aquella \u00e9poca estaba ligado al magisterio de \u00c1ngel Santos Ruiz, uno de los cient\u00edficos m\u00e1s relevantes del momento y figura esencial en la historia de la bioqu\u00edmica del pa\u00eds.<\/p>\n\n\n\n<figure class=\"wp-block-image size-large\"><img data-recalc-dims=\"1\" loading=\"lazy\" decoding=\"async\" width=\"640\" height=\"449\" src=\"https:\/\/i0.wp.com\/miradordeatarfe.es\/wp-content\/uploads\/2024\/12\/mayor-zaragoza-U2201726388783NVC-U2303395824811sF-1200x840%40Ideal.webp?resize=640%2C449&#038;ssl=1\" alt=\"\" class=\"wp-image-73604\" srcset=\"https:\/\/i0.wp.com\/miradordeatarfe.es\/wp-content\/uploads\/2024\/12\/mayor-zaragoza-U2201726388783NVC-U2303395824811sF-1200x840%40Ideal.webp?resize=1024%2C718&amp;ssl=1 1024w, https:\/\/i0.wp.com\/miradordeatarfe.es\/wp-content\/uploads\/2024\/12\/mayor-zaragoza-U2201726388783NVC-U2303395824811sF-1200x840%40Ideal.webp?resize=300%2C210&amp;ssl=1 300w, https:\/\/i0.wp.com\/miradordeatarfe.es\/wp-content\/uploads\/2024\/12\/mayor-zaragoza-U2201726388783NVC-U2303395824811sF-1200x840%40Ideal.webp?resize=768%2C538&amp;ssl=1 768w, https:\/\/i0.wp.com\/miradordeatarfe.es\/wp-content\/uploads\/2024\/12\/mayor-zaragoza-U2201726388783NVC-U2303395824811sF-1200x840%40Ideal.webp?w=1198&amp;ssl=1 1198w\" sizes=\"auto, (max-width: 640px) 100vw, 640px\" \/><\/figure>\n\n\n\n<p>Federico Mayor Zaragoza, exministro y exrector de la UGR, en Salobre\u00f1a. Ram\u00f3n L. P\u00e9rez<\/p>\n\n\n\n<p>Mayor Zaragoza aprovech\u00f3 los a\u00f1os siguientes para extender su formaci\u00f3n en el extranjero. Especial relevancia tiene la estancia en Oxford, donde form\u00f3 parte del laboratorio del alem\u00e1n Hans Adolf Krebs, descubridor del ciclo del \u00e1cido c\u00edtrico de los mam\u00edferos, lo que le vali\u00f3 para ser galardonado con el Premio Nobel de Fisiolog\u00eda en 1953.<\/p>\n\n\n\n<h3 class=\"wp-block-heading\">Cedi\u00f3 buena parte de su legado a la biblioteca de la nueva facultad de Ciencias de la Salud de la Universidad en 2017<\/h3>\n\n\n\n<p>En el 63, siendo ya una de las personalidades preeminentes de su especialidad, Mayor Zaragoza gan\u00f3 la plaza de catedr\u00e1tico de Bioqu\u00edmica de la Facultad de Farmacia de la Universidad de Granada. Su ascensi\u00f3n mete\u00f3rica, sin embargo, no se detuvo tras su llegada a la capital nazar\u00ed, ciudad con la que conect\u00f3 de inmediato gracias a su personalidad arrolladora y su profundo amor por la cultura. Apenas tard\u00f3 un lustro en ser designado m\u00e1ximo responsable de la instituci\u00f3n acad\u00e9mica, lo que supuso un nuevo hecho extraordinario. Ten\u00eda 34 a\u00f1os, lo que lo convirti\u00f3 en el rector m\u00e1s joven del pa\u00eds en siglos de historia.<\/p>\n\n\n\n<p>Su etapa al frente de la Universidad destac\u00f3 por su tendencia a ir m\u00e1s all\u00e1 de los l\u00edmites prefijados, esa mirada expansiva, amplificadora, que busc\u00f3 recuperar la posici\u00f3n preeminente de Granada en el panorama educativo nacional. A \u00e9l se debe la celebraci\u00f3n en Espa\u00f1a del Congreso de la Federaci\u00f3n Europea de Sociedades de Bioqu\u00edmica, un evento internacional que atrajo la atenci\u00f3n de grandes personalidades como Severo Ochoa, Carl Cori o Hans Adolf Krebs, con quien volvi\u00f3 a coincidir tras su etapa en Oxford, en un momento en el que las potencias mundiales segu\u00edan mirando de reojo al pa\u00eds por la dictadura.<\/p>\n\n\n\n<p>La \u00e9poca granadina se cerr\u00f3 en 1972, cuando dio el salto a Madrid como catedr\u00e1tico de su especialidad en la Universidad Aut\u00f3noma. Fue en esa etapa cuando Mayor Zaragoza empez\u00f3 a compaginar la educaci\u00f3n con la pol\u00edtica, otra de sus pasiones. Mientras lideraba iniciativas como el Centro de Biolog\u00eda Molecular &#8216;Severo Ochoa&#8217; de la mano del Consejo Superior de Investigaciones Cient\u00edficas, el dirigente adquir\u00eda responsabilidades de Estado como Subsecretario de Educaci\u00f3n y Ciencia, cargo desde el que promovi\u00f3 un plan nacional de prevenci\u00f3n que favoreci\u00f3 el diagn\u00f3stico de enfermedades mentales.<\/p>\n\n\n\n<p>Con la llegada de la democracia, Mayor Zaragoza se convirti\u00f3 en una de las figuras de relumbr\u00f3n de los primeros gobiernos. Fue diputado de la C\u00e1mara Baja y consejero de presidencia de Adolfo Su\u00e1rez entre 1977 y 1978. Ese a\u00f1o salt\u00f3 al campo internacional como director adjunto de la UNESCO, cargo que abandon\u00f3 en 1981 para ocupar el Ministerio de Educaci\u00f3n y Ciencia entre 1981 y 1982, bajo el gobierno de Leopoldo Calvo-Sotelo.<\/p>\n\n\n\n<h3 class=\"wp-block-heading\">V\u00ednculo con Granada<\/h3>\n\n\n\n<p>La llegada de Felipe Gonz\u00e1lez a la presidencia del Gobierno no supuso un freno a su relevancia. Su prestigio y capacidad le hizo acreedor de la direcci\u00f3n general de la UNESCO, papel que desempe\u00f1\u00f3 con gran \u00e9xito durante 12 a\u00f1os hasta 1999.<\/p>\n\n\n\n<p>Con la entrada del nuevo siglo, Federico Mayor Zaragoza no abandon\u00f3 sus costumbres y se convirti\u00f3 en una figura crucial tanto a nivel nacional como internacional, sirviendo de asesor en buena parte de las iniciativas espa\u00f1olas en el campo cultural y cient\u00edfico. El v\u00ednculo con Granada, adem\u00e1s, no se quebr\u00f3. En 2017, con 83 a\u00f1os, dio muestras de su amor por la ciudad y por la instituci\u00f3n acad\u00e9mica que dirigi\u00f3 en los 60 al ceder parte de su legado, compuesto por m\u00e1s de 18.000 vol\u00famenes y cientos de piezas art\u00edsticas, a la biblioteca de la nueva facultad de Ciencias de la Salud, que desde entonces lleva su nombre. Tambi\u00e9n formaba parte de la comisi\u00f3n encargada de la candidatura de la capitalidad cultural de Granada para 2031, labor en la que permaneci\u00f3 activo hasta sus \u00faltimos d\u00edas.<\/p>\n\n\n\n<p>Con su muerte, el pa\u00eds pierde a un &#8216;pionero&#8217; de la libertad en los tiempos oscuros, una de las personalidades sin las que es posible comprender la historia de las \u00faltimas seis d\u00e9cadas en campos como la pol\u00edtica, la ciencia, la investigaci\u00f3n o la cultura.<\/p>\n\n\n\n<h3 class=\"wp-block-heading\">La UGR lamenta el fallecimiento<\/h3>\n\n\n\n<p>La Universidad de Granada (UGR) lamenta profundamente el fallecimiento de Federico Mayor Zaragoza, quien fuera rector de la Universidad de Granada entre los a\u00f1os 1968 y 1972, catedr\u00e1tico de Bioqu\u00edmica de esta instituci\u00f3n, ex ministro de Educaci\u00f3n y Ciencia y ex director general de la UNESCO.<\/p>\n\n\n\n<p>El rector de la UGR, Pedro Mercado, ha destacado \u00abel importante papel que desempe\u00f1\u00f3 Mayor Zaragoza como rector de nuestra instituci\u00f3n en momentos absolutamente trascendentales para la gesti\u00f3n de la UGR\u00bb, y se\u00f1ala que Mayor Zaragoza \u00abera una gran persona, un gran intelectual y un cient\u00edfico de gran altura, que ha brillado en todos aquellos lugares dentro y fuera de la UGR donde ha desempe\u00f1ado su labor. Es ese espejo en el que siempre deberemos mirarnos\u00bb.<\/p>\n\n\n\n<p>En 2017 Mayor Zaragoza don\u00f3 a nuestra instituci\u00f3n un importante archivo bibliogr\u00e1fico formado por m\u00e1s de 19.000 libros, archivos y obras de arte, que desde entonces constituyen la Biblioteca \u00abMayor Zaragoza\u00bb, ubicada en la planta baja de la Biblioteca del Parque Tecnol\u00f3gico de la Salud (PTS).<\/p>\n\n\n\n<p>En los \u00faltimos tiempos, Federico Mayor Zaragoza trabajaba muy activamente dentro de la Comisi\u00f3n institucional para la conmemoraci\u00f3n del V Centenario de la Universidad de Granada, que tendr\u00e1 lugar en 2031, \u00aby en ella segu\u00eda defendiendo como siempre hab\u00eda hecho esos valores tan importantes para la UGR como la educaci\u00f3n, la paz y los derechos humanos\u00bb, ha afirmado Mercado.<\/p>\n\n\n\n<p>La UGR quiere trasladar sus m\u00e1s sinceras condolencias a la familia y amigos de Federico Mayor Zaragoza, y a todas aquellas personas que tuvieron el privilegio de conocerlo y trabajar con \u00e9l.<\/p>\n\n\n\n<p><strong><a href=\"https:\/\/www.ideal.es\/autor\/diego-callejon-2535.html\">Diego Callej\u00f3n<\/a> y <a href=\"https:\/\/www.ideal.es\/autor\/pablo-rodriguez-369.html\">Pablo Rodr\u00edguez<\/a><\/strong><\/p>\n\n\n\n<p>FOTO: En la fotograf\u00eda, vemos a Don Federico en el centro, estando a su derecha Alfonso Bail\u00f3n, alcalde de Atarfe. (DE GACETILLA Y CURIOSIDADES ELVIRENSE)<\/p>\n\n\n\n<p><a href=\"https:\/\/www.ideal.es\/granada\/muere-federico-mayor-zaragoza-exministro-exrector-ugr-20241219162856-nt.html#vtm_modulosEngag=lomas:culturas:noticia:1\">https:\/\/www.ideal.es\/granada\/muere-federico-mayor-zaragoza-exministro-exrector-ugr-20241219162856-nt.html#vtm_modulosEngag=lomas:culturas:noticia:1<\/a><\/p>\n","protected":false},"excerpt":{"rendered":"<p>El intelectual, que ocup\u00f3 la presidencia de la UNESCO durante 12 a\u00f1os, fue un pionero&#8230;<\/p>\n","protected":false},"author":1,"featured_media":73605,"comment_status":"closed","ping_status":"closed","sticky":false,"template":"","format":"standard","meta":{"_coblocks_attr":"","_coblocks_dimensions":"","_coblocks_responsive_height":"","_coblocks_accordion_ie_support":"","jetpack_post_was_ever_published":false,"_jetpack_newsletter_access":"","_jetpack_dont_email_post_to_subs":true,"_jetpack_newsletter_tier_id":0,"_jetpack_memberships_contains_paywalled_content":false,"_jetpack_memberships_contains_paid_content":false,"footnotes":"","jetpack_publicize_message":"","jetpack_publicize_feature_enabled":true,"jetpack_social_post_already_shared":true,"jetpack_social_options":{"image_generator_settings":{"template":"highway","enabled":false},"version":2}},"categories":[187,186,44],"tags":[],"class_list":["post-73603","post","type-post","status-publish","format-standard","has-post-thumbnail","hentry","category-centros-educativos","category-instituciones","category-noticias-de-hoy"],"jetpack_publicize_connections":[],"jetpack_featured_media_url":"https:\/\/i0.wp.com\/miradordeatarfe.es\/wp-content\/uploads\/2024\/12\/470709140_1112277817572366_7167656101709860985_n.jpg?fit=720%2C510&ssl=1","jetpack_likes_enabled":true,"jetpack_sharing_enabled":true,"_links":{"self":[{"href":"https:\/\/miradordeatarfe.es\/index.php?rest_route=\/wp\/v2\/posts\/73603","targetHints":{"allow":["GET"]}}],"collection":[{"href":"https:\/\/miradordeatarfe.es\/index.php?rest_route=\/wp\/v2\/posts"}],"about":[{"href":"https:\/\/miradordeatarfe.es\/index.php?rest_route=\/wp\/v2\/types\/post"}],"author":[{"embeddable":true,"href":"https:\/\/miradordeatarfe.es\/index.php?rest_route=\/wp\/v2\/users\/1"}],"replies":[{"embeddable":true,"href":"https:\/\/miradordeatarfe.es\/index.php?rest_route=%2Fwp%2Fv2%2Fcomments&post=73603"}],"version-history":[{"count":1,"href":"https:\/\/miradordeatarfe.es\/index.php?rest_route=\/wp\/v2\/posts\/73603\/revisions"}],"predecessor-version":[{"id":73606,"href":"https:\/\/miradordeatarfe.es\/index.php?rest_route=\/wp\/v2\/posts\/73603\/revisions\/73606"}],"wp:featuredmedia":[{"embeddable":true,"href":"https:\/\/miradordeatarfe.es\/index.php?rest_route=\/wp\/v2\/media\/73605"}],"wp:attachment":[{"href":"https:\/\/miradordeatarfe.es\/index.php?rest_route=%2Fwp%2Fv2%2Fmedia&parent=73603"}],"wp:term":[{"taxonomy":"category","embeddable":true,"href":"https:\/\/miradordeatarfe.es\/index.php?rest_route=%2Fwp%2Fv2%2Fcategories&post=73603"},{"taxonomy":"post_tag","embeddable":true,"href":"https:\/\/miradordeatarfe.es\/index.php?rest_route=%2Fwp%2Fv2%2Ftags&post=73603"}],"curies":[{"name":"wp","href":"https:\/\/api.w.org\/{rel}","templated":true}]}}