{"id":73607,"date":"2024-12-24T11:00:00","date_gmt":"2024-12-24T10:00:00","guid":{"rendered":"https:\/\/miradordeatarfe.es\/?p=73607"},"modified":"2024-12-20T13:30:22","modified_gmt":"2024-12-20T12:30:22","slug":"viver-amplia-su-fabrica-en-atarfe-para-producir-kombucha-para-toda-europa","status":"publish","type":"post","link":"https:\/\/miradordeatarfe.es\/?p=73607","title":{"rendered":"V\u00edver ampl\u00eda su f\u00e1brica en Atarfe para producir kombucha para toda Europa"},"content":{"rendered":"\n<p class=\"has-medium-font-size\"><strong>La empresa granadina estrena unas instalaciones que multiplican por diez su capacidad de producci\u00f3n para abastecer a las grandes cadenas, gracias a su alianza con la multinacional AMC<\/strong><\/p>\n\n\n\n<p>La empresa granadina V\u00edver Kombucha est\u00e1 experimentando un crecimiento espectacular gracias a la alianza estrat\u00e9gica que firm\u00f3 el pasado a\u00f1o con la multinacional AMC Global, con sede en Murcia y n\u00famero uno de Europa en zumos refrigerados, para producir y comercializar kombucha en toda Europa. El acuerdo con la muticional supuso un salto de gigante para la empresa granadina que gracias a la experiencia e infraestructura de su socia se ha adentrado de lleno en el mercado europeo y fabrica desde su planta en Atarfe kombucha de marca blanca para las principales cadenas internacionales, que ya son clientes de AMC.<\/p>\n\n\n\n<p>Para adecuarse a este crecimiento la empresa granadina ha dado un paso m\u00e1s con la ampliaci\u00f3n de las instalaciones de Granada, que han multiplicado por diez su capacidad para impulsar la producci\u00f3n de esta bebida fermentada que venden a las cadenas espa\u00f1olas y europeas.<\/p>\n\n\n\n<p><strong>La planta de Atarfe, que cuenta con 3.000 metros cuadrados, ha estrenado dos nuevas l\u00edneas de producci\u00f3n con la que se multiplica por diez su capacidad, pasando de tres a 30 millones de unidades anuales. <\/strong>Seg\u00fan explican desde V\u00edver Kombucha, han logrado las certificaciones de calidad IFS (International Featured Standard) y BRC (British Retail Consortium), para poder exportar productos a estos mercados \u00abcumpliendo con los mayores est\u00e1ndares de seguridad a nivel mundial\u00bb. \u00abDe esta manera, las instalaciones disponen de nuevas l\u00edneas de envasado en lata y vidrio, que ayudan a automatizar los procesos de fabricaci\u00f3n y a aumentar la oferta de formatos en sus productos\u00bb, se\u00f1alan.<\/p>\n\n\n\n<p>De esta forma, V\u00edver Kombucha y AMC Global fabricar\u00e1n tanto la marca propia V\u00edver Kombucha y como bebida de marca blanca para los grandes retailers espa\u00f1oles y europeos \u00abque siguiendo las tendencias del mercado, han incrementado la demanda de este tipo de bebidas\u00bb.<\/p>\n\n\n\n<p>La alianza estrat\u00e9gica firmada en 2023 por ambas empresas, est\u00e1 permitiendo a la multinacional murciana ampliar y diversificar su porfolio de propuestas &#8216;private label&#8217; (productos de marca propia pero fabricados por otra empresa) para la gran distribuci\u00f3n, con nuevas bebidas fermentadas, seg\u00fan el CEO de AMC Global, Antonio Mu\u00f1oz Beraza. \u00abDesde nuestra divisi\u00f3n de innovaci\u00f3n AMC IDEAS se ha trabajado intensamente para extender el rango de recetas, que incluye propiedad intelectual y patentes conjuntas desarrolladas junto a V\u00edver Kombucha\u00bb, subraya el CEO. Con este movimiento se convierte en \u00abreferentes europeos en bebidas fermentadas\u00bb.<\/p>\n\n\n\n<p>En la misma l\u00ednea, Ra\u00fal de Frutos, co-CEO y cofundador de V\u00edver Kombucha junto con Fernando Mart\u00edn, destaca que la integraci\u00f3n con el equipo de innovaci\u00f3n de AMC GLOBAL ha sido clave para el desarrollo de nuevos productos. \u00abEN 2025 vamos a ser pioneros en nuevas categor\u00edas gracias al trabajo t\u00e9cnico, cient\u00edfico e industrial realizado durante el primer a\u00f1o de alianza. Nuestro objetivo es convertirnos, de la mano de AMC Global, en los referentes en Europa en la producci\u00f3n y distribuci\u00f3n de bebidas naturales fermentadas que aporten sabor y salud a los consumidores\u00bb, subraya.<\/p>\n\n\n\n<p>V\u00edver Kombucha fue lanzada en marzo de 2020 por los emprendedores Ra\u00fal Frutos y Fernando Mart\u00edn y es un claro caso de \u00e9xito. La alianza estrat\u00e9gica firmada en 2023 con la multinacional espa\u00f1ola AMC Global ha impulsado su expansi\u00f3n en Europa. V\u00edver Kombucha se vende en 5.000 tiendas en toda Espa\u00f1a, a trav\u00e9s de El Corte Ingl\u00e9s, Carrefour, Alcampo, Coviran, Coaliment, Masymas, Lupa, Novavenda, Eroski, Caprabo, Transgourmet Ib\u00e9rica, Herbolarios Navarro, Grupo Upper, Todotodo Spar, Deza Calidad, Hiperber, Bon\u00c1rea, Dinosol, Grupo MAS, BM Supermercados y tambi\u00e9n en restaurantes y online a trav\u00e9s de su p\u00e1gina web.<\/p>\n\n\n\n<p class=\"has-small-font-size\"><div class=\"v-w\" data-voc-adbd-layer=\"\"><div class=\"v-c\"><div class=\"v-g v-g--ab-c\"><div class=\"v-g__c\"><article class=\"v-a v-a--d v-a--d-bs v-a--p-b\"><div class=\"v-a-img-c v-a-img-c--fw-xs\"><h1 class=\"v-a-t\"><div class=\"v-mdl-ath__img-c\"><p class=\"v-mdl-ath__p v-mdl-ath__p--2\"><a data-mrf-link=\"https:\/\/www.ideal.es\/autor\/mercedes-navarrete-434.html\" href=\"https:\/\/www.ideal.es\/autor\/mercedes-navarrete-434.html\">Mercedes Navarrete<\/a><\/p>FOTO: <span class=\"v-fc__t\">Los responsables de V\u00edver Kombucha y ACM. De izquierda a derecha Fernando Mart\u00edn, Alberto Hern\u00e1ndez, Pedro de Frutos,  Ra\u00fal de Frutos, Mar\u00eda Garc\u00eda y Ana<\/span>          <span class=\"v-fc__p\">IDEAL<\/span>  <\/div><\/h1><\/div><\/article><\/div><\/div><\/div><\/div><\/p>\n\n\n\n<p class=\"has-medium-font-size\">https:\/\/www.ideal.es\/granada\/viver-amplia-fabrica-atarfe-producir-kombucha-europa-20241211133428-nt.html<div class=\"v-w\" data-voc-adbd-layer=\"\"><div class=\"v-c\"><div class=\"v-g v-g--ab-c\"><div class=\"v-g__c\"><article class=\"v-a v-a--d v-a--d-bs v-a--p-b\"><div class=\"v-a-img-c v-a-img-c--fw-xs\"><h1 class=\"v-a-t\"><div class=\"v-mdl-ath__img-c\">      <\/div><\/h1><br \/><h1 class=\"v-a-t\"><br \/><p class=\"v-a-pre-t\"><\/p><div class=\"v-mdl-ath__img-c\"><figure class=\"v-mdl-ath__fig\"><br \/><a class=\"v-mdl-ath__fig-a\" title=\"Mercedes Navarrete\" data-mrf-link=\"https:\/\/www.ideal.es\/autor\/mercedes-navarrete-434.html\" href=\"https:\/\/www.ideal.es\/autor\/mercedes-navarrete-434.html\"><br \/><br \/><\/a><br \/><\/figure><br \/><p class=\"v-mdl-ath__p v-mdl-ath__p--2\"><br \/><br \/><\/p><\/div><\/h1><\/div><\/article><\/div><\/div><\/div><\/div><br \/><br \/><br \/><br \/><br \/><br \/><br \/><br \/><br \/><br \/><br \/><br \/><\/p>\n","protected":false},"excerpt":{"rendered":"<p>La empresa granadina estrena unas instalaciones que multiplican por diez su capacidad de producci\u00f3n para&#8230;<\/p>\n","protected":false},"author":1,"featured_media":73608,"comment_status":"closed","ping_status":"closed","sticky":false,"template":"","format":"standard","meta":{"_coblocks_attr":"","_coblocks_dimensions":"","_coblocks_responsive_height":"","_coblocks_accordion_ie_support":"","jetpack_post_was_ever_published":false,"_jetpack_newsletter_access":"","_jetpack_dont_email_post_to_subs":true,"_jetpack_newsletter_tier_id":0,"_jetpack_memberships_contains_paywalled_content":false,"_jetpack_memberships_contains_paid_content":false,"footnotes":"","jetpack_publicize_message":"","jetpack_publicize_feature_enabled":true,"jetpack_social_post_already_shared":true,"jetpack_social_options":{"image_generator_settings":{"template":"highway","enabled":false},"version":2}},"categories":[2,1161,186,44],"tags":[],"class_list":["post-73607","post","type-post","status-publish","format-standard","has-post-thumbnail","hentry","category-atarfe","category-ciudadania","category-instituciones","category-noticias-de-hoy"],"jetpack_publicize_connections":[],"jetpack_featured_media_url":"https:\/\/i0.wp.com\/miradordeatarfe.es\/wp-content\/uploads\/2024\/12\/viveratarfe.jpg?fit=1654%2C2126&ssl=1","jetpack_likes_enabled":true,"jetpack_sharing_enabled":true,"_links":{"self":[{"href":"https:\/\/miradordeatarfe.es\/index.php?rest_route=\/wp\/v2\/posts\/73607","targetHints":{"allow":["GET"]}}],"collection":[{"href":"https:\/\/miradordeatarfe.es\/index.php?rest_route=\/wp\/v2\/posts"}],"about":[{"href":"https:\/\/miradordeatarfe.es\/index.php?rest_route=\/wp\/v2\/types\/post"}],"author":[{"embeddable":true,"href":"https:\/\/miradordeatarfe.es\/index.php?rest_route=\/wp\/v2\/users\/1"}],"replies":[{"embeddable":true,"href":"https:\/\/miradordeatarfe.es\/index.php?rest_route=%2Fwp%2Fv2%2Fcomments&post=73607"}],"version-history":[{"count":1,"href":"https:\/\/miradordeatarfe.es\/index.php?rest_route=\/wp\/v2\/posts\/73607\/revisions"}],"predecessor-version":[{"id":73609,"href":"https:\/\/miradordeatarfe.es\/index.php?rest_route=\/wp\/v2\/posts\/73607\/revisions\/73609"}],"wp:featuredmedia":[{"embeddable":true,"href":"https:\/\/miradordeatarfe.es\/index.php?rest_route=\/wp\/v2\/media\/73608"}],"wp:attachment":[{"href":"https:\/\/miradordeatarfe.es\/index.php?rest_route=%2Fwp%2Fv2%2Fmedia&parent=73607"}],"wp:term":[{"taxonomy":"category","embeddable":true,"href":"https:\/\/miradordeatarfe.es\/index.php?rest_route=%2Fwp%2Fv2%2Fcategories&post=73607"},{"taxonomy":"post_tag","embeddable":true,"href":"https:\/\/miradordeatarfe.es\/index.php?rest_route=%2Fwp%2Fv2%2Ftags&post=73607"}],"curies":[{"name":"wp","href":"https:\/\/api.w.org\/{rel}","templated":true}]}}