{"id":73651,"date":"2024-12-27T09:39:00","date_gmt":"2024-12-27T08:39:00","guid":{"rendered":"https:\/\/miradordeatarfe.es\/?p=73651"},"modified":"2024-12-25T21:36:41","modified_gmt":"2024-12-25T20:36:41","slug":"cada-ser-humano-es-unico-pero-han-hecho-de-nosotros-seres-sumisos-y-temerosos","status":"publish","type":"post","link":"https:\/\/miradordeatarfe.es\/?p=73651","title":{"rendered":"\u00abCada ser humano es \u00fanico, pero han hecho de nosotros seres sumisos y temerosos\u00bb"},"content":{"rendered":"\n<p class=\"has-medium-font-size\"><em><strong>De palabra presta \u2013y, por momentos, incontenible\u2013, disposici\u00f3n franca y memoria depositaria de una sorprendente profusi\u00f3n de datos y an\u00e9cdotas, Federico Mayor Zaragoza (Barcelona, 1934) siempre persisti\u00f3 en el empe\u00f1o de hacer del mundo un lugar mejor. En esa empresa, resultar\u00eda abrumador trazar su recorrido pol\u00edtico. Baste recordar que fue ministro de Educaci\u00f3n y Ciencia, eurodiputado, director general de la Unesco, diputado por Granada, y miembro, entre otras entidades, de la Academia Europea de Ciencias y Artes, de la Real Academia de Bellas Artes de San Fernando, de la Academia de Ciencias de Rusia, del Consejo Superior de Investigaciones Cient\u00edficas, del Club de Roma y de la Fundaci\u00f3n Ram\u00f3n Areces.\u00a0<\/strong><\/em><\/p>\n\n\n\n<p><strong>Ya que es de lo primero que me hablabas antes de empezar, de <a href=\"https:\/\/ethic.es\/2019\/07\/cambiemos-el-mundo-greta-thunberg\/\" target=\"_blank\" rel=\"noreferrer noopener\">Greta Thunberg<\/a>, \u00bfde d\u00f3nde viene esa animadversi\u00f3n furibunda contra ella?<\/strong><\/p>\n\n\n\n<p>Greta es una de esas personas que destacan s\u00fabitamente, que despiertan un gran apoyo p\u00fablico que engendra, a su vez, inmediatos detractores. Ha tenido un buen apoyo desde el punto de vista de los medios de comunicaci\u00f3n, tiene una gran capacidad para transmitir mensajes y una personalidad particular unida a sus caracter\u00edsticas especiales. Ha logrado que la gente la escuche y ha conseguido que el mensaje de tantos cient\u00edficos cale en la gente. Ella nos mira a los ojos y nos dice lo que algunos ya sabemos: que por primera vez en la historia estamos ante un proceso irreversible y que tenemos que ser conscientes de nuestra responsabilidad ante la historia. Eso nos deber\u00eda de empujar a actuar de manera consecuente.<\/p>\n\n\n\n<p><strong>Pero me temo que el problema no es la actuaci\u00f3n individual sino el propio sistema\u2026<\/strong><\/p>\n\n\n\n<p>La Unesco, en el 47 \u2013\u00a1en el a\u00f1o 47!\u2013, cre\u00f3 la <a href=\"https:\/\/www.iucn.org\/es\" target=\"_blank\" rel=\"noreferrer noopener\">Uni\u00f3n Internacional para la Conservaci\u00f3n de la Naturaleza<\/a>, y en los a\u00f1os 50 ya cont\u00e1bamos con un Plan Geol\u00f3gico Internacional, otro Hidrogr\u00e1fico, otro Oceanogr\u00e1fico\u2026 Yo intervine a favor del conocimiento de los oc\u00e9anos, porque se nos olvida que los dos tercios de la piel del planeta son mar. Por aquel entonces trabaj\u00e1bamos much\u00edsimo, pero no lo hac\u00edamos urgidos ni apremiados, porque pens\u00e1bamos que si los gobernantes no nos hac\u00edan caso, ya lo har\u00edan en alg\u00fan momento. Y ese momento ha llegado. Cuando se crea el Club de Roma, a principios de los setenta, se publica el informe Los l\u00edmites del crecimiento, y en el a\u00f1o 79 la Academia de Ciencias de los Estados Unidos redacta otro con las mismas conclusiones. La cuesti\u00f3n no es que las emisiones eran y son excesivas, que tambi\u00e9n, sino que la recaptura por los oc\u00e9anos es insuficiente. Los oc\u00e9anos representan el 82% de la recaptura del anh\u00eddrido carb\u00f3nico. Todo eso se dijo hace mucho tiempo, y hoy llegamos a un momento crucial, porque la situaci\u00f3n es irreversible. Hay que cambiar, tambi\u00e9n el sistema.<\/p>\n\n\n\n<p><strong>Han sido muchos los colaboracionistas.<\/strong><\/p>\n\n\n\n<p>Sin duda, empezando por los <a href=\"https:\/\/ethic.es\/2018\/05\/los-medios-y-el-cambio-climatico-el-activismo-es-informar\/\" target=\"_blank\" rel=\"noreferrer noopener\">medios de comunicaci\u00f3n<\/a>. Hoy en d\u00eda, los que existen, en general, son una verg\u00fcenza y est\u00e1n condicionados por grandes consorcios econ\u00f3micos. Con la FOX, Murdoch tiene una influencia decisiva, por ejemplo, pero pensemos en los cuatro peri\u00f3dicos ubicados en Madrid: todos son sesgados, cada uno pertenece a una ideolog\u00eda que defiende por encima de la verdad o a una empresa, quedando al albur de los intereses econ\u00f3micos, tambi\u00e9n por encima de la verdad.<\/p>\n\n\n\n<p><strong>\u00bfCulpar al mensajero no es un tanto desproporcionado?<\/strong><\/p>\n\n\n\n<blockquote class=\"wp-block-quote is-layout-flow wp-block-quote-is-layout-flow\">\n<p>\u00abEuropa ya no es ejemplo de nada, si acaso de indiferencia y de insolidaridad\u00bb<\/p>\n<\/blockquote>\n\n\n\n<p>Los medios tienen su responsabilidad, pero, sobre todo, la tienen los poderes econ\u00f3micos. ExxonMobil, la empresa petrolera estadounidense, se coloc\u00f3 hace a\u00f1os al frente del negacionismo y pagaba a pseudocient\u00edficos para que dijeran lo que les favorec\u00eda, es decir, que no era para tanto el cambio clim\u00e1tico. Sus informes ten\u00edan mucho \u00e9xito porque el gran consorcio mundial del petr\u00f3leo estaba encantado con ellos. Durante diecis\u00e9is a\u00f1os estuvieron enga\u00f1ando a la humanidad, algo lamentable. A finales de los 90, la revista <em>Newsweek <\/em>public\u00f3 un extenso reportaje de denuncia y alerta. S\u00ed, de acuerdo, el mundo se escandaliz\u00f3, pero no pas\u00f3 nada y ExxonMobil jam\u00e1s asumi\u00f3 su responsabilidad. Ahora ya nadie duda pero, para ello, <a href=\"https:\/\/ethic.es\/2019\/07\/artico-hfo-combustibles-pesados\/\" target=\"_blank\" rel=\"noreferrer noopener\">el \u00c1rtico ha tenido que comenzar a agrietarse<\/a>. Tenemos suficientes datos para predecir que, en diez a\u00f1os, el \u00c1rtico desaparecer\u00e1, con lo cual ya no habr\u00e1 refracci\u00f3n de rayos solares sino que entrar\u00e1n directamente en el mar, por no hablar del permafrost, esa capa de hielo de hace siglos que, al descongelarse, libera bolsas de gas metano, 23 veces m\u00e1s contaminante.<\/p>\n\n\n<div class=\"wp-block-image\">\n<figure class=\"aligncenter\"><img data-recalc-dims=\"1\" decoding=\"async\" src=\"https:\/\/i0.wp.com\/ethic.es\/wp-content\/uploads\/2020\/02\/MAYOR-ZARAGOZA8.jpg?w=640&#038;ssl=1\" alt=\"\" class=\"wp-image-41378\"\/><\/figure>\n<\/div>\n\n\n<p><strong>Tambi\u00e9n habr\u00e1 una responsabilidad pol\u00edtica.<\/strong><\/p>\n\n\n\n<p>Enorme. Especialmente al cometer el disparate de abandonar el multilateralismo, el gran dise\u00f1o que plante\u00f3 Roosevelt, que combat\u00eda el supremacismo, el racismo, la superioridad\u2026 El multilateralismo favorec\u00eda que los gobiernos se dejasen aconsejar por los cient\u00edficos y no por intereses econ\u00f3micos, pero lleg\u00f3 un se\u00f1or, Reagan, que cre\u00f3 el G6, adem\u00e1s en un momento de esperanza \u2013a finales de los 80, en pleno auge de figuras como <a href=\"https:\/\/ethic.es\/2018\/07\/diez-frases-nelson-mandela\/\" target=\"_blank\" rel=\"noreferrer noopener\">Mandela<\/a> y Gorbachov\u2013. Pero le dio igual y constituy\u00f3 el G6 que, al igual que sucede con el G7, el G8 y el G20, en realidad es un \u00fanico pa\u00eds: Estados Unidos. Gorbachov le propuso firmar una declaraci\u00f3n hist\u00f3rica para acabar con el armamento nuclear y Reagan acept\u00f3 reducirlo un 70%. No nos enga\u00f1emos. Se acepta la tenencia de la bomba at\u00f3mica.<\/p>\n\n\n\n<p><strong>\u00bfTan dif\u00edcil es plantar cara a Estados Unidos?<\/strong><\/p>\n\n\n\n<p>Ahora s\u00ed, por nuestros representantes pol\u00edticos. Pero hubo un tiempo en que Sandro Pertini y Andreotti mandaban en Italia, Helmut Kohl en Alemania, Ruud Lubbers en Holanda, Gro Harlem en Noruega, Olof Palme en Suecia\u2026<\/p>\n\n\n\n<p><strong>\u2026cuyo asesinato sigue irresoluto.<\/strong><\/p>\n\n\n\n<p>As\u00ed es. Lo que quiero decir es que hubo un tiempo en que los gobernantes ejerc\u00edan su tarea y plantaban cara a Estados Unidos. Era una Europa distinta, no una mera uni\u00f3n monetaria, sino que era un ejemplo en derechos humanos, en solidaridad, en ayuda al desarrollo, en democracia\u2026<\/p>\n\n\n\n<p><strong>Hablas de esa Europa en pasado.<\/strong><\/p>\n\n\n\n<p>Es que esa Europa ya no existe. \u00bf<a href=\"https:\/\/ethic.es\/2019\/06\/mediterraneo-medicos-sin-fronteras\/\" target=\"_blank\" rel=\"noreferrer noopener\">Cu\u00e1nta gente dejamos que muera en el Mediterr\u00e1neo<\/a>? \u00bfCu\u00e1nta ayuda al desarrollo destinamos? Ayuda al desarrollo, es decir, para que la gente pueda vivir dignamente en sus lugares de origen. Entonces, dedic\u00e1bamos el 0,52% del PIB y, en estos momentos, el 0,1%. No, ya no somos s\u00edmbolo de nada, si acaso de indiferencia y de insolidaridad. Solo nos interesa el PIB. Europa ha pasado de ser un ejemplo a ser irrelevante y, desde luego, cuantitativamente, lo somos. En su conjunto, Europa es m\u00e1s o menos un tercio de la India, pero cualitativamente fuimos un sost\u00e9n mundial. Sin embargo, la deriva neoliberal nos ha llevado preocuparnos solo por el PIB, que indica crecimiento, no desarrollo.<\/p>\n\n\n\n<p><strong>Suena francamente pesimista.<\/strong><\/p>\n\n\n\n<blockquote class=\"wp-block-quote is-layout-flow wp-block-quote-is-layout-flow\">\n<p>\u00abLo que no hagamos hoy ser\u00e1 un desastre para los que vengan detr\u00e1s que, adem\u00e1s, no podr\u00e1n revertirlo\u00bb<\/p>\n<\/blockquote>\n\n\n\n<p>Hay acontecimientos que me irritan profundamente, por ejemplo, haber invadido Iraq basados en una mentira y terminar matando a miles de personas. Hay quien se extra\u00f1a de que haya terroristas, pero, \u00bfqu\u00e9 hemos hecho nosotros, los occidentales, los europeos, en Siria, en Libia y en tantos otros lugares? Si tuvi\u00e9ramos una ONU fuerte tendr\u00edamos otro concepto de seguridad, y no el que nos impone Trump, que supone un gasto de cuatro mil millones de d\u00f3lares diarios en gastos militares, en armas y en defensa territorial. Pero luego resulta que el pa\u00eds m\u00e1s poderoso del mundo no es capaz de hacer frente a los incendios de California\u2026 Eso s\u00ed, su escudo antimisiles es indestructible. Frente a esta pol\u00edtica no ha habido posibilidad de que la ONU se imponga. Y desde la reuni\u00f3n de las Azores, cuando se decidi\u00f3 la guerra de Iraq, la ONU ha quedado herida, casi sin capacidad de reacci\u00f3n. Por fortuna, despu\u00e9s lleg\u00f3 Obama, y el papa Francisco, que escribi\u00f3 una Enc\u00edclica ecol\u00f3gica, tendiendo la mano al islam. Hay momentos para la rabia, pero siempre hay que pelear por aquello en lo que se cree. Y hay dos focos que infunden una enorme esperanza: la mujer y la juventud. <a href=\"https:\/\/ethic.es\/2019\/08\/ultima-generacion-puede-salvar-planeta-cambio-climatico\/\" target=\"_blank\" rel=\"noreferrer noopener\">Greta ha movilizado a much\u00edsimos j\u00f3venes<\/a>, que antes de ella ya hab\u00edan tomado las calles poco a poco; y las mujeres demostraron ese hist\u00f3rico 8 de marzo que est\u00e1n cansadas de c\u00f3mo se hacen las cosas. Mandela me lo dijo: \u00abLa mujer ser\u00e1 la piedra angular de la nueva era\u00bb.<\/p>\n\n\n\n<p><strong>Muy b\u00edblico.<\/strong><\/p>\n\n\n\n<p>S\u00ed, pero ten\u00eda raz\u00f3n. Adem\u00e1s, la mujer excepcionalmente utiliza la fuerza, mientras que el hombre solo excepcionalmente no la utiliza. Las mujeres y los j\u00f3venes ser\u00e1n decisivos. Recuerdo esa frase que Camus escrib\u00eda en La peste: \u00abLes desprecio porque, pudiendo tanto, se han atrevido a tan poco\u00bb. Atrev\u00e1monos.<\/p>\n\n\n\n<blockquote class=\"wp-block-quote is-layout-flow wp-block-quote-is-layout-flow\">\n<p>\u00abMandela me lo dijo: \u201cLa mujer ser\u00e1 la piedra angular de la nueva era\u201d\u00bb<\/p>\n<\/blockquote>\n\n\n\n<p><strong>\u00bfEn qu\u00e9 momento uno ha de dejar de ser tolerante con el otro?<\/strong><\/p>\n\n\n\n<p>Cuando estaba de catedr\u00e1tico en Granada, fui a Oxford. De las primeras cosas que vi fue un lema grabado en un centro: <em>sapere aude<\/em>, atr\u00e9vete a saber, una frase de Horacio. Al cabo de unos a\u00f1os de estar all\u00ed, pens\u00e9 que se trataba no tanto de atreverse a saber c\u00f3mo de saber atreverse. Hay momentos, peque\u00f1as y grandes ocasiones, en las que tenemos que atrevernos a tomar una decisi\u00f3n, a decirle al otro \u00abpor aqu\u00ed no paso\u00bb. Esa responsabilidad es hoy intergeneracional porque lo que no hagamos ser\u00e1 un desastre para los que vengan que, adem\u00e1s, no podr\u00e1n revertirlo. Si el se\u00f1or Trump abandona los acuerdos de Par\u00eds, habr\u00e1 que decirle desde Europa que estableceremos unas relaciones muy medidas y que, si es necesario, dejaremos de comprar sus productos. Pero no estamos a la altura, por desgracia. Nos mueven los intereses de unos grupos muy limitados.<\/p>\n\n\n\n<p><strong>Para modificar de manera radical el estado de las cosas habr\u00e1 que cambiar la ra\u00edz, es decir, la educaci\u00f3n. \u00bfCu\u00e1les son los retos de escuela actual?<\/strong><\/p>\n\n\n\n<p>Para empezar, que se deje actuar a los docentes. Aqu\u00ed nos quedamos con el informe PISA, pero es un documento que elabora una instituci\u00f3n econ\u00f3mica, as\u00ed que mejor que se dediquen a hablar de econom\u00eda y nos dejen tranquilos. Hagamos un gran proyecto educativo. Ya lo tenemos, lo hizo la Unesco, yo lo encargu\u00e9 cuando era director general. En \u00e9l participaron grandes sabios coordinados por Jacques Delors: Gimeno Sacrist\u00e1n, Paulo Freire \u2013al que, por cierto, <a href=\"https:\/\/ethic.es\/2019\/06\/bolsonaro-una-termita-en-la-amazonia\/\" target=\"_blank\" rel=\"noreferrer noopener\">Bolsonaro llama energ\u00fameno<\/a>\u2013, Marchesi, <a href=\"https:\/\/ethic.es\/entrevistas\/adela-cortina-jose-antonio-marina\/\" target=\"_blank\" rel=\"noreferrer noopener\">Adela Cortina<\/a>, Alejandro Tiana, Michael Serres y Edgard Morin, entre otros.<\/p>\n\n\n<div class=\"wp-block-image\">\n<figure class=\"aligncenter\"><img data-recalc-dims=\"1\" decoding=\"async\" src=\"https:\/\/i0.wp.com\/ethic.es\/wp-content\/uploads\/2020\/02\/MAYOR-ZARAGOZA3.jpg?w=640&#038;ssl=1\" alt=\"\" class=\"wp-image-41380\"\/><\/figure>\n<\/div>\n\n\n<p><strong>\u00bfY cu\u00e1les fueron sus conclusiones?<\/strong><\/p>\n\n\n\n<p>Alejarse de las recomendaciones del informe PISA que, por ejemplo, nos dice que los ni\u00f1os tienen que saber m\u00e1s ingl\u00e9s. Eso es un disparate y es confundir educaci\u00f3n con capacitaci\u00f3n, porque un ni\u00f1o puede saber ingl\u00e9s y ser un perfecto maleducado. La escuela ha de conseguir cuatro finalidades: aprender a ser \u2013para ejercer plenamente las facultades distintivas de la especie humana\u2013, formar a personas que reflexionen, que se anticipen, que tengan imaginaci\u00f3n, que usen su creatividad. Cada ser humano es \u00fanico y un creador absoluto, y, sin embargo, han hecho de nosotros seres sumisos y temerosos. \u00a1Pero qu\u00e9 es eso, si cada uno podemos inventar un futuro distinto! La educaci\u00f3n tiene que formar a seres humanos libres, capaces de actuar sin estar sometidos a nada. Despu\u00e9s de aprender a ser, aprender a conocer, es decir, sacar nuestras propias conclusiones de las cosas, ser capaces de relacionarlas; luego, aprender a hacer, es decir, hacer que las personas sean capaces de tomar sus propias decisiones en funci\u00f3n de sus deseos, asumiendo las responsabilidades de la decisi\u00f3n y sabiendo que tienen el deber de ser felices, y, por \u00faltimo, aprender a vivir juntos. Esto es educaci\u00f3n. Esto, y no lo dem\u00e1s. Y quienes tienen que hablar de educaci\u00f3n son los maestros, y ayudarlos los fil\u00f3sofos, los poetas, los artistas. No los economistas ni los pol\u00edticos. Una persona necesita ser creativa, que le ense\u00f1en a serlo, que le animen a ser. No necesita saber bioqu\u00edmica. Eso es capacitaci\u00f3n.<\/p>\n\n\n\n<p><strong>Siempre me sorprendi\u00f3 que, cuando un ni\u00f1o suspende matem\u00e1ticas y tiene una matr\u00edcula en dibujo, se le pone un profesor particular en matem\u00e1ticas, en lugar de preservar aquello que se le da bien.<\/strong><\/p>\n\n\n\n<blockquote class=\"wp-block-quote is-layout-flow wp-block-quote-is-layout-flow\">\n<p>\u00abHay momentos para la rabia, pero siempre hay que pelear por aquello en lo que se cree\u00bb<\/p>\n<\/blockquote>\n\n\n\n<p>Eso lo hacen aquellos padres que creen que, sabiendo matem\u00e1ticas o f\u00edsica, su hijo tendr\u00e1 un buen futuro. Est\u00e1n equivocados. Y claro, con tanta confusi\u00f3n llegan estos se\u00f1ores de Vox e imponen al PP que se incluya la tauromaquia y la caza en el proceso educativo. \u00a1Es un tremendo disparate! Educaci\u00f3n para todos a lo largo de toda la vida. Empezando por los gobernantes.<\/p>\n\n\n\n<p><strong>Steiner, Weil, de Beauvoir, Agamben, Benjamin, Bourdieu, Castoriadis\u2026 de los cr\u00e1neos privilegiados que dir\u00eda Valle-Incl\u00e1n. \u00bfDe qui\u00e9n se siente m\u00e1s cerca?<\/strong><\/p>\n\n\n\n<p>Dos que he mencionado antes, Michael Serres y Edgard Morin.<\/p>\n\n\n\n<p><strong>\u00bfEs usted un hombre de fe?<\/strong><\/p>\n\n\n\n<p>S\u00ed, soy creyente. Muy pr\u00f3ximo a Unamuno cuando dec\u00eda aquello de que al filo exacto de las certezas e incertidumbre se halla la libertad humana, que es el gran don. Como cient\u00edfico no he encontrado respuestas a las preguntas esenciales, por eso pienso que la vida es un misterio y que quiz\u00e1s es un milagro.<\/p>\n\n\n\n<p><strong>\u00bfQu\u00e9 consejo le dar\u00eda ahora a su yo cuando ten\u00eda 20 a\u00f1os?<\/strong><\/p>\n\n\n\n<p>Que buscase buenos maestros, que escuchara a sus padres, y que no se olvidara nunca de esos versos de Miguel Hern\u00e1ndez: \u00abLa soluci\u00f3n es ir por la vida con el amor a cuestas\u00bb. No hay nada que supere al amor, es lo que nos da la valent\u00eda para hacer cosas, lo que nos hace escuchar al otro. La soluci\u00f3n, la \u00fanica soluci\u00f3n, es el amor.<\/p>\n\n\n\n<p>ETHIC<\/p>\n\n\n\n<h6 class=\"wp-block-heading has-medium-font-size\"><a href=\"https:\/\/ethic.es\/articulistas\/esther-penas?_gl=1*17tc8ol*_up*MQ..*_ga*MTQ1ODMxODIxNS4xNzM1MTI2Nzg3*_ga_0LL6WCT924*MTczNTEyNjc4NS4xLjAuMTczNTEyNjc4NS4wLjAuMTUzNDUwNjQ1Mg..\"><strong>E<\/strong>sther Pe\u00f1as<\/a><\/h6>\n\n\n\n<p>Fotograf\u00eda : Noem\u00ed del Val<\/p>\n\n\n\n\n","protected":false},"excerpt":{"rendered":"<p>De palabra presta \u2013y, por momentos, incontenible\u2013, disposici\u00f3n franca y memoria depositaria de una sorprendente&#8230;<\/p>\n","protected":false},"author":1,"featured_media":73652,"comment_status":"closed","ping_status":"closed","sticky":false,"template":"","format":"standard","meta":{"_coblocks_attr":"","_coblocks_dimensions":"","_coblocks_responsive_height":"","_coblocks_accordion_ie_support":"","jetpack_post_was_ever_published":false,"_jetpack_newsletter_access":"","_jetpack_dont_email_post_to_subs":true,"_jetpack_newsletter_tier_id":0,"_jetpack_memberships_contains_paywalled_content":false,"_jetpack_memberships_contains_paid_content":false,"footnotes":"","jetpack_publicize_message":"","jetpack_publicize_feature_enabled":true,"jetpack_social_post_already_shared":true,"jetpack_social_options":{"image_generator_settings":{"template":"highway","enabled":false},"version":2}},"categories":[187,44,6937],"tags":[],"class_list":["post-73651","post","type-post","status-publish","format-standard","has-post-thumbnail","hentry","category-centros-educativos","category-noticias-de-hoy","category-sociedad"],"jetpack_publicize_connections":[],"jetpack_featured_media_url":"https:\/\/i0.wp.com\/miradordeatarfe.es\/wp-content\/uploads\/2024\/12\/MAYOR-ZARAGOZA2.jpg?fit=1200%2C800&ssl=1","jetpack_likes_enabled":true,"jetpack_sharing_enabled":true,"_links":{"self":[{"href":"https:\/\/miradordeatarfe.es\/index.php?rest_route=\/wp\/v2\/posts\/73651","targetHints":{"allow":["GET"]}}],"collection":[{"href":"https:\/\/miradordeatarfe.es\/index.php?rest_route=\/wp\/v2\/posts"}],"about":[{"href":"https:\/\/miradordeatarfe.es\/index.php?rest_route=\/wp\/v2\/types\/post"}],"author":[{"embeddable":true,"href":"https:\/\/miradordeatarfe.es\/index.php?rest_route=\/wp\/v2\/users\/1"}],"replies":[{"embeddable":true,"href":"https:\/\/miradordeatarfe.es\/index.php?rest_route=%2Fwp%2Fv2%2Fcomments&post=73651"}],"version-history":[{"count":1,"href":"https:\/\/miradordeatarfe.es\/index.php?rest_route=\/wp\/v2\/posts\/73651\/revisions"}],"predecessor-version":[{"id":73653,"href":"https:\/\/miradordeatarfe.es\/index.php?rest_route=\/wp\/v2\/posts\/73651\/revisions\/73653"}],"wp:featuredmedia":[{"embeddable":true,"href":"https:\/\/miradordeatarfe.es\/index.php?rest_route=\/wp\/v2\/media\/73652"}],"wp:attachment":[{"href":"https:\/\/miradordeatarfe.es\/index.php?rest_route=%2Fwp%2Fv2%2Fmedia&parent=73651"}],"wp:term":[{"taxonomy":"category","embeddable":true,"href":"https:\/\/miradordeatarfe.es\/index.php?rest_route=%2Fwp%2Fv2%2Fcategories&post=73651"},{"taxonomy":"post_tag","embeddable":true,"href":"https:\/\/miradordeatarfe.es\/index.php?rest_route=%2Fwp%2Fv2%2Ftags&post=73651"}],"curies":[{"name":"wp","href":"https:\/\/api.w.org\/{rel}","templated":true}]}}