{"id":73695,"date":"2024-12-29T11:13:45","date_gmt":"2024-12-29T10:13:45","guid":{"rendered":"https:\/\/miradordeatarfe.es\/?p=73695"},"modified":"2024-12-29T14:18:22","modified_gmt":"2024-12-29T13:18:22","slug":"atarfe-hoy-29-de-diciembre-de-2024-vive-su-ii-san-silvestre","status":"publish","type":"post","link":"https:\/\/miradordeatarfe.es\/?p=73695","title":{"rendered":"ATARFE HOY 29 de Diciembre de 2024 VIVE SU II SAN SILVESTRE"},"content":{"rendered":"\n<p><strong>El evento deportivo es organizado por el Club Atletismo Ciudad Atarfe y la Concejal\u00eda de Deportes del Ayuntamiento de Atarfe, con la colaboraci\u00f3n de Atarfe Ciudad Deportiv<\/strong>a.<\/p>\n\n\n\n<p>El objetivo principal es fomentar el deporte en un ambiente recreativo y social, haciendo accesible la actividad f\u00edsica a toda la poblaci\u00f3n, adem\u00e1s de potenciar la oferta deportiva municipal, mejorar las relaciones sociales y promover el deporte recreativo como una modalidad accesible.<\/p>\n\n\n\n<p>Distancia: 5 kil\u00f3metros.<\/p>\n\n\n\n<ul class=\"wp-block-list\">\n<li><strong>Modalidades:<\/strong><br \/><strong>\u2713 Competitiva<\/strong>: Para los que buscan un reto y competir por los<br \/>mejores tiempos.<br \/><strong>\u2713 Participativa<\/strong>: Para los que desean disfrutar del recorrido en un ambiente festivo.<\/li>\n\n\n\n<li><strong>Hora: 12:00 h<\/strong><\/li>\n\n\n\n<li><strong>Salida y llegada: Pabell\u00f3n Cubierto de Atarfe, Avenida Diputaci\u00f3n S\/<\/strong>N.<br \/>El circuito estar\u00e1 cerrado al tr\u00e1fico, con veh\u00edculos \u00fanicamente designados por la organizaci\u00f3n. El evento podr\u00e1 ser suspendido o aplazado por motivos de seguridad o condiciones climatol\u00f3gicas.<\/li>\n<\/ul>\n\n\n\n<figure class=\"wp-block-image size-large\"><img data-recalc-dims=\"1\" loading=\"lazy\" decoding=\"async\" width=\"640\" height=\"850\" src=\"https:\/\/i0.wp.com\/miradordeatarfe.es\/wp-content\/uploads\/2024\/12\/san-silvest.jpg?resize=640%2C850&#038;ssl=1\" alt=\"\" class=\"wp-image-73698\" srcset=\"https:\/\/i0.wp.com\/miradordeatarfe.es\/wp-content\/uploads\/2024\/12\/san-silvest.jpg?resize=771%2C1024&amp;ssl=1 771w, https:\/\/i0.wp.com\/miradordeatarfe.es\/wp-content\/uploads\/2024\/12\/san-silvest.jpg?resize=226%2C300&amp;ssl=1 226w, https:\/\/i0.wp.com\/miradordeatarfe.es\/wp-content\/uploads\/2024\/12\/san-silvest.jpg?resize=768%2C1020&amp;ssl=1 768w, https:\/\/i0.wp.com\/miradordeatarfe.es\/wp-content\/uploads\/2024\/12\/san-silvest.jpg?w=813&amp;ssl=1 813w\" sizes=\"auto, (max-width: 640px) 100vw, 640px\" \/><\/figure>\n\n\n\n<p><strong>A. Modalidad Competitiva:<\/strong> Edad m\u00ednima permitida ser\u00e1 16 a\u00f1os cumplidos el d\u00eda de la carrera y el tiempo m\u00e1ximo para completar la distancia ser\u00e1 de 60 minutos.  Esta distancia es de car\u00e1cter competitivo, contara con dorsal y chip.<\/p>\n\n\n\n<p>Categor\u00edas para la modalidad competitiva:<br \/>\u2713 Absoluta<br \/>\u2713 Por grupo de edad:<br \/>o Senior (19 a 39 a\u00f1os).<br \/>o M\u00e1ster A (40 a 49 a\u00f1os).<br \/>o M\u00e1ster B \u201cEspecial\u201d (a partir de 50 a\u00f1os).<br \/>Ser\u00e1n considerados corredores locales, los residentes en Atarfe que aparezcan inscritos en el padr\u00f3n de habitantes de la localidad.<\/p>\n\n\n\n<p>Premios monetarios y trofeos para los tres primeros clasificados en la categor\u00eda absoluta y trofeos para los tres primeros clasificados en las categor\u00edas de grupo de edad.<\/p>\n\n\n\n<p>Categor\u00eda Absoluta (Masculina y Femenina):<br \/>\u2713 1er. Clasificado 150\u20ac + Trofeo<br \/>\u2713 2do. Clasificado 100\u20ac + Trofeo<br \/>\u2713 3er. Clasificado 50\u20ac + Trofeo<\/p>\n\n\n\n<p><strong>B. Modalidad Participativa: <\/strong>Esta distancia es de car\u00e1cter participativa, contar\u00e1 con dorsal, sin clasificaciones<\/p>\n\n\n\n<p>Premios a los mejores disfraces y sorteos al final del evento.<\/p>\n\n\n\n<p>El recorrido de ambas modalidades tendr\u00e1 la salida y llegada en el mismo punto,<strong> Pabell\u00f3n Cubierto de Atarfe (Av. Diputaci\u00f3n S\/N) y se desarrollar\u00e1n por las instalaciones deportivas, trazados urbanos y asfalto en su totalidad.<\/strong><\/p>\n\n\n\n<figure class=\"wp-block-image size-full\"><img data-recalc-dims=\"1\" loading=\"lazy\" decoding=\"async\" width=\"633\" height=\"900\" src=\"https:\/\/i0.wp.com\/miradordeatarfe.es\/wp-content\/uploads\/2024\/12\/WEB_BAau0DR.jpg?resize=633%2C900&#038;ssl=1\" alt=\"\" class=\"wp-image-73696\" srcset=\"https:\/\/i0.wp.com\/miradordeatarfe.es\/wp-content\/uploads\/2024\/12\/WEB_BAau0DR.jpg?w=633&amp;ssl=1 633w, https:\/\/i0.wp.com\/miradordeatarfe.es\/wp-content\/uploads\/2024\/12\/WEB_BAau0DR.jpg?resize=211%2C300&amp;ssl=1 211w\" sizes=\"auto, (max-width: 633px) 100vw, 633px\" \/><\/figure>\n","protected":false},"excerpt":{"rendered":"<p>El evento deportivo es organizado por el Club Atletismo Ciudad Atarfe y la Concejal\u00eda de&#8230;<\/p>\n","protected":false},"author":1,"featured_media":73697,"comment_status":"closed","ping_status":"closed","sticky":false,"template":"","format":"standard","meta":{"_coblocks_attr":"","_coblocks_dimensions":"","_coblocks_responsive_height":"","_coblocks_accordion_ie_support":"","jetpack_post_was_ever_published":false,"_jetpack_newsletter_access":"","_jetpack_dont_email_post_to_subs":true,"_jetpack_newsletter_tier_id":0,"_jetpack_memberships_contains_paywalled_content":false,"_jetpack_memberships_contains_paid_content":false,"footnotes":"","jetpack_publicize_message":"","jetpack_publicize_feature_enabled":true,"jetpack_social_post_already_shared":true,"jetpack_social_options":{"image_generator_settings":{"template":"highway","enabled":false},"version":2}},"categories":[182,186,44,1],"tags":[],"class_list":["post-73695","post","type-post","status-publish","format-standard","has-post-thumbnail","hentry","category-deportes","category-instituciones","category-noticias-de-hoy","category-uncategorized"],"jetpack_publicize_connections":[],"jetpack_featured_media_url":"https:\/\/i0.wp.com\/miradordeatarfe.es\/wp-content\/uploads\/2024\/12\/san-silvestre.jpg?fit=813%2C1080&ssl=1","jetpack_likes_enabled":true,"jetpack_sharing_enabled":true,"_links":{"self":[{"href":"https:\/\/miradordeatarfe.es\/index.php?rest_route=\/wp\/v2\/posts\/73695","targetHints":{"allow":["GET"]}}],"collection":[{"href":"https:\/\/miradordeatarfe.es\/index.php?rest_route=\/wp\/v2\/posts"}],"about":[{"href":"https:\/\/miradordeatarfe.es\/index.php?rest_route=\/wp\/v2\/types\/post"}],"author":[{"embeddable":true,"href":"https:\/\/miradordeatarfe.es\/index.php?rest_route=\/wp\/v2\/users\/1"}],"replies":[{"embeddable":true,"href":"https:\/\/miradordeatarfe.es\/index.php?rest_route=%2Fwp%2Fv2%2Fcomments&post=73695"}],"version-history":[{"count":1,"href":"https:\/\/miradordeatarfe.es\/index.php?rest_route=\/wp\/v2\/posts\/73695\/revisions"}],"predecessor-version":[{"id":73699,"href":"https:\/\/miradordeatarfe.es\/index.php?rest_route=\/wp\/v2\/posts\/73695\/revisions\/73699"}],"wp:featuredmedia":[{"embeddable":true,"href":"https:\/\/miradordeatarfe.es\/index.php?rest_route=\/wp\/v2\/media\/73697"}],"wp:attachment":[{"href":"https:\/\/miradordeatarfe.es\/index.php?rest_route=%2Fwp%2Fv2%2Fmedia&parent=73695"}],"wp:term":[{"taxonomy":"category","embeddable":true,"href":"https:\/\/miradordeatarfe.es\/index.php?rest_route=%2Fwp%2Fv2%2Fcategories&post=73695"},{"taxonomy":"post_tag","embeddable":true,"href":"https:\/\/miradordeatarfe.es\/index.php?rest_route=%2Fwp%2Fv2%2Ftags&post=73695"}],"curies":[{"name":"wp","href":"https:\/\/api.w.org\/{rel}","templated":true}]}}