{"id":73706,"date":"2025-01-02T09:19:28","date_gmt":"2025-01-02T08:19:28","guid":{"rendered":"https:\/\/miradordeatarfe.es\/?p=73706"},"modified":"2024-12-26T13:54:35","modified_gmt":"2024-12-26T12:54:35","slug":"la-oms-publica-los-datos-de-la-covid-cinco-anos-despues-del-primer-caso-mas-de-7-millones-de-muertes-en-234-paises","status":"publish","type":"post","link":"https:\/\/miradordeatarfe.es\/?p=73706","title":{"rendered":"La OMS publica los datos de la Covid cinco a\u00f1os despu\u00e9s del primer caso: m\u00e1s de 7 millones de muertes en 234 pa\u00edses"},"content":{"rendered":"\n<p class=\"has-medium-font-size\"><strong>La mayor\u00eda de las muertes se produjeron en 2020, 2021 y 2022<\/strong><\/p>\n\n\n\n<p>La Organizaci\u00f3n Mundial de la Salud (OMS) ha comunicado que, desde el inicio de la pandemia hasta el 10 de noviembre de 2024, se han notificado m\u00e1s de 776 millones de casos confirmados de la Covid-19 y m\u00e1s de 7 millones de muertes en 234 pa\u00edses diferentes.<\/p>\n\n\n\n<p>As\u00ed ha informado la OMS en una edici\u00f3n especial de la actualizaci\u00f3n epidemiol\u00f3gica sobre la Covid-19 que ofrece una visi\u00f3n general de la situaci\u00f3n desde que la enfermedad se notific\u00f3 por primera vez hace casi cinco a\u00f1os.<\/p>\n\n\n\n<p>En el \u00faltimo periodo de notificaci\u00f3n de cuatro semanas, del 14 de octubre al 10 de noviembre de 2024, 77 pa\u00edses notificaron casos de Covid-19 y 27 muertes en todo el mundo. El n\u00famero de casos notificados disminuy\u00f3 en un 39% y el de muertes en un 36% en comparaci\u00f3n con los 28 d\u00edas anteriores. Aunque la OMS advierte de que estos datos deben interpretarse con cautela debido a la disminuci\u00f3n de las pruebas y la secuenciaci\u00f3n, junto con los retrasos en la notificaci\u00f3n en muchos pa\u00edses.<\/p>\n\n\n\n<p>En este sentido, la mayor\u00eda de las muertes asociadas a la Covid-19 se produjeron en 2020, 2021 y 2022, con un aumento de la inmunidad que condujo a una disminuci\u00f3n significativa de las muertes. Adem\u00e1s, seg\u00fan destaca la OMS, el SARS-CoV-2, el virus que causa la Covid-19, \u00abcircula en gran medida sin una estacionalidad clara y sigue infectando, causando enfermedad aguda grave y afecci\u00f3n posterior a la Covid-19\u00bb.<\/p>\n\n\n\n<p>Del mismo modo, el impacto var\u00eda seg\u00fan el pa\u00eds, y la capacidad de la OMS para controlar la circulaci\u00f3n, la gravedad y la evoluci\u00f3n del virus, algo que lo dificulta \u00abla reducci\u00f3n de la vigilancia, las pruebas, la secuenciaci\u00f3n y la limitada integraci\u00f3n en los programas de prevenci\u00f3n a largo plazo\u00bb. En este punto, la OMS lamenta que los Estados miembros no han adoptado las medidas necesarias de enfermedades infecciosas a m\u00e1s largo plazo, y la presentaci\u00f3n de informes.<\/p>\n\n\n\n<h3 class=\"wp-block-heading\">Menos ingresos hospitalarios<\/h3>\n\n\n\n<p>En general, los ingresos en UCI por cada 1.000 hospitalizaciones han ido disminuyendo desde el pico de julio de 2021, cuando la tasa fue de 245 por cada 1.000 hospitalizaciones, cayendo por debajo de 132 por cada 1.000 hospitalizaciones a principios de 2022, y a menos de 69 por cada 1.000 hospitalizaciones a finales de 2023. A principios de 2024, se produjo un aumento de los ingresos en UCI por cada 1.000 hospitalizaciones, superando los 191 por 1.000 hospitalizaciones en marzo, y descendiendo a 108 por 1.000 hospitalizaciones a principios de noviembre de 2024.<\/p>\n\n\n\n<p>Mientras tanto, las muertes por 1.000 hospitalizaciones mostraron un descenso constante desde junio de 2021, cuando alcanzaron 253 por 1.000 hospitalizaciones, hasta un nivel bajo de 59 por 1.000 hospitalizaciones en agosto de 2023. Desde enero de 2024, la tasa ha seguido disminuyendo hasta alcanzar 41 muertes por 1.000 hospitalizaciones a principios de noviembre de 2024.<\/p>\n\n\n\n<p>La afecci\u00f3n posterior a la Covid-19, denominada por algunos Covid persistente, sigue suponiendo para la OMS \u00abuna carga importante para los sistemas sanitarios, ya que se calcula que el 6 por ciento de las infecciones sintom\u00e1ticas por SARS-CoV-2 dan lugar a s\u00edntomas de este tipo\u00bb.<\/p>\n\n\n\n<p>Aunque la Covid-19 grave es un factor de riesgo importante de Covid persistente, m\u00e1s del 90 por ciento de los casos de Covid persistente surgen tras una Covid-19 leve debido al gran volumen de infecciones. \u00abLa vacunaci\u00f3n parece ofrecer un efecto protector, reduciendo la probabilidad de desarrollar Covid persistente\u00bb, apuntan desde la OMS.<\/p>\n\n\n\n<h3 class=\"wp-block-heading\">Vacunaci\u00f3n<\/h3>\n\n\n\n<p>En cuanto al despliegue de la vacuna Covid-19, ha evolucionado desde 2021, y en un principio la OMS resalta que las tasas de vacunaci\u00f3n eran m\u00e1s elevadas en los pa\u00edses de ingresos altos. A partir de enero de 2024, la OMS pas\u00f3 de medir la cobertura continua de la vacunaci\u00f3n con Covid-19 desde el inicio del despliegue de la vacuna a medir la aceptaci\u00f3n anual.<\/p>\n\n\n\n<p>A finales de 2023, el 67% de la poblaci\u00f3n mundial hab\u00eda completado la serie primaria y el 32% hab\u00eda recibido al menos una dosis de refuerzo, aunque solo el 5% de los habitantes de pa\u00edses de ingresos bajos recibieron una dosis de refuerzo.<\/p>\n\n\n\n<p>Utilizando el nuevo enfoque de seguimiento, a finales del tercer trimestre de 2024, 39,2 millones de personas de 90 Estados miembros (que representan el 31% de la poblaci\u00f3n mundial) recibieron una dosis este a\u00f1o, y 14,8 millones solo en el tercer trimestre.<\/p>\n\n\n\n<p>E. P.<\/p>\n\n\n\n<p><a href=\"https:\/\/www.ideal.es\/sociedad\/salud\/oms-publica-datos-covid-cinco-anos-despues-20241226115649-ntrc.html\">https:\/\/www.ideal.es\/sociedad\/salud\/oms-publica-datos-covid-cinco-anos-despues-20241226115649-ntrc.html<\/a><\/p>\n\n\n\n\n","protected":false},"excerpt":{"rendered":"<p>La mayor\u00eda de las muertes se produjeron en 2020, 2021 y 2022 La Organizaci\u00f3n Mundial&#8230;<\/p>\n","protected":false},"author":1,"featured_media":73707,"comment_status":"closed","ping_status":"closed","sticky":false,"template":"","format":"standard","meta":{"_coblocks_attr":"","_coblocks_dimensions":"","_coblocks_responsive_height":"","_coblocks_accordion_ie_support":"","jetpack_post_was_ever_published":false,"_jetpack_newsletter_access":"","_jetpack_dont_email_post_to_subs":true,"_jetpack_newsletter_tier_id":0,"_jetpack_memberships_contains_paywalled_content":false,"_jetpack_memberships_contains_paid_content":false,"footnotes":"","jetpack_publicize_message":"","jetpack_publicize_feature_enabled":true,"jetpack_social_post_already_shared":true,"jetpack_social_options":{"image_generator_settings":{"template":"highway","enabled":false},"version":2}},"categories":[1161,186,44,10],"tags":[],"class_list":["post-73706","post","type-post","status-publish","format-standard","has-post-thumbnail","hentry","category-ciudadania","category-instituciones","category-noticias-de-hoy","category-salud"],"jetpack_publicize_connections":[],"jetpack_featured_media_url":"https:\/\/i0.wp.com\/miradordeatarfe.es\/wp-content\/uploads\/2024\/12\/covid-kKO-U230390320731lXD-1200x840%40RC.webp?fit=1200%2C840&ssl=1","jetpack_likes_enabled":true,"jetpack_sharing_enabled":true,"_links":{"self":[{"href":"https:\/\/miradordeatarfe.es\/index.php?rest_route=\/wp\/v2\/posts\/73706","targetHints":{"allow":["GET"]}}],"collection":[{"href":"https:\/\/miradordeatarfe.es\/index.php?rest_route=\/wp\/v2\/posts"}],"about":[{"href":"https:\/\/miradordeatarfe.es\/index.php?rest_route=\/wp\/v2\/types\/post"}],"author":[{"embeddable":true,"href":"https:\/\/miradordeatarfe.es\/index.php?rest_route=\/wp\/v2\/users\/1"}],"replies":[{"embeddable":true,"href":"https:\/\/miradordeatarfe.es\/index.php?rest_route=%2Fwp%2Fv2%2Fcomments&post=73706"}],"version-history":[{"count":3,"href":"https:\/\/miradordeatarfe.es\/index.php?rest_route=\/wp\/v2\/posts\/73706\/revisions"}],"predecessor-version":[{"id":73782,"href":"https:\/\/miradordeatarfe.es\/index.php?rest_route=\/wp\/v2\/posts\/73706\/revisions\/73782"}],"wp:featuredmedia":[{"embeddable":true,"href":"https:\/\/miradordeatarfe.es\/index.php?rest_route=\/wp\/v2\/media\/73707"}],"wp:attachment":[{"href":"https:\/\/miradordeatarfe.es\/index.php?rest_route=%2Fwp%2Fv2%2Fmedia&parent=73706"}],"wp:term":[{"taxonomy":"category","embeddable":true,"href":"https:\/\/miradordeatarfe.es\/index.php?rest_route=%2Fwp%2Fv2%2Fcategories&post=73706"},{"taxonomy":"post_tag","embeddable":true,"href":"https:\/\/miradordeatarfe.es\/index.php?rest_route=%2Fwp%2Fv2%2Ftags&post=73706"}],"curies":[{"name":"wp","href":"https:\/\/api.w.org\/{rel}","templated":true}]}}