{"id":73711,"date":"2024-12-28T08:27:00","date_gmt":"2024-12-28T07:27:00","guid":{"rendered":"https:\/\/miradordeatarfe.es\/?p=73711"},"modified":"2024-12-26T12:31:16","modified_gmt":"2024-12-26T11:31:16","slug":"muface","status":"publish","type":"post","link":"https:\/\/miradordeatarfe.es\/?p=73711","title":{"rendered":"Muface"},"content":{"rendered":"\n<p class=\"has-medium-font-size\"> <strong>Cuando \u00e9ramos millones de funcionarios j\u00f3venes, sal\u00edamos rentables y callaban, pero si hay que atender a millones de jubilados mayores, no salen las cuentas y se plantan<\/strong><\/p>\n\n\n\n<p>A los 23 a\u00f1os, saqu\u00e9 unas oposiciones y me anunciaron que ya era de MUFACE y ten\u00eda sanidad privada. No sab\u00eda muy bien qu\u00e9 era eso de MUFACE, a pesar de que mi padre, probo funcionario con muchos trienios, me lo explic\u00f3 varias veces. A los 23 a\u00f1os, MUFACE te importa una higa, pasas de los m\u00e9dicos y crees ser inmortal, as\u00ed que nunca me plante\u00e9 si prefer\u00eda estar en la sanidad p\u00fablica o en la de los funcionarios privilegiados porque, pensaba, no necesitaba ninguna de las dos. Pero hace seis meses, tras mi tercer Covid, me desmay\u00e9 en un entrenamiento gimn\u00e1stico, llamaron al 112 y el conductor de la ambulancia me comunic\u00f3 que no me pod\u00eda llevar al hospital privado y si me llevaba al p\u00fablico, me volver\u00eda loco con el papeleo. Le vi las orejas al lobo y este uno de enero me pasar\u00e9 a la sanidad p\u00fablica.<\/p>\n\n\n\n<p>Hace a\u00f1os, un consejero de Sanidad socialista me confes\u00f3 que el gobierno de Felipe Gonz\u00e1lez se plante\u00f3 eliminar la gracia de las mutuas de funcionarios, pero no se atrevieron porque estaba reciente el 23F y no quer\u00edan que los militares se mosqueasen. Yo creo que ahora tampoco se atreven y que las aseguradoras presionan con mucha cara dura: cuando \u00e9ramos millones de funcionarios j\u00f3venes, sal\u00edamos rentables y callaban, pero si hay que atender a millones de jubilados mayores, no salen las cuentas y se plantan.<\/p>\n\n\n\n<p>Estas mutuas sanitarias de funcionarios y militares son una vergonzosa prebenda de la que nos aprovechamos mientras estamos sanos y salimos baratos, pero cuando llegan los achaques y salimos caros, muchos nos pasamos a la sanidad p\u00fablica, que tiene mejores medios y excelentes profesionales. Y las aseguradoras van y se quejan. \u00a1Qu\u00e9 descaro el de las aseguradoras y el m\u00edo!<\/p>\n\n\n\n<p><a href=\"https:\/\/www.ideal.es\/autor\/j-r-alonso-de-la-torre-148.html\">J<strong>. R. Alonso de la Torre<\/strong><\/a><\/p>\n\n\n\n<p>FOTO: Manifestacion de funcionarios y empleados p\u00fablicos por el mantenimiento de MUFACE. Colpisa<\/p>\n\n\n\n<p><a href=\"https:\/\/www.ideal.es\/opinion\/j-r-alonso-de-la-torre-muface-20241226000233-ntrc.html\">https:\/\/www.ideal.es\/opinion\/j-r-alonso-de-la-torre-muface-20241226000233-ntrc.html<\/a><\/p>\n\n\n\n<p><a href=\"https:\/\/www.ideal.es\/autor\/j-r-alonso-de-la-torre-148.html\"><\/a><\/p>\n","protected":false},"excerpt":{"rendered":"<p>Cuando \u00e9ramos millones de funcionarios j\u00f3venes, sal\u00edamos rentables y callaban, pero si hay que atender&#8230;<\/p>\n","protected":false},"author":1,"featured_media":73712,"comment_status":"closed","ping_status":"closed","sticky":false,"template":"","format":"standard","meta":{"_coblocks_attr":"","_coblocks_dimensions":"","_coblocks_responsive_height":"","_coblocks_accordion_ie_support":"","jetpack_post_was_ever_published":false,"_jetpack_newsletter_access":"","_jetpack_dont_email_post_to_subs":true,"_jetpack_newsletter_tier_id":0,"_jetpack_memberships_contains_paywalled_content":false,"_jetpack_memberships_contains_paid_content":false,"footnotes":"","jetpack_publicize_message":"","jetpack_publicize_feature_enabled":true,"jetpack_social_post_already_shared":true,"jetpack_social_options":{"image_generator_settings":{"template":"highway","enabled":false},"version":2}},"categories":[1161,186,44,10],"tags":[],"class_list":["post-73711","post","type-post","status-publish","format-standard","has-post-thumbnail","hentry","category-ciudadania","category-instituciones","category-noticias-de-hoy","category-salud"],"jetpack_publicize_connections":[],"jetpack_featured_media_url":"https:\/\/i0.wp.com\/miradordeatarfe.es\/wp-content\/uploads\/2024\/12\/muface-ksPC-U230381859805FVE-1200x840%40RC.webp?fit=1200%2C840&ssl=1","jetpack_likes_enabled":true,"jetpack_sharing_enabled":true,"_links":{"self":[{"href":"https:\/\/miradordeatarfe.es\/index.php?rest_route=\/wp\/v2\/posts\/73711","targetHints":{"allow":["GET"]}}],"collection":[{"href":"https:\/\/miradordeatarfe.es\/index.php?rest_route=\/wp\/v2\/posts"}],"about":[{"href":"https:\/\/miradordeatarfe.es\/index.php?rest_route=\/wp\/v2\/types\/post"}],"author":[{"embeddable":true,"href":"https:\/\/miradordeatarfe.es\/index.php?rest_route=\/wp\/v2\/users\/1"}],"replies":[{"embeddable":true,"href":"https:\/\/miradordeatarfe.es\/index.php?rest_route=%2Fwp%2Fv2%2Fcomments&post=73711"}],"version-history":[{"count":1,"href":"https:\/\/miradordeatarfe.es\/index.php?rest_route=\/wp\/v2\/posts\/73711\/revisions"}],"predecessor-version":[{"id":73713,"href":"https:\/\/miradordeatarfe.es\/index.php?rest_route=\/wp\/v2\/posts\/73711\/revisions\/73713"}],"wp:featuredmedia":[{"embeddable":true,"href":"https:\/\/miradordeatarfe.es\/index.php?rest_route=\/wp\/v2\/media\/73712"}],"wp:attachment":[{"href":"https:\/\/miradordeatarfe.es\/index.php?rest_route=%2Fwp%2Fv2%2Fmedia&parent=73711"}],"wp:term":[{"taxonomy":"category","embeddable":true,"href":"https:\/\/miradordeatarfe.es\/index.php?rest_route=%2Fwp%2Fv2%2Fcategories&post=73711"},{"taxonomy":"post_tag","embeddable":true,"href":"https:\/\/miradordeatarfe.es\/index.php?rest_route=%2Fwp%2Fv2%2Ftags&post=73711"}],"curies":[{"name":"wp","href":"https:\/\/api.w.org\/{rel}","templated":true}]}}