{"id":73874,"date":"2025-01-08T10:34:00","date_gmt":"2025-01-08T09:34:00","guid":{"rendered":"https:\/\/miradordeatarfe.es\/?p=73874"},"modified":"2025-01-07T18:37:33","modified_gmt":"2025-01-07T17:37:33","slug":"ya-vienen-los-reyes-magos-javier-castejon-medico-y-escritor","status":"publish","type":"post","link":"https:\/\/miradordeatarfe.es\/?p=73874","title":{"rendered":"\u00a1Ya vienen los Reyes Magos! por Javier Castej\u00f3n M\u00e9dico y escritor"},"content":{"rendered":"\n<p class=\"has-medium-font-size\"><strong>Alguien le fue a Alicia con el cuento de que los Reyes Magos no existen, que en realidad son los padres quienes, en esa noche m\u00e1gica, traen y colocan juguetes por los rincones de la casa.<\/strong><\/p>\n\n\n\n<p>En enero de aquel a\u00f1o Alicia cumplir\u00eda siete a\u00f1os, y aquella confesi\u00f3n no solicitada ni deseada le lleg\u00f3 de los labios de un amigo mayor &#8216;bien intencionado&#8217; que solo pretend\u00eda acabar con el mito y el supuesto enga\u00f1o acerca de la historia m\u00e1gica que todos los primeros de a\u00f1o, desde que ella recordaba, la llenaba de una emoci\u00f3n expectante que incluso le hac\u00eda dif\u00edcil conciliar el sue\u00f1o.<\/p>\n\n\n\n<p>Fue entonces cuando el asombro que le indujo aquella declaraci\u00f3n la sumergi\u00f3 en un estado de  incredulidad con el que le resultaba dif\u00edcil de lidiar. Ahora ya no sab\u00eda qu\u00e9 pensar. \u00bfC\u00f3mo es que los Reyes Magos son los padres, si precisamente sus padres eran los que le avisaban de que se acercaba la comitiva m\u00e1gica cargada de regalos y buenas noticias? Era Navidad y desde hac\u00eda m\u00e1s de dos o tres semanas todo el mundo hablaba de esa estrella m\u00e1gica cuya funci\u00f3n no era sino guiar a los reyes hasta el portal de Bel\u00e9n, \u00bfC\u00f3mo iba a ser mentira todo eso? <\/p>\n\n\n\n<p>Pronto empezar\u00eda a despuntar la ma\u00f1ana del d\u00eda 6 de enero, que nunca fue un d\u00eda cualquiera hasta donde alcanzaba la corta memoria de Alicia. Ya no sab\u00eda qu\u00e9 pensar, salvo en la historia, en aquel enero en que cumpl\u00eda certeza de que su ilusi\u00f3n, y ahora tambi\u00e9n su incertidumbre, eran ciertas.<\/p>\n\n\n\n<p>En 1978, un trabajo pionero realizado por la investigadora Jacqueline Wooley, de la Facultad de Psicolog\u00eda de la Universidad de Texas, revel\u00f3 que los ni\u00f1os que creen en la existencia de estos seres m\u00e1gicos durante m\u00e1s tiempo terminan siendo, en promedio, adultos m\u00e1s felices. \u00abCreer en seres m\u00e1gicos durante la infancia favorece nuestra felicidad incluso cuando ya somos adultos\u00bb, conclu\u00eda su estudio.<\/p>\n\n\n\n<p>Seg\u00fan sus investigaciones, el 85% de ni\u00f1as y ni\u00f1os de cuatro a\u00f1os creen sinceramente en la existencia de estos seres m\u00e1gicos. Este porcentaje se reduce al 65% a los seis a\u00f1os, y a solo el 25% al alcanzar los ocho. Pues bien, hasta la edad de ocho a\u00f1os, cuanto m\u00e1s tiempo se cree en la existencia de la magia navide\u00f1a, m\u00e1s probabilidad hay de que al alcanzar la edad adulta, sean felices.<\/p>\n\n\n\n<p>En estudios posteriores de esta misma investigadora se demostr\u00f3 algo tambi\u00e9n crucial: creer en seres m\u00e1gicos durante la primera infancia no implica en ning\u00fan caso que al alcanzar la edad adulta, estos ni\u00f1os y ni\u00f1as vayan a ser supersticiosos, algo que sin duda puede preocupar a algunas familias. La preadolescencia se encargar\u00e1 de ponerlo todo en su sitio, de que aprendan a distinguir entre fantas\u00eda y realidad.<\/p>\n\n\n\n<p>Otros estudios sustentan estas conclusiones. El bi\u00f3logo evolutivo de la Universidad de Oxford, Richard Dawkins, afirmaba en un ensayo de 1995, que los ni\u00f1os son inherentemente cr\u00e9dulos y predispuestos a creer cualquier cuesti\u00f3n.<\/p>\n\n\n\n<p>Pero a\u00f1ade que esto no es sino una ventaja evolutiva, y que el simple hecho de razonar por s\u00ed mismos, normalmente entre los seis y ocho a\u00f1os de edad, va a estimular zonas de su cerebro cruciales en la edad adulta, refiri\u00e9ndose en concreto a la corteza prefrontal implicada en la capacidad de reflexi\u00f3n.<\/p>\n\n\n\n<p>Pero la neurociencia ha llegado m\u00e1s lejos a\u00fan en sus estudios sobre el esp\u00edritu navide\u00f1o. En 2015, Hougaard y Lindberg, investigadores de la Universidad de Copenhague demostraron la existencia de lo que llamaron la \u00abred neuronal del esp\u00edritu navide\u00f1o\u00bb. Utilizando t\u00e9cnicas de rastreo cerebral, demostraron que la ilusi\u00f3n y la magia que rodea estas fiestas, activan espec\u00edficamente diversas \u00e1reas cerebrales, especialmente el l\u00f3bulo parietal implicado en la integraci\u00f3n e interpretaci\u00f3n de la espiritualidad.<\/p>\n\n\n\n<p>En este sentido es pertinente precisar que la neurociencia cognitiva no entiende la espiritualidad como sin\u00f3nimo de religiosidad ni cualquier otro tipo de credulidad irreflexiva, sino como un sentimiento de pertenencia a un todo m\u00e1s amplio, relacionado con la sociabilidad y la empat\u00eda. Y ambas, sociabilidad y empat\u00eda, nos permiten inferir mejor los estados emocionales de los dem\u00e1s e incrementar la percepci\u00f3n subjetiva de bienestar.<\/p>\n\n\n\n<p>A la vista de estos datos, es evidente que Alicia, la protagonista de nuestra historia, en aquel enero en que cumpl\u00eda siete a\u00f1os, se debat\u00eda entre creer la confesi\u00f3n de su amigo o perseverar en la ilusi\u00f3n de presentir la m\u00e1gica presencia de los reyes colocando juguetes en el sal\u00f3n de su casa en aquella noche cargada de ilusi\u00f3n.<\/p>\n\n\n\n<p>Al albur de lo que afirman los neurocient\u00edficos, no solo estaban desarroll\u00e1ndose a\u00e9reas espec\u00edficas del cerebro de la peque\u00f1a, sino que ella estaba creciendo en capacidad de an\u00e1lisis discriminatorio entre realidad y fantas\u00eda y, lo que es m\u00e1s decisivo a\u00fan, en sentido de la integraci\u00f3n y espiritualidad. Todos estos est\u00edmulos neurosensoriales habr\u00edan de hacerle m\u00e1s f\u00e1cil la felicidad y la empat\u00eda en la vida adulta.<\/p>\n\n\n\n<p>Incluso los padres y abuelos que la rodeaban mir\u00e1ndola embelesados aquella ma\u00f1ana del seis de enero mientras desempaquetaba regalos, sent\u00edan en aquellos momentos como la \u00abred neuronal del esp\u00edritu navide\u00f1o\u00bb escondida en sus propios cerebros, se despertaba ante tanto est\u00edmulo, tal como predijeron losinvestigadores de Copenhague.<\/p>\n\n\n\n<p>Dicho lo anterior, cabe preguntarse, dada la duda razonable que persiste al respecto, si no est\u00e1n ocultos tras la \u00abred neuronal del esp\u00edritu navide\u00f1o\u00bb estos reyes m\u00e1gicos, cuyo presentimiento es desde hace m\u00e1s de dos mil a\u00f1os, capaz de despertar la ilusi\u00f3n de los ni\u00f1os y la ternura de los adultos.<\/p>\n","protected":false},"excerpt":{"rendered":"<p>Alguien le fue a Alicia con el cuento de que los Reyes Magos no existen,&#8230;<\/p>\n","protected":false},"author":1,"featured_media":73927,"comment_status":"closed","ping_status":"closed","sticky":false,"template":"","format":"standard","meta":{"_coblocks_attr":"","_coblocks_dimensions":"","_coblocks_responsive_height":"","_coblocks_accordion_ie_support":"","jetpack_post_was_ever_published":true,"_jetpack_newsletter_access":"","_jetpack_dont_email_post_to_subs":false,"_jetpack_newsletter_tier_id":0,"_jetpack_memberships_contains_paywalled_content":false,"_jetpack_memberships_contains_paid_content":false,"footnotes":"","jetpack_publicize_message":"","jetpack_publicize_feature_enabled":true,"jetpack_social_post_already_shared":true,"jetpack_social_options":{"image_generator_settings":{"template":"highway","default_image_id":0,"enabled":false},"version":2}},"categories":[1161,186,44,10],"tags":[],"class_list":["post-73874","post","type-post","status-publish","format-standard","has-post-thumbnail","hentry","category-ciudadania","category-instituciones","category-noticias-de-hoy","category-salud"],"jetpack_publicize_connections":[],"jetpack_featured_media_url":"https:\/\/i0.wp.com\/miradordeatarfe.es\/wp-content\/uploads\/2025\/01\/Imagen-de-WhatsApp-2025-01-06-a-las-20.00.57_c2fd0107.jpg?fit=720%2C782&ssl=1","jetpack_likes_enabled":true,"jetpack_sharing_enabled":true,"_links":{"self":[{"href":"https:\/\/miradordeatarfe.es\/index.php?rest_route=\/wp\/v2\/posts\/73874","targetHints":{"allow":["GET"]}}],"collection":[{"href":"https:\/\/miradordeatarfe.es\/index.php?rest_route=\/wp\/v2\/posts"}],"about":[{"href":"https:\/\/miradordeatarfe.es\/index.php?rest_route=\/wp\/v2\/types\/post"}],"author":[{"embeddable":true,"href":"https:\/\/miradordeatarfe.es\/index.php?rest_route=\/wp\/v2\/users\/1"}],"replies":[{"embeddable":true,"href":"https:\/\/miradordeatarfe.es\/index.php?rest_route=%2Fwp%2Fv2%2Fcomments&post=73874"}],"version-history":[{"count":2,"href":"https:\/\/miradordeatarfe.es\/index.php?rest_route=\/wp\/v2\/posts\/73874\/revisions"}],"predecessor-version":[{"id":73928,"href":"https:\/\/miradordeatarfe.es\/index.php?rest_route=\/wp\/v2\/posts\/73874\/revisions\/73928"}],"wp:featuredmedia":[{"embeddable":true,"href":"https:\/\/miradordeatarfe.es\/index.php?rest_route=\/wp\/v2\/media\/73927"}],"wp:attachment":[{"href":"https:\/\/miradordeatarfe.es\/index.php?rest_route=%2Fwp%2Fv2%2Fmedia&parent=73874"}],"wp:term":[{"taxonomy":"category","embeddable":true,"href":"https:\/\/miradordeatarfe.es\/index.php?rest_route=%2Fwp%2Fv2%2Fcategories&post=73874"},{"taxonomy":"post_tag","embeddable":true,"href":"https:\/\/miradordeatarfe.es\/index.php?rest_route=%2Fwp%2Fv2%2Ftags&post=73874"}],"curies":[{"name":"wp","href":"https:\/\/api.w.org\/{rel}","templated":true}]}}