{"id":73877,"date":"2025-01-08T10:06:00","date_gmt":"2025-01-08T09:06:00","guid":{"rendered":"https:\/\/miradordeatarfe.es\/?p=73877"},"modified":"2025-01-07T18:38:23","modified_gmt":"2025-01-07T17:38:23","slug":"el-plazo-limite-de-los-funcionarios-para-cambiar-de-entidad-sanitaria-con-muface","status":"publish","type":"post","link":"https:\/\/miradordeatarfe.es\/?p=73877","title":{"rendered":"El plazo l\u00edmite de los funcionarios para cambiar de entidad sanitaria con Muface"},"content":{"rendered":"\n<h2 class=\"wp-block-heading\">Muface ha comunicado por email a sus beneficiarios de que podr\u00e1n cambiarse a la sanidad p\u00fablica y volver despu\u00e9s a la privada.<a href=\"https:\/\/www.facebook.com\/dialog\/share?app_id=119263858103392&amp;href=https:\/\/www.ondacero.es\/noticias\/economia\/plazo-limite-funcionarios-cambiar-entidad-sanitaria-muface_202501026776805a4f1fb700017ced0a.html\" target=\"_blank\" rel=\"noreferrer noopener\"><\/a><a href=\"https:\/\/twitter.com\/intent\/tweet?original_referer=https:\/\/www.ondacero.es\/noticias\/economia\/plazo-limite-funcionarios-cambiar-entidad-sanitaria-muface_202501026776805a4f1fb700017ced0a.html&amp;text=El%20plazo%20l%C3%ADmite%20de%20los%20funcionarios%20para%20cambiar%20de%20entidad%20sanitaria%20con%20Muface&amp;url=https:\/\/www.ondacero.es\/noticias\/economia\/plazo-limite-funcionarios-cambiar-entidad-sanitaria-muface_202501026776805a4f1fb700017ced0a.html&amp;via=OndaCero_es\" target=\"_blank\" rel=\"noreferrer noopener\"><\/a><\/h2>\n\n\n\n<p>Muface ha comunicado a los funcionarios un <strong>nuevo plazo para cambiarse a la sanidad p\u00fablica o mantenerse<\/strong> en la privada, recibiendo la asistencia sanitaria de las aseguradoras. La incertidumbre sobre el futuro de la mutualidad ha llevado a ofrecer esta soluci\u00f3n, in\u00e9dita hasta la fecha.<\/p>\n\n\n\n<h3 class=\"wp-block-heading\">Los funcionarios podr\u00e1n volver a Muface si se cambian a la p\u00fablica<\/h3>\n\n\n\n<p>Los mutualistas <strong>siempre tienen la posibilidad de cambiarse a la sanidad p\u00fablica <\/strong>si lo solicitan a primeros de a\u00f1o, en concreto <strong>entre el 1 y el 31 de enero<\/strong>. Si bien, \u00abdada la situaci\u00f3n generada por el retraso de la convocatoria, derivado de la ausencia de ofertas por parte de entidades aseguradoras en la primera licitaci\u00f3n\u201d, la Direcci\u00f3n General de Muface ha optado por<strong> reajustar este plazo<\/strong>, seg\u00fan el email que han enviado a los beneficiarios.<\/p>\n\n\n\n<p>La mutualidad ha abierto una ventana para que, una vez resuelto el concierto,<strong> los mutualistas que hayan decidido mudarse a la p\u00fablica, puedan revertir la situaci\u00f3n<\/strong> y regresar a Muface bajo las condiciones del nuevo concierto. \u00abEs importante destacar que aquellas personas que opten por cambiar al Instituto Nacional de Seguridad Social durante el mes de enero podr\u00e1n revertir su decisi\u00f3n en el segundo plazo y adscribirse a una entidad concertada, si as\u00ed lo desean\u00bb han explicado en el comunicado. Este nuevo plazo entrar\u00e1 en vigor \u00ab<strong>a partir del momento en que est\u00e9 vigente el nuevo concierto<\/strong> y hasta la fecha que se disponga\u00bb.<\/p>\n\n\n\n<h3 class=\"wp-block-heading\">Las aseguradoras seguir\u00e1n ofreciendo su cobertura hasta que el problema se solucione<\/h3>\n\n\n\n<p>Aunque la segunda licitaci\u00f3n no saliera adelante, en el email, los directivos han asegurado que \u00abexiste total garant\u00eda de continuidad\u00bb hasta que se encuentre una soluci\u00f3n. En concreto, <strong>se ha dictado a las aseguradoras una orden <\/strong>que \u00abgarantiza la prestaci\u00f3n de los servicios desde el fin de la vigencia de los conciertos actuales, en los mismos t\u00e9rminos y condiciones de hoy, hasta que se formalice la nueva cobertura\u00bb.<\/p>\n\n\n\n<p>Las aseguradoras que forman parte de Muface tienen <strong>hasta el 15 de enero para pronunciarse<\/strong> sobre esta segunda licitaci\u00f3n. <a href=\"https:\/\/www.ondacero.es\/noticias\/economia\/adeslas-presentara-nueva-licitacion-muface-porque-generaria-perdidas-250-millones-euros_20241227676ea528bc785b00016bc07d.html\" target=\"_blank\" rel=\"noreferrer noopener\">Adeslas ya ha anunciado que no la acepta<\/a>, porque le supondr\u00eda p\u00e9rdidas econ\u00f3micas de 250 millones de euros. Las informaciones sobre DKV cuentan que<strong> la aseguradora alemana tomar\u00e1 la misma decisi\u00f3n<\/strong> y no seguir\u00e1. Por lo tanto, de ser as\u00ed todo quedar\u00eda en manos de Asisa.<\/p>\n\n\n\n<p>ONDACERO<\/p>\n\n\n\n<p>FOTO: Fachada de un edificio de Muface, en Avenida de Pablo Iglesias | Ricardo Rubio \/ Europa Press<\/p>\n\n\n\n<p><a href=\"https:\/\/www.ondacero.es\/noticias\/economia\/plazo-limite-funcionarios-cambiar-entidad-sanitaria-muface_202501026776805a4f1fb700017ced0a.html\">https:\/\/www.ondacero.es\/noticias\/economia\/plazo-limite-funcionarios-cambiar-entidad-sanitaria-muface_202501026776805a4f1fb700017ced0a.html<\/a><\/p>\n","protected":false},"excerpt":{"rendered":"<p>Muface ha comunicado por email a sus beneficiarios de que podr\u00e1n cambiarse a la sanidad&#8230;<\/p>\n","protected":false},"author":1,"featured_media":73878,"comment_status":"closed","ping_status":"closed","sticky":false,"template":"","format":"standard","meta":{"_coblocks_attr":"","_coblocks_dimensions":"","_coblocks_responsive_height":"","_coblocks_accordion_ie_support":"","jetpack_post_was_ever_published":false,"_jetpack_newsletter_access":"","_jetpack_dont_email_post_to_subs":false,"_jetpack_newsletter_tier_id":0,"_jetpack_memberships_contains_paywalled_content":false,"_jetpack_memberships_contains_paid_content":false,"footnotes":"","jetpack_publicize_message":"","jetpack_publicize_feature_enabled":true,"jetpack_social_post_already_shared":true,"jetpack_social_options":{"image_generator_settings":{"template":"highway","default_image_id":0,"enabled":false},"version":2}},"categories":[186,44,10],"tags":[],"class_list":["post-73877","post","type-post","status-publish","format-standard","has-post-thumbnail","hentry","category-instituciones","category-noticias-de-hoy","category-salud"],"jetpack_publicize_connections":[],"jetpack_featured_media_url":"https:\/\/i0.wp.com\/miradordeatarfe.es\/wp-content\/uploads\/2025\/01\/fachada-edificio-muface-avenida-pablo-iglesias_96.webp?fit=1200%2C675&ssl=1","jetpack_likes_enabled":true,"jetpack_sharing_enabled":true,"_links":{"self":[{"href":"https:\/\/miradordeatarfe.es\/index.php?rest_route=\/wp\/v2\/posts\/73877","targetHints":{"allow":["GET"]}}],"collection":[{"href":"https:\/\/miradordeatarfe.es\/index.php?rest_route=\/wp\/v2\/posts"}],"about":[{"href":"https:\/\/miradordeatarfe.es\/index.php?rest_route=\/wp\/v2\/types\/post"}],"author":[{"embeddable":true,"href":"https:\/\/miradordeatarfe.es\/index.php?rest_route=\/wp\/v2\/users\/1"}],"replies":[{"embeddable":true,"href":"https:\/\/miradordeatarfe.es\/index.php?rest_route=%2Fwp%2Fv2%2Fcomments&post=73877"}],"version-history":[{"count":1,"href":"https:\/\/miradordeatarfe.es\/index.php?rest_route=\/wp\/v2\/posts\/73877\/revisions"}],"predecessor-version":[{"id":73879,"href":"https:\/\/miradordeatarfe.es\/index.php?rest_route=\/wp\/v2\/posts\/73877\/revisions\/73879"}],"wp:featuredmedia":[{"embeddable":true,"href":"https:\/\/miradordeatarfe.es\/index.php?rest_route=\/wp\/v2\/media\/73878"}],"wp:attachment":[{"href":"https:\/\/miradordeatarfe.es\/index.php?rest_route=%2Fwp%2Fv2%2Fmedia&parent=73877"}],"wp:term":[{"taxonomy":"category","embeddable":true,"href":"https:\/\/miradordeatarfe.es\/index.php?rest_route=%2Fwp%2Fv2%2Fcategories&post=73877"},{"taxonomy":"post_tag","embeddable":true,"href":"https:\/\/miradordeatarfe.es\/index.php?rest_route=%2Fwp%2Fv2%2Ftags&post=73877"}],"curies":[{"name":"wp","href":"https:\/\/api.w.org\/{rel}","templated":true}]}}