{"id":74026,"date":"2025-01-13T08:32:00","date_gmt":"2025-01-13T07:32:00","guid":{"rendered":"https:\/\/miradordeatarfe.es\/?p=74026"},"modified":"2025-01-13T13:25:21","modified_gmt":"2025-01-13T12:25:21","slug":"el-parque-de-las-ciencias-cesa-por-burofax-a-ernesto-paramo-el-impulsor-del-museo","status":"publish","type":"post","link":"https:\/\/miradordeatarfe.es\/?p=74026","title":{"rendered":"El Parque de las Ciencias cesa por burofax a Ernesto P\u00e1ramo, el impulsor del museo"},"content":{"rendered":"\n<h2 class=\"wp-block-heading\">Adem\u00e1s de prescindir de P\u00e1ramo, que dirigi\u00f3 el Parque durante su etapa de crecimiento, convirti\u00e9ndolo en referente, la direcci\u00f3n del museo prescinde del profesor Miguel Guirao.<\/h2>\n\n\n\n<p>El Parque de las Ciencias ha cesado a <strong>Ernesto P\u00e1ramo<\/strong>, impulsor del museo, que dirigi\u00f3 convirti\u00e9ndolo en referente. Seg\u00fan ha confirmado <em>El Independiente de Granada<\/em>, el que fuera impulsor del Parque de las Ciencias, que dej\u00f3 la direcci\u00f3n en 2020, si bien segu\u00eda vinculado a la gesti\u00f3n del museo, ha recibido un burofax inform\u00e1ndole de la decisi\u00f3n de apartarlo definitivamente del museo, al que segu\u00eda vinculado. La misma v\u00eda ha sido utilizada para comunicar tambi\u00e9n a <strong>Miguel Guirao<\/strong>, vinculado igualmente desde el inicio al Parque, para comunicarle que se prescinde de \u00e9l. Se les da una semana para que recojan sus pertenencias.<\/p>\n\n\n\n<p>Estos ceses, que afectan tambi\u00e9n a Ana Crespo, han estado precedidos de otra destituci\u00f3n que ha generado un profundo malestar, la de <strong>Javier Medina<\/strong>, otro de los fundadores del Parque de las Ciencias, que era el responsable del \u00e1rea de Ciencias y Educaci\u00f3n, su coordinador y, en la pr\u00e1ctica, subdirector.<\/p>\n\n\n\n<p>Las distintas fuentes consultadas por este diario coinciden al calificarlos como un intento de borrar al equipo de profesionales que puso en marcha el museo y lo condujo al \u00e9xito internacional. Cuestionan adem\u00e1s las formas.&nbsp;&nbsp;<\/p>\n\n\n\n<p>El museo suma as\u00ed una nueva pol\u00e9mica el a\u00f1o en el que cumple su treinta aniversario. <a href=\"http:\/\/www.elindependientedegranada.es\/economia\/luis-alcala-deja-direccion-parque-ciencias\">Su actual director, <strong>Luis Alcal\u00e1<\/strong>, se marcha del centro, como ya adelant\u00f3 este diario<\/a>. Esa decisi\u00f3n pas\u00f3 por el \u00faltimo Consejo Rector, donde se activ\u00f3 el proceso para su relevo. No obstante, Alcal\u00e1 sigue al frente del museo y, por tanto, son decisiones que se toman bajo su gesti\u00f3n.&nbsp;<\/p>\n\n\n\n<p>La Junta dijo entonces que comenzaba \u00abuna fase de transici\u00f3n\u00bb en la que el Parque de las Ciencias hab\u00eda quedado \u00abdebidamente organizado para facilitar el relevo justo y transparente entre la actual direcci\u00f3n y la siguiente\u00bb.<\/p>\n\n\n\n<p>El Parque de las Ciencias encara este a\u00f1o, en el que celebra su treinta aniversario, con un recorte de un mill\u00f3n de euros por parte de la Junta de Andaluc\u00eda en el presupuesto<\/p>\n\n\n\n<p>El Parque de las Ciencias encara este a\u00f1o, adem\u00e1s, con un recorte de un mill\u00f3n de euros por parte de la Junta de Andaluc\u00eda en el presupuesto.&nbsp;<\/p>\n\n\n\n<p>Tras dejar la direcci\u00f3n, Ernesto P\u00e1ramo asumi\u00f3 tareas de Relaciones Internacionales, claves para el museo para la organizaci\u00f3n de grandes exposiciones en colaboraci\u00f3n con otros espacios muse\u00edsticos internacionales.<\/p>\n\n\n\n<p>Por su parte, el profesor <strong>Miguel Guirao<\/strong> ha sido desde los inicios el nexo con la UGR, dirigiendo, entre otras actividades, el laboratorio de plastinaci\u00f3n.&nbsp;<\/p>\n\n\n\n<p>Tanto P\u00e1ramo como Guirao, cada uno en tareas diferentes, han contribuido a engrandecer al Parque de las Ciencias. Prescindir de ellos de esta manera enrarece m\u00e1s el ambiente laboral en el seno del museo, seg\u00fan trasladan a este diario distintas fuentes.<\/p>\n\n\n\n<p>Guirao ha explicado, en declaraciones a la Cadena SER, que tanto P\u00e1ramo como \u00e9l recibieron el burofax este mi\u00e9rcoles. En el documento se asegura que fue una decisi\u00f3n adoptada en el \u00faltimo Consejo Rector. \u00abHemos hablado con miembros del Consejo Rector y nos dicen que no fue as\u00ed\u00bb, si bien eso es lo que recogen las notificaciones y ha trasladado la Direcci\u00f3n del Parque de las Ciencias, en una respuesta oficial, a este diario.<\/p>\n\n\n\n<p>\u00abEl Parque ha sido parte de mi vida\u00bb, ha subrayado en esas declaraciones el profesor, que lamenta la manera elegida para prescindir de ambos.&nbsp;<\/p>\n\n\n\n<p><strong>Unos ceses \u00abaprobados por el Consejo Rector\u00bb ante el pr\u00f3ximo relevo de Alcal\u00e1<\/strong><br \/><br \/>Requerido por <em>El Independiente de Granada<\/em>, el Parque de las Ciencias ha trasladado a este diario, a trav\u00e9s de un portavoz, que \u00abel Consejo Rector aprob\u00f3 en su momento la propuesta de nombramiento de tres asesores, presentada por el actual director gerente, Luis Alcal\u00e1, y de acuerdo con los Estatutos de la instituci\u00f3n\u00bb. Ahora, seg\u00fan la respuesta del Parque, \u00abcon motivo del pr\u00f3ximo relevo de Alcal\u00e1\u00bb, lo que ha hecho el Consejo Rector es aprobar el cese de los tres asesores de la Direcci\u00f3n Gerencia. Lo hizo \u00aben su reuni\u00f3n del 16 de diciembre de 2024 por unanimidad\u00bb. En el Consejo Rector est\u00e1n representadas, adem\u00e1s de la Junta de Andaluc\u00eda, el Ayuntamiento de Granada, la Diputaci\u00f3n Provincial y la UGR.<br \/><br \/>Seg\u00fan ha a\u00f1adido la fuente, \u00abla pr\u00f3xima persona que tome posesi\u00f3n del cargo podr\u00e1 proponer nuevos asesores al Consejo Rector\u00bb.<br \/><br \/>Hace hincapi\u00e9 adem\u00e1s en que el nombramiento de Ernesto P\u00e1ramo como asesor se produjo \u00aba propuesta Luis Alcal\u00e1, actual director gerente del Parque de las Ciencias de Granada, tras dejar el propio se\u00f1or P\u00e1ramo su puesto por motivos personales\u00bb.<\/p>\n\n\n\n<p><strong>M.A<\/strong><\/p>\n\n\n\n<p>FOTO: Ernesto P\u00e1ramo en una imagen de archivo.\u00a0parque ciencias<\/p>\n\n\n\n<p>http:\/\/www.elindependientedegranada.es\/politica\/parque-ciencias-cesa-burofax-ernesto-paramo-impulsor-museo<\/p>\n","protected":false},"excerpt":{"rendered":"<p>Adem\u00e1s de prescindir de P\u00e1ramo, que dirigi\u00f3 el Parque durante su etapa de crecimiento, convirti\u00e9ndolo&#8230;<\/p>\n","protected":false},"author":1,"featured_media":74097,"comment_status":"closed","ping_status":"closed","sticky":false,"template":"","format":"standard","meta":{"_coblocks_attr":"","_coblocks_dimensions":"","_coblocks_responsive_height":"","_coblocks_accordion_ie_support":"","jetpack_post_was_ever_published":false,"_jetpack_newsletter_access":"","_jetpack_dont_email_post_to_subs":false,"_jetpack_newsletter_tier_id":0,"_jetpack_memberships_contains_paywalled_content":false,"_jetpack_memberships_contains_paid_content":false,"footnotes":"","jetpack_publicize_message":"","jetpack_publicize_feature_enabled":true,"jetpack_social_post_already_shared":true,"jetpack_social_options":{"image_generator_settings":{"template":"highway","default_image_id":0,"enabled":false},"version":2}},"categories":[10797,10781,44],"tags":[],"class_list":["post-74026","post","type-post","status-publish","format-standard","has-post-thumbnail","hentry","category-ciencia","category-granada","category-noticias-de-hoy"],"jetpack_publicize_connections":[],"jetpack_featured_media_url":"https:\/\/i0.wp.com\/miradordeatarfe.es\/wp-content\/uploads\/2025\/01\/ernesto_paramo_foto_parque_ciencias_0.jpg?fit=750%2C391&ssl=1","jetpack_likes_enabled":true,"jetpack_sharing_enabled":true,"_links":{"self":[{"href":"https:\/\/miradordeatarfe.es\/index.php?rest_route=\/wp\/v2\/posts\/74026","targetHints":{"allow":["GET"]}}],"collection":[{"href":"https:\/\/miradordeatarfe.es\/index.php?rest_route=\/wp\/v2\/posts"}],"about":[{"href":"https:\/\/miradordeatarfe.es\/index.php?rest_route=\/wp\/v2\/types\/post"}],"author":[{"embeddable":true,"href":"https:\/\/miradordeatarfe.es\/index.php?rest_route=\/wp\/v2\/users\/1"}],"replies":[{"embeddable":true,"href":"https:\/\/miradordeatarfe.es\/index.php?rest_route=%2Fwp%2Fv2%2Fcomments&post=74026"}],"version-history":[{"count":2,"href":"https:\/\/miradordeatarfe.es\/index.php?rest_route=\/wp\/v2\/posts\/74026\/revisions"}],"predecessor-version":[{"id":74096,"href":"https:\/\/miradordeatarfe.es\/index.php?rest_route=\/wp\/v2\/posts\/74026\/revisions\/74096"}],"wp:featuredmedia":[{"embeddable":true,"href":"https:\/\/miradordeatarfe.es\/index.php?rest_route=\/wp\/v2\/media\/74097"}],"wp:attachment":[{"href":"https:\/\/miradordeatarfe.es\/index.php?rest_route=%2Fwp%2Fv2%2Fmedia&parent=74026"}],"wp:term":[{"taxonomy":"category","embeddable":true,"href":"https:\/\/miradordeatarfe.es\/index.php?rest_route=%2Fwp%2Fv2%2Fcategories&post=74026"},{"taxonomy":"post_tag","embeddable":true,"href":"https:\/\/miradordeatarfe.es\/index.php?rest_route=%2Fwp%2Fv2%2Ftags&post=74026"}],"curies":[{"name":"wp","href":"https:\/\/api.w.org\/{rel}","templated":true}]}}