{"id":74040,"date":"2025-01-16T09:38:00","date_gmt":"2025-01-16T08:38:00","guid":{"rendered":"https:\/\/miradordeatarfe.es\/?p=74040"},"modified":"2025-01-12T19:46:41","modified_gmt":"2025-01-12T18:46:41","slug":"el-origen-cristiano-de-los-reyes-magos-segun-la-biblia-ni-eran-tres-ni-eran-reyes-ni-se-llamaban-melchor-gaspar-y-baltasar","status":"publish","type":"post","link":"https:\/\/miradordeatarfe.es\/?p=74040","title":{"rendered":"El origen cristiano de los reyes magos: seg\u00fan la Biblia, ni eran tres ni eran reyes ni se llamaban Melchor, Gaspar y Baltasar"},"content":{"rendered":"\n<ul class=\"wp-block-list\">\n<li>La Biblia s\u00f3lo menciona a unos \u00abmagos\u00bb que vienen de Oriente, sin especificar el nombre ni si eran reyes<\/li>\n\n\n\n<li>Fue en el siglo V cuando el papa Le\u00f3n I design\u00f3 que fueran reyes y fueran tres; en el siglo VIII surgieron sus nombres<\/li>\n\n\n\n<li>Que los reyes magos entreguen regalos s\u00ed podr\u00eda tener un origen pagano<\/li>\n<\/ul>\n\n\n\n<p>Los reyes magos han llenado de ilusi\u00f3n las casas de ni\u00f1os (y no tan ni\u00f1os) durante a\u00f1os, mientras esperaban impacientes su llegada la madrugada del 6 de enero. Cuando pensamos en ellos se nos vienen a la cabeza tres se\u00f1ores con barba (Melchor, Gaspar y Baltasar) que fueron guiados por una estrella desde Oriente hasta el portal de Bel\u00e9n en el que naci\u00f3 el ni\u00f1o Jes\u00fas, al que entregaron tres regalos: oro, incienso y mirra.<\/p>\n\n\n\n<p>Aunque tiene su origen en la religi\u00f3n, <strong>la Biblia s\u00f3lo menciona a unos \u201cmagos\u201d que vienen de Oriente<\/strong> sin decir cu\u00e1ntos eran, cu\u00e1les eran sus nombres y sin describir su aspecto. Ni siquiera que fuesen reyes. Seg\u00fan Juan Carlos Cuadrado, uno de los malditos que nos ha prestado sus superpoderes y que ha estudiado la Historia de las religiones, esta tradici\u00f3n viene de mezclar \u201cescritos can\u00f3nicos y no can\u00f3nicos\u201d a lo largo del tiempo. Los textos can\u00f3nicos son los Evangelios de los cuatro ap\u00f3stoles, Marco, Mateo, Lucas y Juan, que forman parte de la Biblia.<\/p>\n\n\n\n<p>As\u00ed, Melchor, Gaspar y Baltasar forman parte de una tradici\u00f3n que se ha ido transformando desde lo que aparece en la Biblia hasta lo que conocemos hoy en d\u00eda. Lo que no queda del todo claro es de d\u00f3nde viene que ellos sean quienes traen regalos el 6 de enero, aunque s\u00ed podr\u00eda tener su origen en una costumbre pagana.<\/p>\n\n\n\n<h2 class=\"wp-block-heading\">Melchor, Gaspar y Baltasar no aparecen en la Biblia: s\u00f3lo menciona a unos \u201cmagos\u201d<\/h2>\n\n\n\n<p>A diferencia de <a target=\"_blank\" rel=\"noreferrer noopener\" href=\"https:\/\/maldita.es\/malditaciencia\/20211221\/que-sabemos-sobre-el-origen-del-arbol-de-navidad-se-remonta-a-tradiciones-paganas-previas-al-cristianismo\/\">la tradici\u00f3n navide\u00f1a de colocar y adornar el \u00e1rbol de navidad<\/a>, la de los reyes magos s\u00ed es una tradici\u00f3n religiosa (aunque el hecho de que nos traigan regalos podr\u00eda ser una costumbre pagana). De hecho, es una tradici\u00f3n cristiana. Y como tal, podemos pensar que su historia aparece en la Biblia, aunque lo cierto es que en ella apenas se dan detalles sobre estos personajes.&nbsp;<\/p>\n\n\n\n<p>La \u00fanica referencia a ellos en la Biblia la encontramos en <a target=\"_blank\" rel=\"noreferrer noopener\" href=\"https:\/\/www.biblegateway.com\/passage\/?search=Mateo%202%3A1-12&amp;version=RVR1960\">Mateo 2:1-12<\/a>, uno de los textos que forman parte del Nuevo Testamento: \u201cUnos Magos que ven\u00edan de Oriente llegaron a Jerusal\u00e9n preguntando: \u00ab\u00bfD\u00f3nde est\u00e1 el rey de los jud\u00edos reci\u00e9n nacido? Porque hemos visto su estrella en el Oriente y venimos a adorarlo.\u00bb\u201d. <strong>No hay menci\u00f3n a su aspecto, a que fuesen tres o a que se llamasen Melchor, Gaspar y Baltasar<\/strong>, como los conocemos ahora.<\/p>\n\n\n\n<p>Pero seg\u00fan ese fragmento son \u201cmagos\u201d y vienen de Oriente. \u00bfOs suena alg\u00fan otro elemento de ese texto? Exacto, la estrella que los gu\u00eda hasta el portal de Bel\u00e9n donde le entregan oro, incienso y mirra al ni\u00f1o Jes\u00fas.<\/p>\n\n\n\n<p>Que sean <strong>\u201cmagos\u201d <\/strong>y que vayan siguiendo una estrella no es casual: este t\u00e9rmino no ten\u00eda la misma connotaci\u00f3n en la antig\u00fcedad que ahora y <strong>hac\u00eda referencia a sabios con conocimientos de ciencia, sobre todo de astronom\u00eda<\/strong>. Juan Chapa Prado, doctor en Teolog\u00eda por la Universidad de Navarra, nos cita el <em>Diccionario Exeg\u00e9tico del Nuevo Testamento<\/em>, de H. Balz, que afirma que \u201cel t\u00e9rmino \u2018mago\u2019 en griego deriva del nombre de una tribu m\u00e9dica que, en la religi\u00f3n persa, desempe\u00f1aba funciones sacerdotales y se ocupaba del estudio de la astronom\u00eda o la astrolog\u00eda\u201d.<\/p>\n\n\n\n<p>Hay numerosas referencias de autores que consideran que esa es la connotaci\u00f3n que tiene la palabra \u201cmago\u201d en la Biblia. <a target=\"_blank\" rel=\"noreferrer noopener\" href=\"https:\/\/www.abc.es\/historia\/abci-cinco-grandes-mentiras-historicas-sobre-reyes-magos-hecho-creer-durante-decadas-202001060154_noticia.htmlhttps:\/\/www.abc.es\/historia\/abci-cinco-grandes-mentiras-historicas-sobre-reyes-magos-hecho-creer-durante-decadas-202001060154_noticia.html\"><em>ABC<\/em><\/a> cita en este art\u00edculo a Jo\u00e3o Scognamiglio, autor de <em>Lo in\u00e9dito de los Evangelios<\/em>, que afirma en su obra que \u201cen aquella \u00e9poca significaba personas de cierto poder\u00edo y que <strong>se distingu\u00edan especialmente en los conocimientos cient\u00edficos, sobre todo astron\u00f3micos<\/strong>\u201d. En el mismo sentido apunta la obra <em>Diccionario B\u00edblico del Mundo Hispano<\/em> de James Dixon Douglas, tambi\u00e9n citada por <em>ABC<\/em>.<\/p>\n\n\n\n<h2 class=\"wp-block-heading\">Primero se convirtieron en reyes<\/h2>\n\n\n\n<p>Antes dec\u00edamos que, seg\u00fan Juan Carlos Cuadrado, la tradici\u00f3n actual es el resultado de mezclar varios textos can\u00f3nicos y no can\u00f3nicos a lo largo de los siglos. Pues bien, <a target=\"_blank\" rel=\"noreferrer noopener\" href=\"https:\/\/datos.bne.es\/persona\/XX873455.html\">Quinto S\u00e9ptimo Tertuliano<\/a>, \u201cun padre de la Iglesia y un prol\u00edfico escritor durante la segunda parte del siglo II y primera parte del siglo III\u201d, fue el encargado de que los magos de Oriente sean considerados tambi\u00e9n reyes, cuando interpret\u00f3 un texto del Antiguo Testamento (AT).<\/p>\n\n\n\n<p>Para <a target=\"_blank\" rel=\"noreferrer noopener\" href=\"https:\/\/historia.nationalgeographic.com.es\/a\/origen-tradicion-reyes-magos-y-regalos_15037\">llegar a esa conclusi\u00f3n, Tertuliano<\/a> se bas\u00f3 en el <a target=\"_blank\" rel=\"noreferrer noopener\" href=\"https:\/\/www.biblegateway.com\/passage\/?search=Salmos%2072&amp;version=RVR1960\">Salmo 72 del AT<\/a>, que dice que \u201clos reyes de Sab\u00e1 y de Seba ofrecer\u00e1n dones. Todos los reyes se postrar\u00e1n delante de \u00e9l. Todas las naciones le servir\u00e1n\u201d, en referencia al Mes\u00edas, que para los cristianos es el ni\u00f1o Jes\u00fas. A partir de ese momento los magos de Oriente comenzaron a llevar corona, puesto que Tertuliano los relacion\u00f3 con estos reyes. As\u00ed lo recoge la <em>Encyclopedia of Ancient Christianity <\/em>a la que tambi\u00e9n cita el doctor en Teolog\u00eda Juan Chapa Prado.<\/p>\n\n\n\n<h2 class=\"wp-block-heading\">En el siglo V el papa Le\u00f3n I designa que los reyes magos sean tres<\/h2>\n\n\n\n<p>Estamos en el siglo III d.C. y ya son reyes adem\u00e1s de magos. Pero para que se establezca definitivamente que son tres tenemos que ir <strong>al siglo V. Hasta entonces no hab\u00eda un consenso de cu\u00e1ntos eran<\/strong> los reyes magos de Oriente, como muestra la iconograf\u00eda de la \u00e9poca. Un ejemplo es el de las catacumbas de Santa Domitila, en Roma, donde en uno de sus frescos aparecen cuatro reyes magos.<\/p>\n\n\n\n<figure class=\"wp-block-image\"><img decoding=\"async\" src=\"https:\/\/maldita.es\/uploads\/public\/Catacumba%20Santa%20Domitila.jfif\" alt=\"\"\/><figcaption class=\"wp-element-caption\">Imagen de la representaci\u00f3n de cuatro reyes magos en las Catacumbas de Santa Domitila en Roma.<\/figcaption><\/figure>\n\n\n\n<p>En la <em>Encyclopedia of Ancient Christianity <\/em>se recoge que <strong>la teor\u00eda m\u00e1s aceptada para decir que eran tres es que \u201cse deriva de los tres regalos <\/strong>que ofrecen a Jes\u00fas (oro, incienso y mirra)\u201d, adem\u00e1s del simbolismo de ese n\u00famero al estar relacionado con la Trinidad (que para la religi\u00f3n cristiana significa el Padre, el Hijo y el Esp\u00edritu Santo).<\/p>\n\n\n\n<p>As\u00ed, en el siglo V, el papa Le\u00f3n I el Magno proclam\u00f3 en sus <em>Sermones para la Epifan\u00eda<\/em> que los reyes magos de Oriente eran tres, como <a target=\"_blank\" rel=\"noreferrer noopener\" href=\"https:\/\/www.unav.edu\/web\/catedra-patrimonio\/actividades\/ciclos-y-conferencias\/2008\/ya-vienen-los-reyes\">se\u00f1ala el historiador de la Universidad de Navarra Jos\u00e9 Javier Azanza<\/a>, asent\u00e1ndose esta idea en Occidente.<\/p>\n\n\n\n<h2 class=\"wp-block-heading\">Despu\u00e9s conocimos sus nombres: Melchor, Gaspar y Baltasar<\/h2>\n\n\n\n<p>En el siglo V <strong>ya son tres reyes magos de Oriente<\/strong>, pero \u00bfc\u00f3mo se llaman? Azanza afirma que sus nombres \u201c<a target=\"_blank\" rel=\"noreferrer noopener\" href=\"https:\/\/www.unav.edu\/web\/catedra-patrimonio\/actividades\/ciclos-y-conferencias\/2008\/ya-vienen-los-reyes\">aparecieron por primera vez en el Evangelio Armenio de la Infancia del siglo IV<\/a>\u201d (un texto no can\u00f3nico), pero que no ser\u00edan \u201caceptados definitivamente hasta su inclusi\u00f3n en el <em>Liber Pontificalis<\/em> de Ravena, fechado a mediados del siglo IX\u201d. Entretanto, sus nombres, escritos como <em>Bithisarea<\/em>, <em>Melichior<\/em> y <em>Gathaspa<\/em>, aparecieron en otras obras como la cr\u00f3nica del siglo VIII conocida como <a target=\"_blank\" rel=\"noreferrer noopener\" href=\"http:\/\/www.attalus.org\/translate\/barbari.html\"><em>Excerpta latina barbari<\/em><\/a>, tal y como se\u00f1ala la <em>Encyclopedia Britannica<\/em>.<\/p>\n\n\n\n<p>Pero todav\u00eda nos queda una inc\u00f3gnita por resolver: ahora representamos a Baltasar como un hombre negro, pero esto no fue siempre as\u00ed. Jos\u00e9 Javier Azanza apunta que en \u201clos albores del cristianismo, a los tres magos se les representaba como de una misma raza\u201d y con el mismo aspecto f\u00edsico. Se\u00f1ala que es a partir del siglo XII cuando, \u201ccon la intenci\u00f3n de simbolizar la universalidad del cristianismo, se diferenciaron e individualizaron\u201d, adquiriendo cada uno de ellos caracter\u00edsticas que <strong>los asociaban a \u201clas tres partes del mundo entonces conocidas: Europa, Asia y \u00c1frica\u201d<\/strong>.<\/p>\n\n\n\n<p>Siguiendo con el historiador Azanza, aunque haya \u201calgunos antecedentes aislados\u201d, durante casi toda la Edad Media (del siglo V hasta el XV), se ignora esta referencia \u201ccondicionada por el rechazo al color negro que pasaba por ser el del demonio y el infierno\u201d. Es ya a finales de esta \u00e9poca, <strong>durante el siglo XV, cuando se impone la figura del rey mago negro<\/strong>, explica.&nbsp;<\/p>\n\n\n\n<h2 class=\"wp-block-heading\">Que nos traigan regalos s\u00ed podr\u00eda tener origen en una costumbre pagana<\/h2>\n\n\n\n<p>El origen de la figura de los tres reyes magos, aunque no aparezca en la Biblia, s\u00ed est\u00e1 relacionado con la religi\u00f3n. Pero posiblemente el hecho de que nos traigan regalos cada 6 de enero s\u00ed puede tener un origen pagano.<\/p>\n\n\n\n<p>Seg\u00fan la <em>Encyclopedia Britannica<\/em>, las celebraciones de Navidad y Nochevieja est\u00e1n directamente <a target=\"_blank\" rel=\"noreferrer noopener\" href=\"https:\/\/www.britannica.com\/topic\/Saturnalia-Roman-festival\">relacionadas con la festividad romana (y pagana) de los Saturnales<\/a>, que se celebraban entre el 17 y el 24 de diciembre. Hacia el final de estas fiestas, en las que se decoraban las casas, tambi\u00e9n se hac\u00edan regalos.<\/p>\n\n\n\n<p>La influencia de esta fiesta pagana \u201ccontin\u00faa sinti\u00e9ndose a lo largo de todo el mundo occidental\u201d, seg\u00fan la <em>Encyclopedia Britannica<\/em>. De hecho, la tradici\u00f3n de hacer regalos, como sabemos, no es exclusiva de Espa\u00f1a ni de los reyes magos. Uno de los personajes m\u00e1s famosos que regala por Navidad es Pap\u00e1 Noel o Santa Claus, pero <a target=\"_blank\" rel=\"noreferrer noopener\" href=\"https:\/\/elordenmundial.com\/mapas-y-graficos\/quien-trae-regalos-navidad-europa\/\">hay pa\u00edses que tienen a su propia figura que, cada diciembre o enero, trae regalos a casa<\/a>.<\/p>\n\n\n\n<p>No est\u00e1 del todo claro de d\u00f3nde viene que nos intercambiemos regalos en estas fechas, pero s\u00ed sabemos que probablemente este 6 de enero de nuevo vendr\u00e1n los reyes magos de Oriente a dejarnos alguno en casa.<\/p>\n\n\n\n<p><em>En este art\u00edculo ha colaborado con sus superpoderes Juan Carlos Cuadrado.<\/em><\/p>\n\n\n\n<p><strong>MALDITA.ES<\/strong><\/p>\n\n\n\n<p>Foto: <a target=\"_blank\" rel=\"noreferrer noopener\" href=\"https:\/\/www.freepik.es\/vectores\/navidad\">Vector de Navidad creado por studiogstock &#8211; www.freepik.es<\/a><\/p>\n\n\n\n<p><a href=\"https:\/\/maldita.es\/malditateexplica\/20220103\/origen-cristiano-reyes-magos-biblia\">https:\/\/maldita.es\/malditateexplica\/20220103\/origen-cristiano-reyes-magos-biblia<\/a><\/p>\n","protected":false},"excerpt":{"rendered":"<p>Los reyes magos han llenado de ilusi\u00f3n las casas de ni\u00f1os (y no tan ni\u00f1os)&#8230;<\/p>\n","protected":false},"author":1,"featured_media":74041,"comment_status":"closed","ping_status":"closed","sticky":false,"template":"","format":"standard","meta":{"_coblocks_attr":"","_coblocks_dimensions":"","_coblocks_responsive_height":"","_coblocks_accordion_ie_support":"","jetpack_post_was_ever_published":false,"_jetpack_newsletter_access":"","_jetpack_dont_email_post_to_subs":false,"_jetpack_newsletter_tier_id":0,"_jetpack_memberships_contains_paywalled_content":false,"_jetpack_memberships_contains_paid_content":false,"footnotes":"","jetpack_publicize_message":"","jetpack_publicize_feature_enabled":true,"jetpack_social_post_already_shared":true,"jetpack_social_options":{"image_generator_settings":{"template":"highway","default_image_id":0,"enabled":false},"version":2}},"categories":[10797,44,6937],"tags":[],"class_list":["post-74040","post","type-post","status-publish","format-standard","has-post-thumbnail","hentry","category-ciencia","category-noticias-de-hoy","category-sociedad"],"jetpack_publicize_connections":[],"jetpack_featured_media_url":"https:\/\/i0.wp.com\/miradordeatarfe.es\/wp-content\/uploads\/2025\/01\/658d58bdb855ereyes-magos-jpg.jpg?fit=1600%2C675&ssl=1","jetpack_likes_enabled":true,"jetpack_sharing_enabled":true,"_links":{"self":[{"href":"https:\/\/miradordeatarfe.es\/index.php?rest_route=\/wp\/v2\/posts\/74040","targetHints":{"allow":["GET"]}}],"collection":[{"href":"https:\/\/miradordeatarfe.es\/index.php?rest_route=\/wp\/v2\/posts"}],"about":[{"href":"https:\/\/miradordeatarfe.es\/index.php?rest_route=\/wp\/v2\/types\/post"}],"author":[{"embeddable":true,"href":"https:\/\/miradordeatarfe.es\/index.php?rest_route=\/wp\/v2\/users\/1"}],"replies":[{"embeddable":true,"href":"https:\/\/miradordeatarfe.es\/index.php?rest_route=%2Fwp%2Fv2%2Fcomments&post=74040"}],"version-history":[{"count":1,"href":"https:\/\/miradordeatarfe.es\/index.php?rest_route=\/wp\/v2\/posts\/74040\/revisions"}],"predecessor-version":[{"id":74042,"href":"https:\/\/miradordeatarfe.es\/index.php?rest_route=\/wp\/v2\/posts\/74040\/revisions\/74042"}],"wp:featuredmedia":[{"embeddable":true,"href":"https:\/\/miradordeatarfe.es\/index.php?rest_route=\/wp\/v2\/media\/74041"}],"wp:attachment":[{"href":"https:\/\/miradordeatarfe.es\/index.php?rest_route=%2Fwp%2Fv2%2Fmedia&parent=74040"}],"wp:term":[{"taxonomy":"category","embeddable":true,"href":"https:\/\/miradordeatarfe.es\/index.php?rest_route=%2Fwp%2Fv2%2Fcategories&post=74040"},{"taxonomy":"post_tag","embeddable":true,"href":"https:\/\/miradordeatarfe.es\/index.php?rest_route=%2Fwp%2Fv2%2Ftags&post=74040"}],"curies":[{"name":"wp","href":"https:\/\/api.w.org\/{rel}","templated":true}]}}