{"id":74058,"date":"2025-01-14T11:00:00","date_gmt":"2025-01-14T10:00:00","guid":{"rendered":"https:\/\/miradordeatarfe.es\/?p=74058"},"modified":"2025-01-13T11:31:18","modified_gmt":"2025-01-13T10:31:18","slug":"quo-vadis-por-ignacio-henares","status":"publish","type":"post","link":"https:\/\/miradordeatarfe.es\/?p=74058","title":{"rendered":"\u00ab\u00bfQUO VADIS?\u00bb por Ignacio Henares"},"content":{"rendered":"\n<p class=\"has-medium-font-size\"><strong>El Parque de las Ciencias carece actualmente de un Plan Estrat\u00e9gico y necesita la recomposici\u00f3n de la alianza social e institucional para poder despejar su futuro. Las \u00faltimas decisiones nos alejan cada vez m\u00e1s de definir y aclarar hacia d\u00f3nde va este importante equipamiento educativo, cultural y tur\u00edstico para Granada.<\/strong><\/p>\n\n\n\n<p>En los \u00faltimos d\u00edas el Parque de las Ciencias, <strong>catedral de la divulgaci\u00f3n cient\u00edfica del sur de Europa<\/strong>, (tengo el <em>copyright<\/em> de esta expresi\u00f3n que utilic\u00e9 p\u00fablicamente por primera vez hace m\u00e1s de 20 a\u00f1os y he repetido en diferentes ocasiones en distintos art\u00edculos y conferencias), est\u00e1 siendo noticia desgraciadamente por una \u2018mala prensa\u2019 que nada tiene que ver con los objetivos y actividades de este equipamiento y que rompen con una tradici\u00f3n que lo hab\u00eda acompa\u00f1ado desde hace (casi) 30 a\u00f1os, en los que el Parque (casi) <strong>siempre aportaba nuevas y buenas noticias.<\/strong><\/p>\n\n\n\n<p><strong>Conozco muy bien su historia y fui protagonista, en vivo y en directo, de su g\u00e9nesis.<\/strong> El d\u00eda de su apertura oficial al p\u00fablico fui el primero en pasar la b\u00f3veda del \u00e1rea \u2018Biosfera\u2019, junto a Ernesto P\u00e1ramo, ya director del Parque, acompa\u00f1anado a Jes\u00fas Quero, alcalde de Granada en aquel momento y uno de los principales actores que propiciaron su construcci\u00f3n, y a la por entonces consejera de Educaci\u00f3n y Ciencia de la Junta de Andaluc\u00eda, que asist\u00eda a aquella solemne inauguraci\u00f3n. Era el 8 de mayo de 1995, que durante muchos a\u00f1os se conmemor\u00f3 con un \u201cd\u00eda de puertas abiertas\u201d, que en los \u00faltimos a\u00f1os se ha pasado al D\u00eda de Andaluc\u00eda. Los reporteros gr\u00e1ficos de los medios de comunicaci\u00f3n granadinos presentes en aqu\u00e9l remoto d\u00eda me enviaron fotograf\u00edas del dulce momento.&nbsp;<\/p>\n\n\n\n<p>El modelo de gesti\u00f3n ha servido para colocar al Parque de las Ciencias como uno de los referentes en su materia dentro y fuera de Espa\u00f1a a la vez que una de las instituciones p\u00fablicas de las que la sociedad granadina se ha sentido m\u00e1s orgullosa<\/p>\n\n\n\n<p>La presencia del Gobierno andaluz no era una casualidad ni meramente protocolaria. La especial invitaci\u00f3n se deb\u00eda a que por aquellos d\u00edas est\u00e1bamos preparando desde el Ayuntamiento de Granada los estatutos del Consorcio y cerrando el modelo de gesti\u00f3n que, tras algunos retoques posteriores, ha servido para colocar al Parque de las Ciencias como uno de los referentes en su materia dentro y fuera de Espa\u00f1a a la vez que una de las instituciones p\u00fablicas de las que la sociedad granadina se ha sentido m\u00e1s orgullosa. Era una forma de implicarlos en la necesaria colaboraci\u00f3n en la gesti\u00f3n futura de la Junta, conscientes de la dimensi\u00f3n que pretend\u00edamos y que pronto se alcanz\u00f3. En este punto fue especialmente determinante la influencia de Manuel Pezzi, consejero de Medio Ambiente y de Educaci\u00f3n en los 90, cuya apuesta por el Parque de las Ciencias hab\u00eda arrancado siendo teniente de alcalde de Obras P\u00fablicas y Urbanismo del ayuntamiento de Granada con Jes\u00fas Quero hasta su marcha al Gobierno andaluz, ya con las obras bastante avanzadas del Parque de las Ciencias.<\/p>\n\n\n\n<p>\u00daltimamente desde \u2018el Parque\u2019 nos llegan demasiadas <strong>noticias negativas<\/strong>. La m\u00e1s reciente que nos ha deparado ha sido el <strong>despido, \u2018ejecutado\u2019 mediante burofax<\/strong> la semana pasada, (aunque ya se rumoreaba con anterioridad), <strong>de los tres asesores cient\u00edficos<\/strong>. Al parecer el ca\u00f1onazo iba drigido al anterior director y las otras dos personas han sido lo que se llama v\u00edctimas colaterales. Hay que considerar,&nbsp; al menos, que esta medida se ha realizado \u201ccon malas artes\u201d, si es que no hay tambi\u00e9n alguna irregularidad en la forma en la que se \u2018col\u00f3\u2019 el acuerdo en el Consejo Rector, seg\u00fan las manifestaciones recogidas por los asistentes a esta reuni\u00f3n en distintos medios de comunicaci\u00f3n.<\/p>\n\n\n\n<p>Las explicaciones dadas por los responsables de la Junta y el director \u2018saliente\u2019 no son satisfactorias y, ni los implicados merecen esa respuesta, ni la opini\u00f3n p\u00fablica puede quedar satisfecha ante esta inadecuada forma de proceder por lo que las sospechas que circulan por los mentideros de que las verdaderas razones est\u00e1n ocultas est\u00e1n m\u00e1s que justificadas.<\/p>\n\n\n\n<p>Pero puestos a dimensionar en justicia esta \u00faltima pol\u00e9mica hay que relativizar su importancia. A m\u00ed me parece lo menos relevante de los problemas que se est\u00e1n produciendo sobre el funcionamiento y la gesti\u00f3n del Parque de las Ciencias en los \u00faltimos a\u00f1os. La m\u00e1s grave quiza, y la que podr\u00e1 tener peores consecuencias futuras, es el <strong>anunciado recorte en m\u00e1s de un mill\u00f3n de euros<\/strong>, (un uno y seis ceros), del presupuesto que la Junta de Andaluc\u00eda aporta al Consorcio para el 2025. Y no he visto ni escuchado una contundente respuesta social. Pero supone que los <strong>problemas de infraestructuras<\/strong> denunciados, la <strong>falta de personal <\/strong>(que no se ha aumentado proporcionalmente al crecimiento del Parque), el evidente <strong>deterioro de las instalaciones<\/strong>, (con m\u00f3dulos que deben ser sustituidos y otros fuera de funcionamiento)&#8230; <strong>se ver\u00e1n agravados inexorablemente con este tijeretazo del gobierno de Moreno Bonilla<\/strong> que supone m\u00e1s del 10% del total del presupuesto con respecto a ejercicios anteriores.<\/p>\n\n\n\n<p>Igualmente se va a resentir uno de los atractivos que deber\u00edan ser revulsivos pero que se est\u00e1 convirtiendo en uno de los grandes d\u00e9ficits actuales de la oferta de actividades del Parque de las Ciencias. La <strong>ausencia de exposiciones de gran nivel e inter\u00e9s <\/strong>est\u00e1 suponiendo ya un \u2018atascamiento\u2019 que <strong>priva de captar&nbsp; nuevos visitantes y supone una queja de los asiduos o frecuentes.<\/strong> Como ejemplo paradigm\u00e1tico de esta carencia tenemos la broma de la exposici\u00f3n&nbsp; secuela del Titanic del a\u00f1o pasado de la que la gente sal\u00eda preguntando: <em>\u00bfpor d\u00f3nde contin\u00faa la exposici\u00f3n?<\/em><\/p>\n\n\n\n<p>En todo caso, este \u00faltimo incidente con el cese fulminante de los asesores cient\u00edficos honorarios s\u00ed es un s\u00edntoma de lo que est\u00e1 ocurriendo y del &#8216;mal ambiente&#8217; interno reinante que debe servir como toque de atenci\u00f3n<\/p>\n\n\n\n<p>En todo caso, este \u00faltimo incidente con <strong>el cese fulminante de los asesores cient\u00edficos honorarios,<\/strong> \u00bfqu\u00e9 prisa hab\u00eda, pod\u00edan haber seguido mientras sigue el que los propuso?, s\u00ed <strong>es un s\u00edntoma de lo que est\u00e1 ocurriendo y del \u2018mal ambiente\u2019 interno<\/strong> reinante que debe servir como toque de atenci\u00f3n, para los que a\u00fan no hab\u00edan advertido la deriva que acompa\u00f1a al Parque de las Ciencias de Granada de un tiempo para ac\u00e1, y como <strong>se\u00f1al de que requiere una reacci\u00f3n de la sociedad granadina<\/strong> como la que se dio con la propuesta del ejecutivo de Moreno Bonilla de creaci\u00f3n del Instituto Andaluz de Divulgaci\u00f3n Educativa. Esa&nbsp; movilizaci\u00f3n encabezada por la Asociaci\u00f3n de Amigos del Parque de las Ciencias sirvi\u00f3 para frenar el intento del gobierno andaluz de llevarse a M\u00e1laga este chiringuito de nuevo cu\u00f1o. Les toca ahora de nuevo abanderar y vertebrar una respuesta ciudadana contundente y, espero, que definitiva. Yo contribu\u00ed modestamente a sacudir el avispero y fui, por lo menos, uno de los primeros en alertar con mi columna en el Independiente de Granada: <a href=\"https:\/\/www.elindependientedegranada.es\/blog\/basta-ya-ni-pollas\">&#8216;\u00a1Basta ya, ni pollas!&#8217;<\/a><\/p>\n\n\n\n<p>Es dif\u00edcil encontrar una explicaci\u00f3n a por qu\u00e9 est\u00e1 ocurriendo esta devaluaci\u00f3n y adivinar por qu\u00e9 se est\u00e1 consintiendo por los responsables pol\u00edticos. En conversaciones al respecto con personas que comparten este an\u00e1lisis y preocupaci\u00f3n, he escuchado opiniones que se\u00f1alan que esta doble circunstancia de no tener en la presidencia del Consorcio, (ni alrededor), ni en la direcci\u00f3n del Parque a nadie que le duela, conozca y tenga clara la importancia de esta instituci\u00f3n y lo que supone para nuestra ciudad desde el punto de vista educativo, cultural, cient\u00edfico e incluso emocional. <strong>No<\/strong> <strong>hay nadie liderando el futuro y el Plan es que no hay planes<\/strong>. Se vive de la inercia y lo que han hecho los nuevos directivos es \u2018okupar\u2019 f\u00edsicamente el sitio pero no ocuparse de planificar y gestionar.<\/p>\n\n\n\n<p>Otros, por contra, piensan y temen que s\u00ed hay planes y se est\u00e1n desarrrollando y los problemas que afloran son los s\u00edntomas que nos conducen a una mayor externalizaci\u00f3n de la gesti\u00f3n, dicho en roman paladino, a una <strong>privatizaci\u00f3n encubierta<\/strong>. En este sentido las preocupantes declaraciones de los responsables de la Junta indicando&nbsp; que <em>\u201cestamos en una etapa de transici\u00f3n\u201d<\/em>, en la que no se sabe hacia d\u00f3nde, confirrmar\u00edan estas tesis.<\/p>\n\n\n\n<p>Desde mi estrecha relaci\u00f3n con el Parque de las Ciencias y con sus trabajadores desde su origen y durante estas tres d\u00e9cadas, he elaborado mi propia teor\u00eda, que sumo a los argumentos anteriores, al respecto de la crisis econ\u00f3mica, de gesti\u00f3n y reputacional, que est\u00e1 viviendo desde hace unos a\u00f1os. Previamente quisiera se\u00f1alar que en mi opini\u00f3n, una de las razones del incuestionable \u00e9xito (de p\u00fablico y de cr\u00edtica) de nuestro Museo de Ciencia, que ha supuesto a la vez una de sus fortalezas, ha sido que siempre tuvo un Plan, uno a corto\/medio plazo y otro con visi\u00f3n estrat\u00e9gica, perfectamente alineados, que explican su evoluci\u00f3n y crecimiento en el que se han ido acometiendo diferentes fases que estaban en la cabeza, en los planos y proyectos del equipo gestor capitaneados por el hiper-liderazgo de su director (que fue muy \u00fatil en alg\u00fan momento pero al final se ha convertido en una r\u00e9mora). Asociada a esta <strong>visi\u00f3n<\/strong> iba una implicaci\u00f3n de todo el equipo (desde los principales responsables hasta \u2018el \u00faltimo mono\u2019) en la <strong>misi\u00f3n<\/strong> del Parque de las Ciencias, que podemos resumir en que remaban <strong><em>\u201ctodos a una\u201d <\/em><\/strong>para convertirlo en el mejor de Espa\u00f1a. La complicidad de todos los trabajadores y el acompa\u00f1amiento y respaldo de las instituciones, y de la mayor\u00eda de la sociedad granadina, han sido esenciales y decisivas en este dif\u00edcil logro.<\/p>\n\n\n\n<p>Esta visi\u00f3n y misi\u00f3n, que han sido claves para entender la historia del Parque de las Ciencias, se truncan coincidiendo con el nuevo modelo de gesti\u00f3n y la crisis de crecimiento derivada de la inauguraci\u00f3n de la Cuarta Fase. Desde entonces se han ido rompiendo lazos internos y externos y se ha ido deteriorando progresivamente la gesti\u00f3n, desde fuera de manera aparentemente inexplicable. Y esta crisis se ha acelerado en los \u00faltimos a\u00f1os con dos elementos objetivos: el <strong>cambio de gobierno en Andaluc\u00eda<\/strong> primero y despu\u00e9s el <strong>relevo en la direcci\u00f3n<\/strong>.<\/p>\n\n\n\n<p>La llegada del Partido Popular al gobierno de la Junta de Andaluc\u00eda supuso un distanciamiento, no s\u00e9 si intencionado, de estos postulados y un desprecio a \u2018lo granadino\u2019.&nbsp; Primero, <strong>consolidando el alejamiento de la toma de decisiones y desplazando hacia Sevilla la gesti\u00f3n hasta de los m\u00e1s nimios asuntos cotidianos<\/strong>. Adem\u00e1s, desde que Moreno Bonilla es presidente, en estos \u00faltimos seis a\u00f1os, <strong>la cabeza del Consorcio ha estado fuera de Granada<\/strong>. Hasta entonces siempre hab\u00eda habido alg\u00fan granadino o granadina ocupando este importante puesto que ejerc\u00eda de puente, de defensor, de impulsor y promotor, de avalista principal&#8230; hacia dentro y hacia fuera del gobierno andaluz, de este Museo. Y lo hicieron de manera ejemplar y extraordinaria, todos y todas con gran pasi\u00f3n y dedicaci\u00f3n, destinando una parte importante de su agenda a estas tareas.<\/p>\n\n\n\n<p>Un proyecto granadino de \u00e9xito, concebido e impulsado desde lo local, convertido, por m\u00e9ritos propios, en una se\u00f1a de identidad del conjunto de Andaluc\u00eda, como consta en el propio logotipo actual (Parque de las Ciencias. Andaluc\u00eda-Granada), se est\u00e1 convirtiendo en un problema del gobierno andaluz, (hasta los actuales dirigentes granadinos del Partido en el gobierno de la Junta, de la Diputaci\u00f3n y del ayuntamiento lo consideran as\u00ed y pasan de tomar cartas en el asunto). Y eso parece confirmarse cuando los&nbsp; sucesivos presidentes\/as del Consorcio de los \u00faltimos a\u00f1os nos los han colocado desde Sevilla y todos\/as han pasado con m\u00e1s pena que gloria. A ninguno\/a le ha dolido y\/o no ha sabido entender el momento que viv\u00eda esta instituci\u00f3n y proyectar el camino a recorrer.<\/p>\n\n\n\n<p>Por otra parte, la llegada de Luis Alcal\u00e1, al relevo de Ernesto P\u00e1ramo, a la vista est\u00e1, ha supuesto uno de los principales errores y herencias de su sempiterno director ya que \u00e9l tuvo una gran influencia en su aterrizaje por estos lares. El todav\u00eda director, no sabemos si en funciones, interino o en pr\u00f3rroga, <strong>no ten\u00eda ninguna conexi\u00f3n anterior, ni profesional ni sentimental, con nuestro Parque de las Ciencias<\/strong>, y su paso por la direcci\u00f3n-gerencia ha ahondado m\u00e1s en esta brecha de conexi\u00f3n con la sociedad granadina y ha profundizado las grietas en la gesti\u00f3n del equipo humano que trabaja en el Parque de las Ciencias, a la vez que est\u00e1 conduciendo a una mayor precarizaci\u00f3n del empleo en las empresas que trabajan para el Consorcio. Lamento haber tenido raz\u00f3n en mis pre-juicios, pero hoy podemos constatar, con pesar, que del todos a una se ha pasado a <em>\u201cque cada uno va a su bola\u201d<\/em>, (menos el director y su nuevo equipo que van a la suya). Y en el \u00faltimo tramo parece que se le ha encomendado una suerte de limpiar la era para la nueva etapa que se avecina. Este es uno de los lastres principales para la necesaria reconducci\u00f3n de la situaci\u00f3n actual.<\/p>\n\n\n\n<p>La salida anunciada en diferido de Luis Alcal\u00e1, en un momento cr\u00edtico como es la celebraci\u00f3n del 30 aniversario y con el consabido recorte de los presupuestos por parte de la Junta de Andaluc\u00eda, me parece una irresponsabilidad, adem\u00e1s acrecentada por la toma de decisiones que se est\u00e1n produciendo. Pero habr\u00e1 que hacer de la necesidad virtud y construir en torno a este cambio una soluci\u00f3n al manifiesto problema de gesti\u00f3n interna, econ\u00f3mico-administrativa y de personal, que arrastra desde hace a\u00f1os. En honor a la verdad estos problemas son previos a la llegada del actual director para ser justos, aunque tambi\u00e9n es cierto que en los \u00faltimos tres a\u00f1os no han hecho m\u00e1s que empeorar.<\/p>\n\n\n\n<p>De paso hay que abordar la recomposici\u00f3n del<em> \u201c<strong>lazo<\/strong> (social) que se rompi\u00f3 cuando el <strong>abrazo<\/strong><\/em>. La restauraci\u00f3n de la conexi\u00f3n del Parque de las Ciencias con nuestra sociedad, reforzando el sentimiento de identidad de los granadinos con \u2018su\u2019 Museo de la Ciencia y el orgullo de contar con este equipamiento emblem\u00e1tico en Granada, es una <em>conditio sine que non, <\/em>para relanzar su imagen y para afrontar los retos pendientes y futuros. <em>\u201c<strong>Volver a ser lo que fuimos\u201d,<\/strong><\/em> como dice nuestro himno, la catedral de la divulgaci\u00f3n cient\u00edfica del sur de Europa. Hag\u00e1moslo, <strong><em>por Granada, Andaluc\u00eda, Espa\u00f1a y la humanidad<\/em><\/strong> siguiendo con el estribillo (adaptado) de esa canci\u00f3n.<\/p>\n","protected":false},"excerpt":{"rendered":"<p>El Parque de las Ciencias carece actualmente de un Plan Estrat\u00e9gico y necesita la recomposici\u00f3n&#8230;<\/p>\n","protected":false},"author":1,"featured_media":74059,"comment_status":"closed","ping_status":"closed","sticky":false,"template":"","format":"standard","meta":{"_coblocks_attr":"","_coblocks_dimensions":"","_coblocks_responsive_height":"","_coblocks_accordion_ie_support":"","jetpack_post_was_ever_published":false,"_jetpack_newsletter_access":"","_jetpack_dont_email_post_to_subs":false,"_jetpack_newsletter_tier_id":0,"_jetpack_memberships_contains_paywalled_content":false,"_jetpack_memberships_contains_paid_content":false,"footnotes":"","jetpack_publicize_message":"","jetpack_publicize_feature_enabled":true,"jetpack_social_post_already_shared":true,"jetpack_social_options":{"image_generator_settings":{"template":"highway","default_image_id":0,"enabled":false},"version":2}},"categories":[10797,10781,44,6937],"tags":[],"class_list":["post-74058","post","type-post","status-publish","format-standard","has-post-thumbnail","hentry","category-ciencia","category-granada","category-noticias-de-hoy","category-sociedad"],"jetpack_publicize_connections":[],"jetpack_featured_media_url":"https:\/\/i0.wp.com\/miradordeatarfe.es\/wp-content\/uploads\/2025\/01\/parqueporhormigas.jpg?fit=650%2C487&ssl=1","jetpack_likes_enabled":true,"jetpack_sharing_enabled":true,"_links":{"self":[{"href":"https:\/\/miradordeatarfe.es\/index.php?rest_route=\/wp\/v2\/posts\/74058","targetHints":{"allow":["GET"]}}],"collection":[{"href":"https:\/\/miradordeatarfe.es\/index.php?rest_route=\/wp\/v2\/posts"}],"about":[{"href":"https:\/\/miradordeatarfe.es\/index.php?rest_route=\/wp\/v2\/types\/post"}],"author":[{"embeddable":true,"href":"https:\/\/miradordeatarfe.es\/index.php?rest_route=\/wp\/v2\/users\/1"}],"replies":[{"embeddable":true,"href":"https:\/\/miradordeatarfe.es\/index.php?rest_route=%2Fwp%2Fv2%2Fcomments&post=74058"}],"version-history":[{"count":1,"href":"https:\/\/miradordeatarfe.es\/index.php?rest_route=\/wp\/v2\/posts\/74058\/revisions"}],"predecessor-version":[{"id":74060,"href":"https:\/\/miradordeatarfe.es\/index.php?rest_route=\/wp\/v2\/posts\/74058\/revisions\/74060"}],"wp:featuredmedia":[{"embeddable":true,"href":"https:\/\/miradordeatarfe.es\/index.php?rest_route=\/wp\/v2\/media\/74059"}],"wp:attachment":[{"href":"https:\/\/miradordeatarfe.es\/index.php?rest_route=%2Fwp%2Fv2%2Fmedia&parent=74058"}],"wp:term":[{"taxonomy":"category","embeddable":true,"href":"https:\/\/miradordeatarfe.es\/index.php?rest_route=%2Fwp%2Fv2%2Fcategories&post=74058"},{"taxonomy":"post_tag","embeddable":true,"href":"https:\/\/miradordeatarfe.es\/index.php?rest_route=%2Fwp%2Fv2%2Ftags&post=74058"}],"curies":[{"name":"wp","href":"https:\/\/api.w.org\/{rel}","templated":true}]}}