{"id":74081,"date":"2025-01-15T10:00:24","date_gmt":"2025-01-15T09:00:24","guid":{"rendered":"https:\/\/miradordeatarfe.es\/?p=74081"},"modified":"2025-01-14T12:58:45","modified_gmt":"2025-01-14T11:58:45","slug":"patrimonio-industrial-de-atarfe-por-miguel-angel-rubio-gandia-miguel-jimenez-yanguas-y-jose-miguel-reyes-mesa","status":"publish","type":"post","link":"https:\/\/miradordeatarfe.es\/?p=74081","title":{"rendered":"PATRIMONIO INDUSTRIAL DE ATARFE por Miguel Angel Rubio Gand\u00eda; Miguel Jim\u00e9nez Yanguas y Jos\u00e9 Miguel Reyes Mesa"},"content":{"rendered":"\n<p class=\"has-medium-font-size\"><strong>Los principales restos industriales de fines del siglo XIX y principios del XX se encuentran ubicados en torno a la l\u00ednea f\u00e9rrea Granada-Bobadilla.<\/strong><\/p>\n\n\n\n<p> La concesi\u00f3n de la l\u00ednea Granada-Campillos fue otorgada a don Jos\u00e9 de Salamanca, en 1863, y posteriormente cedida a la Compa\u00f1\u00eda del ferrocarril de C\u00f3rdoba a M\u00e1laga, que desplaz\u00f3 el empalme de Campillos a Bobadilla.<\/p>\n\n\n\n<p>Esta l\u00ednea comenz\u00f3 a funcionar a partir del a\u00f1o 1874, poniendo en contacto la ciudad y la vega granadina con la l\u00ednea C\u00f3rdoba-M\u00e1laga y a trav\u00e9s de ella con el resto del territorio nacional. Concretamente, en el tramo Granada-Atarfe-Pinos Puente se articul\u00f3 una importante zona industrial.<\/p>\n\n\n\n<p>La propia estaci\u00f3n de Atarfe, a pesar de sus modestas dimensiones, posee unos rasgos arquitect\u00f3nicos que le confieren gran singularidad, y por tanto debe ser protegida y conservada; en torno a ella se han aglutinado en el tiempo una serie de industrias y de empresas comerciales de importancia; a continuaci\u00f3n rese\u00f1amos algunas de las importantes desde el punto de vista del patrimonio industrial.<\/p>\n\n\n\n<p>La f<strong>\u00e1brica de az\u00facar de San Fernando,<\/strong> construida en 1884 por el arquitecto granadino don Francisco Jim\u00e9nez Ar\u00e9valo, reconvertida en 1904 en Alcoholera por la Sociedad General Azucarera de Espa\u00f1a y demolida en 1995, a pesar de los llamamientos efectuados para la conservaci\u00f3n de los restos arquitect\u00f3nicos m\u00e1s importantes; tan s\u00f3lo ha subsistido la impresionante chimenea en la que consta el a\u00f1o de construcci\u00f3n del recinto fabril. Su promotor fue don Fernando Guerrero que traslado desde Francia la maquinaria de una f\u00e1brica de az\u00facar de remolacha, instalando as\u00ed la segunda f\u00e1brica granadina de este tipo, la primera fue el \u2018Ingenio de San Juan\u2019 (1882).<\/p>\n\n\n\n<p>En las inmediaciones de la estaci\u00f3n perviven restos arquitect\u00f3nicos de la <strong>f\u00e1brica de alcohol de Santa Adelaida<\/strong>, propiedad de J. Manzuco y Compa\u00f1\u00eda, construida en 1891.<\/p>\n\n\n\n<figure class=\"wp-block-image size-full is-resized\"><img data-recalc-dims=\"1\" loading=\"lazy\" decoding=\"async\" width=\"332\" height=\"491\" src=\"https:\/\/i0.wp.com\/miradordeatarfe.es\/wp-content\/uploads\/2025\/01\/Captura20250113123526.png?resize=332%2C491&#038;ssl=1\" alt=\"\" class=\"wp-image-74082\" style=\"width:468px;height:auto\" srcset=\"https:\/\/i0.wp.com\/miradordeatarfe.es\/wp-content\/uploads\/2025\/01\/Captura20250113123526.png?w=332&amp;ssl=1 332w, https:\/\/i0.wp.com\/miradordeatarfe.es\/wp-content\/uploads\/2025\/01\/Captura20250113123526.png?resize=203%2C300&amp;ssl=1 203w\" sizes=\"auto, (max-width: 332px) 100vw, 332px\" \/><\/figure>\n\n\n\n<p>Frente a la estaci\u00f3n tambi\u00e9n subsiste el recinto fabril de la<strong> f\u00e1brica de \u00e1cido sulf\u00farico de Carrillo <\/strong>y Compa\u00f1\u00eda, construida en 1920 por el arquitecto don Angel F\u00e1bregas.<\/p>\n\n\n\n<p>El edificio industrial albergaba los hornos de tostaci\u00f3n de pir\u00edta, c\u00e1maras de plomo, las torres de Glover, las torres de Gay-Lussac y el conjunto de la maquinaria.<\/p>\n\n\n\n<figure class=\"wp-block-image size-full is-resized\"><img data-recalc-dims=\"1\" loading=\"lazy\" decoding=\"async\" width=\"331\" height=\"251\" src=\"https:\/\/i0.wp.com\/miradordeatarfe.es\/wp-content\/uploads\/2025\/01\/Captura20250113123545.png?resize=331%2C251&#038;ssl=1\" alt=\"\" class=\"wp-image-74083\" style=\"width:495px;height:auto\" srcset=\"https:\/\/i0.wp.com\/miradordeatarfe.es\/wp-content\/uploads\/2025\/01\/Captura20250113123545.png?w=331&amp;ssl=1 331w, https:\/\/i0.wp.com\/miradordeatarfe.es\/wp-content\/uploads\/2025\/01\/Captura20250113123545.png?resize=300%2C227&amp;ssl=1 300w\" sizes=\"auto, (max-width: 331px) 100vw, 331px\" \/><\/figure>\n\n\n\n<p>El primer propietario de la empresa, que dio nombre a la misma, fue don Jos\u00e9 Carrillo de Albornoz. El primer edificio industrial de 1920, debi\u00f3 de ser ampliado, por lo que se construy\u00f3 otro a semejanza del primero en 1940.<\/p>\n\n\n\n<p>La f\u00e1brica de \u00e1cido sulf\u00farico dej\u00f3 de funcionar en 1989. <\/p>\n\n\n\n<p>Por \u00faltimo citaremos el recinto fabril de la Azucarera granadina, S,A., La Vega, construida en 1904, de la que tan s\u00f3lo subsisten la chimenea y los almacenes. Los restos industriales que a\u00fan subsisten deben ser conservados como ejemplo de la arquitectura industrial de fines del siglo XIX y principios del XX. <\/p>\n\n\n\n<p>El propio municipio de Atarfe debe tomar conciencia de su importancia y posibilitar la reutilizaci\u00f3n de dichos restos arquitect\u00f3nicos para evitar p\u00e9rdidas como las que a\u00f1os atr\u00e1s han tenido lugar. <\/p>\n\n\n\n<figure class=\"wp-block-image size-full\"><img data-recalc-dims=\"1\" loading=\"lazy\" decoding=\"async\" width=\"493\" height=\"342\" src=\"https:\/\/i0.wp.com\/miradordeatarfe.es\/wp-content\/uploads\/2025\/01\/Captura20250113124012.png?resize=493%2C342&#038;ssl=1\" alt=\"\" class=\"wp-image-74084\" srcset=\"https:\/\/i0.wp.com\/miradordeatarfe.es\/wp-content\/uploads\/2025\/01\/Captura20250113124012.png?w=493&amp;ssl=1 493w, https:\/\/i0.wp.com\/miradordeatarfe.es\/wp-content\/uploads\/2025\/01\/Captura20250113124012.png?resize=300%2C208&amp;ssl=1 300w\" sizes=\"auto, (max-width: 493px) 100vw, 493px\" \/><\/figure>\n\n\n\n<p>F\u00e1brica de San Fernando<\/p>\n\n\n\n<p><strong>Art\u00edculo editado por Corporaci\u00f3n de Medios de Andaluc\u00eda y el Ayuntamiento de Atarfe, coordinado por Jos\u00e9 Enrique Granados y tiene por nombre \u00abAtarfe en el papel<\/strong> pag. 287-88<\/p>\n\n\n\n<p>FOTO: F\u00e1brica de alcohol de Santa Adelaida <em>(Archivo: J.M.REYES)<\/em><\/p>\n","protected":false},"excerpt":{"rendered":"<p>Los principales restos industriales de fines del siglo XIX y principios del XX se encuentran&#8230;<\/p>\n","protected":false},"author":1,"featured_media":74085,"comment_status":"closed","ping_status":"closed","sticky":false,"template":"","format":"standard","meta":{"_coblocks_attr":"","_coblocks_dimensions":"","_coblocks_responsive_height":"","_coblocks_accordion_ie_support":"","jetpack_post_was_ever_published":false,"_jetpack_newsletter_access":"","_jetpack_dont_email_post_to_subs":false,"_jetpack_newsletter_tier_id":0,"_jetpack_memberships_contains_paywalled_content":false,"_jetpack_memberships_contains_paid_content":false,"footnotes":"","jetpack_publicize_message":"","jetpack_publicize_feature_enabled":true,"jetpack_social_post_already_shared":true,"jetpack_social_options":{"image_generator_settings":{"template":"highway","default_image_id":0,"enabled":false},"version":2}},"categories":[7537,1225,186,44],"tags":[],"class_list":["post-74081","post","type-post","status-publish","format-standard","has-post-thumbnail","hentry","category-atarfe-en-papel-de-ideal","category-ha-de-atarfe","category-instituciones","category-noticias-de-hoy"],"jetpack_publicize_connections":[],"jetpack_featured_media_url":"https:\/\/i0.wp.com\/miradordeatarfe.es\/wp-content\/uploads\/2025\/01\/Captura20250113124337.png?fit=514%2C263&ssl=1","jetpack_likes_enabled":true,"jetpack_sharing_enabled":true,"_links":{"self":[{"href":"https:\/\/miradordeatarfe.es\/index.php?rest_route=\/wp\/v2\/posts\/74081","targetHints":{"allow":["GET"]}}],"collection":[{"href":"https:\/\/miradordeatarfe.es\/index.php?rest_route=\/wp\/v2\/posts"}],"about":[{"href":"https:\/\/miradordeatarfe.es\/index.php?rest_route=\/wp\/v2\/types\/post"}],"author":[{"embeddable":true,"href":"https:\/\/miradordeatarfe.es\/index.php?rest_route=\/wp\/v2\/users\/1"}],"replies":[{"embeddable":true,"href":"https:\/\/miradordeatarfe.es\/index.php?rest_route=%2Fwp%2Fv2%2Fcomments&post=74081"}],"version-history":[{"count":1,"href":"https:\/\/miradordeatarfe.es\/index.php?rest_route=\/wp\/v2\/posts\/74081\/revisions"}],"predecessor-version":[{"id":74086,"href":"https:\/\/miradordeatarfe.es\/index.php?rest_route=\/wp\/v2\/posts\/74081\/revisions\/74086"}],"wp:featuredmedia":[{"embeddable":true,"href":"https:\/\/miradordeatarfe.es\/index.php?rest_route=\/wp\/v2\/media\/74085"}],"wp:attachment":[{"href":"https:\/\/miradordeatarfe.es\/index.php?rest_route=%2Fwp%2Fv2%2Fmedia&parent=74081"}],"wp:term":[{"taxonomy":"category","embeddable":true,"href":"https:\/\/miradordeatarfe.es\/index.php?rest_route=%2Fwp%2Fv2%2Fcategories&post=74081"},{"taxonomy":"post_tag","embeddable":true,"href":"https:\/\/miradordeatarfe.es\/index.php?rest_route=%2Fwp%2Fv2%2Ftags&post=74081"}],"curies":[{"name":"wp","href":"https:\/\/api.w.org\/{rel}","templated":true}]}}