{"id":74132,"date":"2025-01-19T10:43:00","date_gmt":"2025-01-19T09:43:00","guid":{"rendered":"https:\/\/miradordeatarfe.es\/?p=74132"},"modified":"2025-01-15T11:49:09","modified_gmt":"2025-01-15T10:49:09","slug":"menopausia-sintomas-y-mitos-de-esta-fase","status":"publish","type":"post","link":"https:\/\/miradordeatarfe.es\/?p=74132","title":{"rendered":"Menopausia: S\u00edntomas y mitos de esta fase"},"content":{"rendered":"\n<p class=\"has-medium-font-size\">\u201c<strong>Son pendencieras y obstinadas, mezquinas, s\u00e1dicas, y anales neur\u00f3ticas\u201d, dec\u00eda <a href=\"https:\/\/www.publico.es\/psicologia-y-mente\/tag\/sigmund-freud\/\">Sigmund Freud<\/a> de las mujeres menop\u00e1usicas con su habitual brutalidad. \u201cSe parece a una diosa destronada o a una diosa cuyos adoradores ya no frecuentan el templo\u201d, metaforiz\u00f3 el m\u00e9dico y prestigioso logopeda Marc Colombat de Is\u00e8re. Pero es que hasta Gregorio Mara\u00f1\u00f3n us\u00f3 el t\u00e9rmino \u201cedad cr\u00edtica\u201d de la mujer para conjugar la menopausia con el climaterio.<\/strong><\/p>\n\n\n\n<p>La <a href=\"https:\/\/www.researchgate.net\/publication\/262549754_Apuntes_historicos_sobre_el_climaterio_y_la_menopausia\" target=\"_blank\" rel=\"noreferrer noopener\">historia del an\u00e1lisis de la menopausia<\/a> nos ofrece un <strong>panorama desolador<\/strong>, que incluye falta de an\u00e1lisis concienzudos y cient\u00edficos, (comprensible en determinadas etapas) adem\u00e1s de crueldad (y mezquindad) en muchas reflexiones. De hecho, en muchas sociedades feudales medievales la vida de la mujer menop\u00e1usica ten\u00eda un valor casi nulo porque ya no pod\u00eda concebir: una mujer que perd\u00eda su capacidad reproductiva ya no ten\u00eda&nbsp;trascendencia social. &nbsp;<\/p>\n\n\n\n<p>\u00bfPero es realmente la menopausia \u201cuna edad cr\u00edtica\u201d? \u00bfEs m\u00e1s cr\u00edtica la menopausia que la adolescencia o la <a href=\"https:\/\/www.publico.es\/psicologia-y-mente\/tag\/maternidad\/\">maternidad<\/a>? \u00bfHay alguna etapa en la vida de un ser humano que no sea \u201ccr\u00edtica\u201d, que no suponga un nuevo reto f\u00edsico y psicol\u00f3gico? \u00bfO es que interpretamos la propia <strong>vejez<\/strong> como un proceso \u201ccr\u00edtico\u201d\u2026 porque seguimos sin soportar la idea de finitud, porque a\u00fan reclamamos puerilmente la eternidad?&nbsp;<\/p>\n\n\n\n<p>A continuaci\u00f3n, tratamos de responder a estas preguntas abordando los mitos y los condicionantes culturales y sociales&nbsp;de la menopausia explicando en primer lugar sus causas y s\u00edntomas.&nbsp;<\/p>\n\n\n\n<h2 class=\"wp-block-heading\">Menopausia: \u00bfpor qu\u00e9 se produce?&nbsp;<\/h2>\n\n\n\n<figure class=\"wp-block-image\"><img data-recalc-dims=\"1\" height=\"427\" width=\"640\" decoding=\"async\" src=\"https:\/\/i0.wp.com\/www.publico.es\/psicologia-y-mente\/wp-content\/uploads\/2024\/05\/menopausia4-1024x683.jpg?resize=640%2C427&#038;ssl=1\" alt=\"Representaci\u00f3n de \u00fatero - Fuente: Depositphotos\" class=\"wp-image-9865\"\/><figcaption class=\"wp-element-caption\">Representaci\u00f3n de un \u00fatero \u2013 Fuente: Depositphotos<\/figcaption><\/figure>\n\n\n\n<p>En t\u00e9rminos estrictos, la menopausia es el fin del ciclo menstrual, mientras que <strong>climaterio<\/strong> \u2014un t\u00e9rmino tambi\u00e9n de <a href=\"https:\/\/www.tremedica.org\/wp-content\/uploads\/n40_entremeses_CortesG1.pdf\" target=\"_blank\" rel=\"noreferrer noopener\">etimolog\u00eda compleja<\/a> y que est\u00e1 relacionado con el adjetivo \u201cclimat\u00e9rico\u201d o periodo cr\u00edtico\u2014&nbsp;hace referencia al periodo anterior y posterior a la presentaci\u00f3n de la menopausia que incluye la perimenopausia, cuando los ciclos menstruales se van haciendo progresivamente menos frecuentes e irregulares, y la postmenopausia, la fase posterior al final del ciclo menstrual.&nbsp;<\/p>\n\n\n\n<p>Como indica esta <a href=\"https:\/\/www.inmujeres.gob.es\/areasTematicas\/AreaSalud\/Publicaciones\/docs\/GuiasSalud\/Salud_V.pdf\" target=\"_blank\" rel=\"noreferrer noopener\">publicaci\u00f3n<\/a> el Instituto de la Mujer, existen <strong>tres cambios esenciales<\/strong> asociados a la menopausia: el organismo disminuye la producci\u00f3n de hormonas femeninas (estr\u00f3genos y progesterona), los ovarios dejan de liberar \u00f3vulos y los periodos finalizan. &nbsp;<\/p>\n\n\n\n<p>Hay que recordar, en este sentido, que las mujeres poseen una <strong>reserva ov\u00e1rica<\/strong> (\u00f3vulos inmaduros u ovocitos) de la que no todos los \u00f3vulos llegan a madurar y de la que son liberados a mitad de cada ciclo hasta que terminen las reglas. Por tanto, esta reserva ov\u00e1rica se reduce desde la primera menstruaci\u00f3n.<\/p>\n\n\n\n<p>Como&nbsp;se\u00f1ala este <a href=\"https:\/\/gestiona3.madrid.org\/bvirtual\/BVCM050609.pdf\" target=\"_blank\" rel=\"noreferrer noopener\">manual<\/a> de la Consejer\u00eda de Sanidad de la Comunidad de Madrid, la comunicaci\u00f3n que existe entre dos gl\u00e1ndulas que se sit\u00faan en el cerebro (<strong>hipot\u00e1lamo e hip\u00f3fisis<\/strong>) y los ovarios ser\u00e1 imprescindible para que se produzca la ovulaci\u00f3n y la menstruaci\u00f3n durante la etapa reproductiva.&nbsp;<\/p>\n\n\n\n<p>Para que el ciclo se complete deben existir estr\u00f3genos, que son los responsables del crecimiento de la capa interna del \u00fatero (endometrio) durante la primera mitad del ciclo menstrual para albergar un posible embarazo.&nbsp;<\/p>\n\n\n\n<p>As\u00ed pues, el ciclo menstrual se va a basa en la <strong>fluctuaci\u00f3n <\/strong>de una serie de hormonas: una vez que los \u00f3vulos se agotan y los ovarios dejan de responder a los est\u00edmulos del hipot\u00e1lamo e hip\u00f3fisis, disminuyen los estr\u00f3genos y la progesterona, par\u00e1ndose la ovulaci\u00f3n y la menstruaci\u00f3n. Es la menopausia, el punto culminante a nivel biol\u00f3gico del climaterio.&nbsp;<\/p>\n\n\n\n<h3 class=\"wp-block-heading\">S\u00edntomas y cambios asociados a la menopausia&nbsp;<\/h3>\n\n\n\n<figure class=\"wp-block-image\"><img data-recalc-dims=\"1\" height=\"522\" width=\"640\" decoding=\"async\" src=\"https:\/\/i0.wp.com\/www.publico.es\/psicologia-y-mente\/wp-content\/uploads\/2021\/09\/mujer-1024x835.jpg?resize=640%2C522&#038;ssl=1\" alt=\"mujer meditaci\u00f3n\" class=\"wp-image-1728\"\/><figcaption class=\"wp-element-caption\">Mujer \u2013 Fuente: Pxhere<\/figcaption><\/figure>\n\n\n\n<p>Como advierte esta <a href=\"https:\/\/www.euskadi.eus\/contenidos\/informacion\/cevime_infac_2022\/es_def\/adjuntos\/INFAC_Vol_30_8_menopausia_es.pdf\" target=\"_blank\" rel=\"noreferrer noopener\">publicaci\u00f3n<\/a> del Departamento de Salud del Gobierno Vasco hay que recalcar que la menopausia es un proceso fisiol\u00f3gico natural \u201cpara la mitad de la humanidad\u201d y no debe considerarse <strong>una enfermedad ni una patolog\u00eda<\/strong>. Por lo tanto, en este caso hablamos de \u201cs\u00edntoma\u201d en su segunda acepci\u00f3n seg\u00fan la RAE, como indicio o se\u00f1al de que algo est\u00e1 sucediendo o va a suceder, no como \u201cmanifestaci\u00f3n reveladora de una enfermedad\u201d. &nbsp;<\/p>\n\n\n\n<p>Comprar vitaminas y suplementos<\/p>\n\n\n\n<p>Por otro lado, y es algo que ya habr\u00e1s o\u00eddo muchas veces, se dice que \u201cexisten tantas menopausias como mujeres\u201d. Por supuesto, los indicios de esta fase biol\u00f3gica son comunes entre la mayor\u00eda de las mujeres, pero su impacto e influencia f\u00edsica y psicol\u00f3gica var\u00eda considerablemente de una mujer a otra: \u201c<strong>Hay mujeres que ni la notan<\/strong> y otras que la padecen. Entre unas y otras hay un abanico de posibilidades\u201d, <a href=\"https:\/\/www.publico.es\/sociedad\/dia-mundial-menopausia-montse-roura-estaria-seguridad-social-tuviera-unidades-menopausia.html\" target=\"_blank\" rel=\"noreferrer noopener\">como dice<\/a> Montse Roura, impulsora&nbsp;la Plataforma Ella y el Abanico.&nbsp;<\/p>\n\n\n\n<p>En s\u00edntesis y como <a href=\"https:\/\/www.who.int\/es\/news-room\/fact-sheets\/detail\/menopause\" target=\"_blank\" rel=\"noreferrer noopener\">se\u00f1ala<\/a> la OMS, el estado de salud que presenten las mujeres al entrar en la etapa perimenop\u00e1usica estar\u00e1 muy condicionado por su <strong>historial sanitario<\/strong> y reproductivo previo, su estilo de vida y los factores ambientales.&nbsp;<\/p>\n\n\n\n<p>Comprar vitaminas y suplementos<\/p>\n\n\n\n<h4 class=\"wp-block-heading\">Osteoporosis&nbsp;<\/h4>\n\n\n\n<p>Este <a href=\"https:\/\/www.elsevier.es\/es-revista-farmacia-profesional-3-articulo-menopausia-claves-afrontarla-X0213932416571321\" target=\"_blank\" rel=\"noreferrer noopener\">art\u00edculo<\/a> publicado en <em>Elsevier<\/em> explica que la p\u00e9rdida de masa \u00f3sea se produce por la descalcificaci\u00f3n que sufren los huesos y, en el caso de las mujeres menop\u00e1usicas, se ve intensificada por la p\u00e9rdida de la acci\u00f3n protectora que las <strong>hormonas femeninas<\/strong> ejercen sobre ellos. Esta es la raz\u00f3n por la que m\u00e1s mujeres que hombres se rompen huesos a estas edades.&nbsp;<\/p>\n\n\n\n<p><strong>Consejos<\/strong>: teniendo en cuenta que la detenci\u00f3n precoz de la p\u00e9rdida excesiva de masa \u00f3sea es la \u00fanica manera de prevenir la aparici\u00f3n de la osteoporosis, se recomienda una <strong>densitometr\u00eda \u00f3sea<\/strong> en mujeres con menopausia precoz (antes de los 40 a\u00f1os), con bajo peso, con antecedentes familiares de osteoporosis o fracturas previas sospechosas. Consulta con tu m\u00e9dico.&nbsp;<\/p>\n\n\n\n<h4 class=\"wp-block-heading\">Los sofocos&nbsp;<\/h4>\n\n\n\n<p>En una investigaci\u00f3n publicada en <em>Obstetrics and Ginecology<\/em> se cifr\u00f3 en un 80% el porcentaje de mujeres que sufr\u00eda sofocos en alg\u00fan momento de su climaterio, prolog\u00e1ndose una media de diez a\u00f1os.<\/p>\n\n\n\n<p>Se describen como una sensaci\u00f3n de calor en cara y cuello que puede ser desencadenado por el estr\u00e9s, algunas emociones o la propia temperatura. <strong>No es grave<\/strong>, pero puede ser limitante para algunas mujeres, afectando, por ejemplo, al ciclo del sue\u00f1o.&nbsp;<\/p>\n\n\n\n<p>\u00bfPor qu\u00e9 se producen los sofocos? Una combinaci\u00f3n de <strong>gen\u00e9tica e influencia ambiental<\/strong> de forma que, por ejemplo, en las mujeres fumadoras suele adelantarse la menopausia, lo que aumenta la probabilidad de sufrir m\u00e1s sofocos.&nbsp;<\/p>\n\n\n\n<p><strong>Consejos<\/strong>: limita los h\u00e1bitos t\u00f3xicos, cuida tu alimentaci\u00f3n, haz ejercicio f\u00edsico adecuado a tu edad y condiciones f\u00edsicas y trata de adaptarte de forma progresiva a los cambios f\u00edsicos que experimentas. Y trata de no angustiarte frente a situaciones que no puedes controlar. &nbsp;<\/p>\n\n\n\n<h4 class=\"wp-block-heading\">Sequedad vaginal&nbsp;<\/h4>\n\n\n\n<p>Cuando la producci\u00f3n de estr\u00f3genos disminuye, las paredes de la vagina se hacen m\u00e1s fr\u00e1giles y delicadas reduciendo su humedad natural lo que puede producir una sensaci\u00f3n de escozor, tirantez o sequedad. &nbsp;<\/p>\n\n\n\n<p>Es un aspecto que influye en las relaciones sexuales ya que la <strong>penetraci\u00f3n<\/strong> podr\u00eda ser molesta o dolorosa, adem\u00e1s de que hay mayor riesgo de <strong>infecciones<\/strong> vaginales o de orina. No obstante, la sequedad vaginal, que no aparece en todas las mujeres, ni es progresiva ni irreversible, dependiendo de numerosos factores personales.&nbsp;<\/p>\n\n\n\n<p><strong>Consejos<\/strong>: inf\u00f3rmate, hay muchas formas de <a href=\"https:\/\/aeem.es\/wp-content\/uploads\/2022\/08\/menoguiavidaysexo.pdf\" target=\"_blank\" rel=\"noreferrer noopener\">expresar la sexualidad<\/a> y muchas formas de lubricar una vagina.&nbsp;<\/p>\n\n\n\n<h4 class=\"wp-block-heading\">Obesidad&nbsp;<\/h4>\n\n\n\n<p>Como indica Montse Vilaplana i Batalla en el art\u00edculo de <em>Elsevier<\/em>, durante la menopausia se produce un aumento del \u00edndice de masa corporal, pero tambi\u00e9n un incremento de la grasa corporal debido a <strong>cambios metab\u00f3licos<\/strong>. As\u00ed, seg\u00fan datos de la Asociaci\u00f3n Espa\u00f1ola para el Estudio de la Menopausia (AEEM), la proporci\u00f3n de grasa corporal pasa del 26% a los 20 a\u00f1os al 42% a los 50.&nbsp;<\/p>\n\n\n\n<p>No obstante, Vilaplana i Batalla se\u00f1ala que este incremento estar\u00eda m\u00e1s relacionado con una mayor ingesta cal\u00f3rica y una disminuci\u00f3n del gasto energ\u00e9tico, lo que favorece la obesidad que, como sabemos, aumenta el riesgo de diversas patolog\u00edas.&nbsp;<\/p>\n\n\n\n<p><strong>Consejos<\/strong>: \u201cHay que desterrar las creencias de que el incremento de peso y la menopausia van siempre de la mano\u201d o que no es posible mantener un peso saludable con la llegada de la menopausia. As\u00ed pues, la dieta para las mujeres en la menopausia no dista demasiado de las recomendaciones que deber\u00eda tener en cuenta el resto de la poblaci\u00f3n. &nbsp;<\/p>\n\n\n\n<h4 class=\"wp-block-heading\">Alteraciones psicol\u00f3gicas&nbsp;<\/h4>\n\n\n\n<figure class=\"wp-block-image\"><img data-recalc-dims=\"1\" height=\"427\" width=\"640\" decoding=\"async\" src=\"https:\/\/i0.wp.com\/www.publico.es\/psicologia-y-mente\/wp-content\/uploads\/2023\/06\/series-crimenes-1-1024x683.jpg?resize=640%2C427&#038;ssl=1\" alt=\"Una mujer mira por la ventana - Fuente: Depositphotos\" class=\"wp-image-7690\"\/><figcaption class=\"wp-element-caption\">Una mujer mira por la ventana \u2013 Fuente: Depositphotos<\/figcaption><\/figure>\n\n\n\n<p>Los estr\u00f3genos ejercen una funci\u00f3n importante en el sistema nervioso central siendo responsables de la sensaci\u00f3n psicol\u00f3gica de bienestar. As\u00ed mismo, la influencia de los condicionantes sociales y culturales y los mitos acerca de la menopausia que veremos despu\u00e9s, as\u00ed como la falta de informaci\u00f3n y el temor a los s\u00edntomas asociados a esta fase biol\u00f3gica que hemos descrito, influyen en la aparici\u00f3n de alteraciones psicol\u00f3gicas.&nbsp;<\/p>\n\n\n\n<p>Consejo: \u201c\u00abUy, qu\u00e9 calor te ha entrado\u00bb. \u00ab<strong>No, es que tengo la menopausia<\/strong>\u00bb. \u00bfPor qu\u00e9 me voy a esconder si tengo la menopausia?\u201d Montse Roura explica con esta an\u00e9cdota la imprescindible desmitificaci\u00f3n y normalizaci\u00f3n de la menopausia como proceso natural que&nbsp;vive aproximadamente un 25% de la poblaci\u00f3n femenina mundial, aquella que tiene m\u00e1s de 50 a\u00f1os. &nbsp;<\/p>\n\n\n\n<p>Acabar con el tab\u00fa de la menopausia es b\u00e1sico para minimizar los efectos psicol\u00f3gicos que esta fase fisiol\u00f3gica puede generar en las mujeres. Buena parte de estas alteraciones derivan de la <strong>presi\u00f3n y la incomprensi\u00f3n social<\/strong>, as\u00ed como de la falta de informaci\u00f3n y la proliferaci\u00f3n de mitos m\u00e1s o menos&nbsp;exagerados acerca de este proceso.&nbsp;<\/p>\n\n\n\n<p>As\u00ed pues, <strong>es normal sentirse asustada<\/strong> ante el inicio de la menopausia por lo que puede conllevar a nivel f\u00edsico y emocional, pero no hay que olvidar que tambi\u00e9n es normal tener la menopausia.&nbsp;<\/p>\n\n\n\n<h3 class=\"wp-block-heading\">\u00bfCu\u00e1ndo consultar al m\u00e9dico por la menopausia?&nbsp;<\/h3>\n\n\n\n<p>El manual citado editado por la Comunidad de Madrid, indica una serie de s\u00edntomas generales para los que se recomienda consultar con el m\u00e9dico, especialmente en el caso de problemas ginecol\u00f3gicos. Hay que considerar que la menopausia puede llegar acompa\u00f1ada de patolog\u00edas que deben tratarse espec\u00edficamente.<\/p>\n\n\n\n<p>Por supuesto, si los s\u00edntomas descritos, aunque sean considerados \u201cnormales\u201d, afectan o limitan <strong>tu calidad de vida<\/strong>, no dudes en consultar a un profesional, tambi\u00e9n de salud mental.<\/p>\n\n\n\n<p>Comprar vitaminas y suplementos<\/p>\n\n\n\n<h3 class=\"wp-block-heading\">\u00bfEs necesario un tratamiento m\u00e9dico para la menopausia?&nbsp;<\/h3>\n\n\n\n<p>Todas las publicaciones m\u00e9dicas <a href=\"https:\/\/www.elsevier.es\/es-revista-atencion-primaria-27-articulo-se-debe-tratar-menopausia-13058764\" target=\"_blank\" rel=\"noreferrer noopener\">consultadas<\/a> se\u00f1alan que la menopausia <strong>no requiere una intervenci\u00f3n m\u00e9dica<\/strong>, a menos que sea estrictamente necesario, como en los casos descritos, cuando la prescripci\u00f3n de f\u00e1rmacos responde a una patolog\u00eda muy clara o cuando los s\u00edntomas son muy intensos y molestos. &nbsp;<\/p>\n\n\n\n<p>A este respecto, la <strong>Terapia Hormonal Sustitutiva<\/strong> (THS) se considera una f\u00f3rmula muy pol\u00e9mica que conlleva diversos efectos secundarios: la estrogenoterapia se relaciona con la aparici\u00f3n de c\u00e1ncer de mama y de endometrio. Consulta siempre con tu m\u00e9dico antes de abordar cualquier tratamiento en este sentido, ya que puede ser peligroso dependiendo de tu historial m\u00e9dico.&nbsp;<\/p>\n\n\n\n<h3 class=\"wp-block-heading\">\u00bfSe puede retrasar la menopausia?&nbsp;<\/h3>\n\n\n\n<p>\u201cPersonalmente, no me interesa una soluci\u00f3n que sea una tirita; quiero que el ovario mantenga su funci\u00f3n normal durante m\u00e1s tiempo\u201d, dice <a href=\"https:\/\/www.feinberg.northwestern.edu\/faculty-profiles\/az\/profile.html?xid=26852\" target=\"_blank\" rel=\"noreferrer noopener\">Francesca Duncan<\/a>, bi\u00f3loga de la reproducci\u00f3n de la Northwestern en este reciente <a href=\"https:\/\/www.nationalgeographic.es\/ciencia\/2024\/05\/menopausia-es-posible-retrasar-respuesta-podria-alargar-vida-mujeres\" target=\"_blank\" rel=\"noreferrer noopener\">art\u00edculo<\/a> de <em>National Geographic <\/em>que aborda las \u00faltimas investigaciones cient\u00edficas sobre la menopausia.&nbsp;<\/p>\n\n\n\n<p>Y es que entender qu\u00e9 le ocurre al ovario a lo largo de la vida adulta es clave para abordar las situaciones m\u00e1s \u201ccr\u00edticas\u201d de la mujer desde un punto de vista fisiol\u00f3gico, desde la primera regla o menarquia, hasta la propia menopausia. As\u00ed pues, retrasar la menopausia, teniendo en cuenta que la esperanza de vida es cada vez mayor, supondr\u00eda <strong>una mejora en la calidad de vida<\/strong> de la mujer. &nbsp;<\/p>\n\n\n\n<p>Pero, de momento, la respuesta es \u201cno\u201d, no podemos retrasar la menopausia con f\u00f3rmulas milagrosas, m\u00e1s all\u00e1 de cuidar la salud en los aspectos b\u00e1sicos, como la alimentaci\u00f3n y el ejercicio f\u00edsico.&nbsp;<\/p>\n\n\n\n<h2 class=\"wp-block-heading\">Condicionantes sociales y culturales: los mitos de la menopausia&nbsp;<\/h2>\n\n\n\n<figure class=\"wp-block-image\"><img data-recalc-dims=\"1\" height=\"428\" width=\"640\" decoding=\"async\" src=\"https:\/\/i0.wp.com\/www.publico.es\/psicologia-y-mente\/wp-content\/uploads\/2024\/05\/menopausia-1-1024x685.jpg?resize=640%2C428&#038;ssl=1\" alt=\"Una mujer en bicicleta - Fuente: Pixabay\" class=\"wp-image-9862\"\/><figcaption class=\"wp-element-caption\">Una mujer en bicicleta \u2013 Fuente: Pixabay<\/figcaption><\/figure>\n\n\n\n<p>\u201cAbraham y Sara eran ancianos, entrados en a\u00f1os. Y a Sara le hab\u00eda cesado ya la costumbre de las mujeres\u201d. Ese <strong>eufemismo b\u00edblico<\/strong> es una de las primeras referencias literarias de la historia acerca del periodo menstrual y la menopausia.<\/p>\n\n\n\n<p>Cuando los \u00e1ngeles explican a Sara que va a tener otro hijo, esta se r\u00ede. No es para menos porque tiene 90 a\u00f1os y hace aproximadamente 40 que no puede concebir. Pero lo que no sabe Sara es que los \u00e1ngeles son capaces de devolver la menstruaci\u00f3n a una mujer anciana. Y muchas otras cosas m\u00e1s.&nbsp;<\/p>\n\n\n\n<p>Y as\u00ed arranca la mitolog\u00eda menopa\u00fasica&nbsp;que tan bien se ilustra en el art\u00edculo ya citado con el que comenz\u00e1bamos este texto: de los \u00e1ngeles engendradores pasamos a las <strong>brujas menopa\u00fasicas<\/strong>, las mujeres hist\u00e9ricas y a la edad cr\u00edtica.&nbsp;<\/p>\n\n\n\n<p>La mujer que dejaba de menstruar fue durante muchas fases de la historia vilipendiada, ya que se consideraba que hab\u00eda perdido su funci\u00f3n esencial como \u201c<a href=\"https:\/\/www.publico.es\/psicologia-y-mente\/que-es-y-por-que-surge-el-movimiento-4b\/\">m\u00e1quina de hacer beb\u00e9s<\/a>\u201d. Y es que la religi\u00f3n y los modelos culturales y sociales subyacentes han potenciado \u00fanicamente la funci\u00f3n de madres de las mujeres, como si fuera su \u00fanica raz\u00f3n de existencia: una vez que ya no se puede ser madre, \u201cse da por terminada nuestra raz\u00f3n de existir\u201d.<\/p>\n\n\n\n<p>En la \u00e9poca previa a la&nbsp;Revoluci\u00f3n Francesa, el estatus de la mujer en la corte y en la sociedad depend\u00eda fundamentalmente de su apariencia, atractivo y capacidad sexual, la menopausia era considerada como un sin\u00f3nimo de <strong>muerte social<\/strong>, como tan bien describe el libro <em>Las amistades peligrosas<\/em>. &nbsp;<\/p>\n\n\n\n<p>Teniendo en cuenta que la historia (y la leyenda) ha sido escrita por hombres y los hombres no pasan la menopausia, los mitos m\u00e1s o menos crueles acerca de esta fase han sido habituales, especialmente en relaci\u00f3n con el <strong>desprecio de la mujer<\/strong> que pierde su capacidad de engendrar.&nbsp;<\/p>\n\n\n\n<p>Porque seguro que has o\u00eddo eso de que una ni\u00f1a que ya tiene el periodo <strong>ya es toda una mujer<\/strong>. Entonces, \u00bfel ni\u00f1o cuyos test\u00edculos ya producen espermatozoides ya es todo un hombre? Los hombres somos un poco m\u00e1s que eso, \u00bfno?<\/p>\n\n\n\n<p>En este sentido, la <strong>sexualidad femenina<\/strong> tras la menopausia es la que acumula m\u00e1s leyendas: \u201ctodav\u00eda en la actualidad se piensa err\u00f3neamente que la menopausia representa el fin de la sexualidad, de la capacidad de dar y obtener placer\u201d. &nbsp;<\/p>\n\n\n\n<figure class=\"wp-block-image\"><img data-recalc-dims=\"1\" height=\"427\" width=\"640\" decoding=\"async\" src=\"https:\/\/i0.wp.com\/www.publico.es\/psicologia-y-mente\/wp-content\/uploads\/2024\/05\/menopausia5-1024x683.jpg?resize=640%2C427&#038;ssl=1\" alt=\"Hombre y mujer - Fuente: Depositphotos\" class=\"wp-image-9867\"\/><figcaption class=\"wp-element-caption\">Hombre y mujer \u2013 Fuente: Depositphotos<\/figcaption><\/figure>\n\n\n\n<p>As\u00ed mismo, \u201clas concepciones procedentes de un modelo que se basa m\u00e1s en la parte biol\u00f3gica proporcionan una visi\u00f3n negativa asociada al riesgo de enfermedad, a la p\u00e9rdida de capacidades para la vida y al envejecimiento, adem\u00e1s de patologizar y medicalizar una etapa que es fisiol\u00f3gica\u201d.&nbsp;<\/p>\n\n\n\n<p>Y es que, en el mundo occidental, la menopausia se ha visto como un proceso patol\u00f3gico, que ha pasado <strong>de ser invisibilizado a ser medicalizado<\/strong>, siempre consider\u00e1ndose como una \u201cp\u00e9rdida\u201d. &nbsp;<\/p>\n\n\n\n<p>Romper con los estereotipos dominantes sobre la belleza femenina y la <strong>visi\u00f3n negativa de la vejez<\/strong>, as\u00ed como sobre el rol reproductivo de las mujeres y de la idealizaci\u00f3n de la maternidad son las claves que determinar\u00e1n el fin de la mitolog\u00eda, las leyendas urbanas y la desinformaci\u00f3n acerca de la menopausia. &nbsp;<\/p>\n\n\n\n<p>Porque \u201clas mujeres hemos comenzado a hablar (\u2026) a descubrirnos como personas, como seres integrales m\u00e1s all\u00e1 del modelo de belleza, de la maternidad, de la pareja, etc., y hemos descubierto que, simplemente, <strong>seguimos envejeciendo<\/strong>\u201d. Y eso es la menopausia, ni m\u00e1s ni menos. &nbsp;<\/p>\n\n\n\n<p><strong>por <a href=\"https:\/\/www.publico.es\/psicologia-y-mente\/author\/david\/\">David Rubio<\/a><\/strong><\/p>\n\n\n\n<p>Mujer \u2013 Fuente: Pxhere<\/p>\n\n\n\n<figure class=\"wp-block-embed is-type-wp-embed is-provider-psicolog-a-p-blico wp-block-embed-psicolog-a-p-blico\"><div class=\"wp-block-embed__wrapper\">\n<blockquote class=\"wp-embedded-content\" data-secret=\"mQHWkhR4Jb\"><a href=\"https:\/\/www.publico.es\/psicologia-y-mente\/menopausia-sintomas-y-mitos-de-esta-fase\/\">Menopausia: S\u00edntomas y mitos de esta fase<\/a><\/blockquote><iframe loading=\"lazy\" class=\"wp-embedded-content\" sandbox=\"allow-scripts\" security=\"restricted\" style=\"position: absolute; visibility: hidden;\" title=\"\u00abMenopausia: S\u00edntomas y mitos de esta fase\u00bb \u2014 Psicolog\u00eda - P\u00fablico\" src=\"https:\/\/www.publico.es\/psicologia-y-mente\/menopausia-sintomas-y-mitos-de-esta-fase\/embed\/#?secret=MADniZ7nSd#?secret=mQHWkhR4Jb\" data-secret=\"mQHWkhR4Jb\" width=\"600\" height=\"338\" frameborder=\"0\" marginwidth=\"0\" marginheight=\"0\" scrolling=\"no\"><\/iframe>\n<\/div><\/figure>\n","protected":false},"excerpt":{"rendered":"<p>\u201cSon pendencieras y obstinadas, mezquinas, s\u00e1dicas, y anales neur\u00f3ticas\u201d, dec\u00eda Sigmund Freud de las mujeres&#8230;<\/p>\n","protected":false},"author":1,"featured_media":74133,"comment_status":"closed","ping_status":"closed","sticky":false,"template":"","format":"standard","meta":{"_coblocks_attr":"","_coblocks_dimensions":"","_coblocks_responsive_height":"","_coblocks_accordion_ie_support":"","jetpack_post_was_ever_published":false,"_jetpack_newsletter_access":"","_jetpack_dont_email_post_to_subs":false,"_jetpack_newsletter_tier_id":0,"_jetpack_memberships_contains_paywalled_content":false,"_jetpack_memberships_contains_paid_content":false,"footnotes":"","jetpack_publicize_message":"","jetpack_publicize_feature_enabled":true,"jetpack_social_post_already_shared":true,"jetpack_social_options":{"image_generator_settings":{"template":"highway","default_image_id":0,"enabled":false},"version":2}},"categories":[10797,1161,44],"tags":[],"class_list":["post-74132","post","type-post","status-publish","format-standard","has-post-thumbnail","hentry","category-ciencia","category-ciudadania","category-noticias-de-hoy"],"jetpack_publicize_connections":[],"jetpack_featured_media_url":"https:\/\/i0.wp.com\/miradordeatarfe.es\/wp-content\/uploads\/2025\/01\/mujer-1024x835-1.webp?fit=1024%2C835&ssl=1","jetpack_likes_enabled":true,"jetpack_sharing_enabled":true,"_links":{"self":[{"href":"https:\/\/miradordeatarfe.es\/index.php?rest_route=\/wp\/v2\/posts\/74132","targetHints":{"allow":["GET"]}}],"collection":[{"href":"https:\/\/miradordeatarfe.es\/index.php?rest_route=\/wp\/v2\/posts"}],"about":[{"href":"https:\/\/miradordeatarfe.es\/index.php?rest_route=\/wp\/v2\/types\/post"}],"author":[{"embeddable":true,"href":"https:\/\/miradordeatarfe.es\/index.php?rest_route=\/wp\/v2\/users\/1"}],"replies":[{"embeddable":true,"href":"https:\/\/miradordeatarfe.es\/index.php?rest_route=%2Fwp%2Fv2%2Fcomments&post=74132"}],"version-history":[{"count":1,"href":"https:\/\/miradordeatarfe.es\/index.php?rest_route=\/wp\/v2\/posts\/74132\/revisions"}],"predecessor-version":[{"id":74134,"href":"https:\/\/miradordeatarfe.es\/index.php?rest_route=\/wp\/v2\/posts\/74132\/revisions\/74134"}],"wp:featuredmedia":[{"embeddable":true,"href":"https:\/\/miradordeatarfe.es\/index.php?rest_route=\/wp\/v2\/media\/74133"}],"wp:attachment":[{"href":"https:\/\/miradordeatarfe.es\/index.php?rest_route=%2Fwp%2Fv2%2Fmedia&parent=74132"}],"wp:term":[{"taxonomy":"category","embeddable":true,"href":"https:\/\/miradordeatarfe.es\/index.php?rest_route=%2Fwp%2Fv2%2Fcategories&post=74132"},{"taxonomy":"post_tag","embeddable":true,"href":"https:\/\/miradordeatarfe.es\/index.php?rest_route=%2Fwp%2Fv2%2Ftags&post=74132"}],"curies":[{"name":"wp","href":"https:\/\/api.w.org\/{rel}","templated":true}]}}