{"id":74154,"date":"2025-01-19T09:20:00","date_gmt":"2025-01-19T08:20:00","guid":{"rendered":"https:\/\/miradordeatarfe.es\/?p=74154"},"modified":"2025-01-17T21:42:54","modified_gmt":"2025-01-17T20:42:54","slug":"piojos-el-30-de-los-escolares-los-contrae-al-menos-una-vez-al-ano","status":"publish","type":"post","link":"https:\/\/miradordeatarfe.es\/?p=74154","title":{"rendered":"Piojos: el 30% de los escolares los contrae al menos una vez al a\u00f1o"},"content":{"rendered":"\n<p class=\"has-medium-font-size\"><strong>Un estudio pone cifras al estigma cotidiano de los piojos: La investigaci\u00f3n muestra la elevada incidencia de estos par\u00e1sitos, apunta a qu\u00e9 factores influyen en el contagio y ayuda a desmontar mitos que dificultan la erradicaci\u00f3n<\/strong><\/p>\n\n\n\n<p><a href=\"https:\/\/elpais.com\/elpais\/2019\/05\/20\/buenavida\/1558355962_776302.html\" target=\"_blank\" rel=\"noreferrer noopener\">El ser humano y los piojos llevan tantos milenios evolucionando juntos <\/a>que el primero, el hospedador, ha acabado por prestar su nombre al par\u00e1sito para bautizarlo cient\u00edficamente como <em>Pediculus humanus, <\/em>una forma de mostrar que ya no es capaz de sobrevivir sobre ninguna otra especie. Pese a ello, y a la presencia casi constante del insecto en centros educativos y algunos hogares \u2014especialmente si hay ni\u00f1os\u2014, la literatura cient\u00edfica es escasa y poco robusta a la hora de dimensionar con precisi\u00f3n el impacto real que tiene esta parasitaci\u00f3n para la sociedad.<\/p>\n\n\n\n<p>Algunos expertos y estudios apuntan a que las resistencias a los tratamientos m\u00e1s utilizados, como las permetrinas, han hecho crecer el n\u00famero de casos en las \u00faltimas d\u00e9cadas, aunque <a href=\"https:\/\/elpais.com\/sociedad\/2023-07-02\/la-explosion-de-casos-de-sarna-pone-el-foco-en-las-resistencias-del-parasito-a-los-tratamientos-mas-usados.html\" target=\"_blank\" rel=\"noreferrer noopener\">como ocurre con la sarna este no es un debate cerrado<\/a>. \u201cY no hay trabajos concluyentes sobre la incidencia de la pediculosis [nombre que recibe esta parasitosis], en gran medida porque el estigma que rodea a los piojos dificulta las investigaciones. Los datos epidemiol\u00f3gicos a nivel mundial son muy dispares, dependen mucho de los grupos estudiados, los entornos&#8230; Los resultados forman un mosaico que impide sacar conclusiones fiables\u201d, escribe <a href=\"https:\/\/www.uv.es\/uvweb\/rectorat\/ca\/adela-valero-aleixandre-1286038456146.html\" target=\"_blank\" rel=\"noreferrer noopener\">Adela Valero, catedr\u00e1tica de Parasitolog\u00eda en la Universidad de Valencia<\/a> y miembro del Consorcio de Investigaci\u00f3n Biom\u00e9dica en Red de Enfermedades Infecciosas (Ciberinfec).<\/p>\n\n\n\n<p>Un equipo participado por esta investigadora, financiado con fondos del Ministerio de Sanidad y la Uni\u00f3n Europea, y en el que participa el<a href=\"https:\/\/www.isciii.es\/\" target=\"_blank\" rel=\"noreferrer noopener\"> Instituto de Salud Carlos III (ISCIII)<\/a>, se ha propuesto poner datos validados cient\u00edficamente a un problema que cada a\u00f1o afecta a millones de familias solo en Espa\u00f1a. Los primeros resultados disponibles, un avance de los cuales fueron presentados en el <a href=\"https:\/\/socepa.org\/congresos\/\" target=\"_blank\" rel=\"noreferrer noopener\">congreso de la Sociedad Espa\u00f1ola de Parasitolog\u00eda (SOCEPA) celebrado en septiembre en Sevilla<\/a>, revelan que el 30,4% de los ni\u00f1os estudiados \u2014escolares de 6 y 7 a\u00f1os de colegios de Valencia\u2014 hab\u00edan sufrido al menos una infestaci\u00f3n durante el \u00faltimo a\u00f1o.<\/p>\n\n\n\n<figure class=\"wp-block-image\"><img data-recalc-dims=\"1\" decoding=\"async\" src=\"https:\/\/i0.wp.com\/imagenes.elpais.com\/resizer\/v2\/SHDLXZGEJVAV3HFPMI4VZU2PHM.JPG?w=640&#038;ssl=1\" alt=\"Mar\u00eda Morales Su\u00e1rez-Valera y Adela Valero, en la Facultad de Farmacia de la Universidad de Valencia.\"\/><figcaption class=\"wp-element-caption\">Mar\u00eda Morales Su\u00e1rez-Valera y Adela Valero, en la Facultad de Farmacia de la Universidad de Valencia.M\u00f2nica Torres<\/figcaption><\/figure>\n\n\n\n<p>El estudio no se ha librado de las dificultades que rodean a las investigaciones sobre los piojos. \u201cPese al apoyo que ten\u00edamos de la Generalitat Valenciana e instituciones de prestigio, muchos centros escolares y familias rechazaron participar. Hicimos un gran esfuerzo, pero los niveles de respuesta fueron muy bajos\u201d, lamenta Mar\u00eda Morales Su\u00e1rez-Varela, epidemi\u00f3loga del <a href=\"https:\/\/www.ciberesp.es\/\" target=\"_blank\" rel=\"noreferrer noopener\">Consorcio de Investigaci\u00f3n Biom\u00e9dica en Red de Epidemiolog\u00eda y Salud P\u00fablica (CIBERESP)<\/a> que ha coliderado el estudio junto a Adela Valero.<\/p>\n\n\n\n<p>Finalmente fueron siete los colegios y 227 los menores estudiados, lo que \u201chace pensar que el porcentaje real es mayor, ya que suelen tener m\u00e1s recelos en participar quienes m\u00e1s sufren el problema\u201d, a\u00f1ade Morales Su\u00e1rez-Varela. Incluso teniendo esto en cuenta, los autores consideran que \u201clos resultados son relevantes, un dato a partir del cual podr\u00e1n avanzar en las investigaciones y, muy probablemente, extrapolables al resto de Espa\u00f1a\u201d.<\/p>\n\n\n\n<p>Aunque pueda sorprender, no hay otras investigaciones recientes realizadas desde la academia o el sistema sanitario que dimensionen el problema. Las referencias de los art\u00edculos publicados remiten a trabajos antiguos y de reducido tama\u00f1o, un vac\u00edo de datos que ha sido ocupado por estudios del sector farmac\u00e9utico. La compa\u00f1\u00eda Cinfa, que vende varios productos contra los piojos bajo la marca Goibi, <a href=\"https:\/\/cinfasalud.cinfa.com\/p\/estudio-cinfasalud-sobre-la-pediculosis\/\" target=\"_blank\" rel=\"noreferrer noopener\">public\u00f3 en 2022 el <em>Estudio CinfaSalud sobre la pediculosis<\/em><\/a><em>, <\/em>basado enuna encuesta <em>online <\/em>en la que participaron 3.072 familias con 4.204 ni\u00f1os. De ellos, el 50,7% hab\u00eda sufrido alguna infestaci\u00f3n en los tres a\u00f1os previos a la pandemia.<\/p>\n\n\n\n<p>\u201cLos piojos est\u00e1n presentes durante todo el a\u00f1o, pero por nuestras ventas observamos cierta estacionalidad. Hay un primer pico que va de julio a octubre, coincidiendo con la vuelta al colegio y en el que algunas farmacias anticipan las compras como previsi\u00f3n, y un segundo en invierno, tras las Navidades\u201d, cuenta Julio Maset, director cient\u00edfico de Cinfa.<\/p>\n\n\n\n<h3 class=\"wp-block-heading\">Piojos que saltan y otros mitos<\/h3>\n\n\n\n<p>El estudio liderado por Adela Valero ha detectado varias caracter\u00edsticas que facilitan la infestaci\u00f3n en algunas personas, aunque todas ellas est\u00e1n relacionadas con el factor clave: el contacto directo pelo a pelo. \u201cHay mucho mito sobre los piojos y hay que acabar con ellos porque solo podremos tener \u00e9xito frente al problema si entendemos bien c\u00f3mo se transmiten y c\u00f3mo es su ciclo vital\u201d, cuenta esta experta.<\/p>\n\n\n\n<p>Los piojos, por ejemplo, \u201cno saltan, no tienen el tercer par de patas posteriores desarrolladas de las pulgas\u201d. Tampoco nadan, as\u00ed que las piscinas no se <em>contaminan <\/em>ni son foco de contagios. Y, por \u00faltimo, \u201cel que hace m\u00e1s da\u00f1o, porque hay personas a las que a\u00fan les da verg\u00fcenza contar que ellas o sus hijos tienen piojos, es el de la higiene, porque da igual que te laves mucho o poco la cabeza, puedes coger piojos igual, y cuanto m\u00e1s tardes en avisar, m\u00e1s posibilidades de transmisi\u00f3n habr\u00e1 en tu entorno\u201d, sigue Valero.<\/p>\n\n\n\n<p>Dos personas con el pelo largo y suelto, jugando o mirando la tele en el sof\u00e1, y las melenas entrelaz\u00e1ndose. Esta ser\u00eda la <em>escena perfecta <\/em>para que un piojo colonice una nueva cabeza. Es por ello que, seg\u00fan el estudio, los par\u00e1sitos suelen ser m\u00e1s frecuentes entre ni\u00f1as, en hogares con m\u00e1s miembros y donde ya ha habido una infestaci\u00f3n previa. Tambi\u00e9n, como en tantas otras cuestiones de salud, influye la educaci\u00f3n de los padres, ya que esto est\u00e1 relacionado con una \u201cmejor posici\u00f3n socioecon\u00f3mica, hogares m\u00e1s grandes y menos hacinados, y mayor tiempo y medios para el cuidado\u201d, detalla Morales Su\u00e1rez-Varela.<\/p>\n\n\n\n<p>Pero al final, insiste Valero, \u201ctodo pasa por el contacto directo\u201d. Esto explica, por ejemplo, que llevar el pelo recogido y corto haga menos probable una infestaci\u00f3n, pero no la impida porque \u201cinfluyen variables como la personalidad de los menores, los h\u00e1bitos de juego, si f\u00edsicamente se acercan m\u00e1s o menos, los amigos, el sistema inmunitario&#8230;\u201d. Esto explica que incluso dos hermanos que vayan al mismo colegio pueden verse afectados de forma muy distinta por el par\u00e1sito.<\/p>\n\n\n\n<p>La vida de un piojo es corta, de unas cuatro semanas, y entender bien su ciclo vital es la mejor forma de combatirlo. \u201cLo primero es la vigilancia\u201d, insisten todas las fuentes consultadas. Hay que revisar el pelo de los ni\u00f1os con regularidad y actuar r\u00e1pido si llega un aviso por la presencia de piojos en el entorno. Si no se detectan ejemplares adultos, \u201cno deben utilizarse los tratamientos como prevenci\u00f3n, que es un error muy frecuente, porque no sirven\u201d, cuenta Maset. S\u00ed pueden usarse en estos casos repelentes como los elaborados en base al \u00e1rbol del t\u00e9, aunque no todos los estudios coinciden en su efectividad.<\/p>\n\n\n\n<p>Si se detectan ejemplares adultos, es el momento de utilizar los tratamientos hechos con insecticidas \u2014la permetrina es el m\u00e1s habitual, aunque hay otros\u2014 o siliconas, que forman una pel\u00edcula que ahoga al piojo. Aunque son eficaces, los expertos insisten en que siempre hay que cumplir las instrucciones y asesorarse con profesionales como los farmac\u00e9uticos. \u201cMuchas veces se dice que los tratamientos no funcionan, pero en realidad es que no se usan correctamente. Y esto hace que el problema se vaya repitiendo c\u00edclicamente\u201d, cuenta Blanca Gonzalez Herrero, vocal de dermofarmacia del Colegio de Farmac\u00e9uticos de A Coru\u00f1a.<\/p>\n\n\n\n<figure class=\"wp-block-image\"><img data-recalc-dims=\"1\" decoding=\"async\" src=\"https:\/\/i0.wp.com\/imagenes.elpais.com\/resizer\/v2\/N4JLH6FYCNHWVMDT5XLJVGKFSA.jpg?w=640&#038;ssl=1\" alt=\"Piojos\"\/><figcaption class=\"wp-element-caption\">Liendres en la cabeza de una ni\u00f1o.Srisakorn (Getty Images)<\/figcaption><\/figure>\n\n\n\n<p>Otro factor a tener en cuenta es que los tratamientos no siempre eliminan los huevos. \u201dLos piojos ponen las liendres en la base del pelo y los fijan con una sustancia muy resistente. Por ello, tras administrar el tratamiento, debe pasarse la liendrera [un peine con unas p\u00faas muy finas y muy juntas] repetidamente para retirar piojos muertos y liendres\u201d, a\u00f1ade esta farmac\u00e9utica, autora de un protocolo para hacer frente a la pediculosis. Mojar el pelo con vinagre diluido en agua puede ayudar en este proceso ya que la acidez debilita ese <em>cemento<\/em>.<\/p>\n\n\n\n<p>Una recomendaci\u00f3n en la que insisten los expertos es no utilizar el secador tras el tratamiento, ya que el calor resta efectividad al insecticida que permanece en el cabello, que debe eliminar a los piojos que en forma de ninfas nazcan de las liendres que han quedado sin retirar. Y, para asegurar resultados \u2014siempre siguiendo las instrucciones del producto\u2014 puede ser necesaria una segunda aplicaci\u00f3n del tratamiento siete o diez d\u00edas despu\u00e9s de la primera.<\/p>\n\n\n\n<p>Otra opci\u00f3n, cuenta Valero, son los llamados \u201ctratamientos mec\u00e1nicos\u201d, consistentes en buscar y retirar uno a uno los piojos y liendres sin usar otros productos. \u201cPuede funcionar, pero hay que hacerlo muy muy bien. Lo ideal, pienso, es hacer actuar en cada paso con las herramientas disponibles, ya sean qu\u00edmicas, mec\u00e1nicas o sociales, como puede ser evitar el contacto estrecho con otras personas hasta haber hecho el tratamiento\u201d, resume esta experta.<\/p>\n\n\n\n<p>Seg\u00fan la Organizaci\u00f3n de Consumidores y Usuarios (OCU), que en los \u00faltimos a\u00f1os ha publicado dos trabajos sobre <a href=\"https:\/\/www.ocu.org\/consumo-familia\/bebes\/informe\/piojos-como-acabar-con-ellos\/tratamientos\" target=\"_blank\" rel=\"noreferrer noopener\">tratamientos<\/a> y <a href=\"https:\/\/www.ocu.org\/salud\/cosmeticos\/consejos\/aceite-arbol-te\" target=\"_blank\" rel=\"noreferrer noopener\">repelentes <\/a>contra los piojos, \u201clos m\u00e1s eficaces, seg\u00fan la literatura cient\u00edfica, son los tratamientos con insecticidas a base de permetrina, que adem\u00e1s son relativamente r\u00e1pidos de aplicar (entre 10 y 15 minutos) y baratos (a partir de siete euros), aunque en ocasiones pueden causar irritaciones o reacciones al\u00e9rgicas, y no deben usarse en menores de dos a\u00f1os\u201d, explica un portavoz de la OCU.<\/p>\n\n\n\n<p>Las resistencias a insecticidas como las permetrinas que hayan podido desarrollar los piojos son un gran debate abierto en el que hay pocas respuestas concluyentes, admiten los investigadores. \u201cResulta muy dif\u00edcil saber si el tratamiento es ineficaz o lo que ocurre es que est\u00e1 siendo mal utilizado. Pero es cierto que investigaciones en Estados Unidos han detectado mutaciones en genes que est\u00e1n asociadas a resistencias. Y se ha visto que, cuando estas mutaciones est\u00e1n presentes, parece aumentar la incidencia. Pero este es un terreno en el que a\u00fan debemos seguir investigando m\u00e1s\u201d, concluye Valero.<\/p>\n\n\n\n<p><a href=\"https:\/\/elpais.com\/autor\/oriol-guell\/\"><strong>Oriol G\u00fcell<\/strong><\/a><\/p>\n\n\n\n<p>FOTO: Un piojo en el pelo de un ni\u00f1o.Oxford Scientific (Getty Images)<\/p>\n\n\n\n<p><a href=\"https:\/\/elpais.com\/sociedad\/2025-01-17\/un-estudio-pone-cifras-al-estigma-cotidiano-de-los-piojos-el-30-de-los-escolares-los-contrae-al-menos-una-vez-al-ano.html\">https:\/\/elpais.com\/sociedad\/2025-01-17\/un-estudio-pone-cifras-al-estigma-cotidiano-de-los-piojos-el-30-de-los-escolares-los-contrae-al-menos-una-vez-al-ano.html<\/a><\/p>\n","protected":false},"excerpt":{"rendered":"<p>Un estudio pone cifras al estigma cotidiano de los piojos: La investigaci\u00f3n muestra la elevada&#8230;<\/p>\n","protected":false},"author":1,"featured_media":74155,"comment_status":"closed","ping_status":"closed","sticky":false,"template":"","format":"standard","meta":{"_coblocks_attr":"","_coblocks_dimensions":"","_coblocks_responsive_height":"","_coblocks_accordion_ie_support":"","jetpack_post_was_ever_published":false,"_jetpack_newsletter_access":"","_jetpack_dont_email_post_to_subs":false,"_jetpack_newsletter_tier_id":0,"_jetpack_memberships_contains_paywalled_content":false,"_jetpack_memberships_contains_paid_content":false,"footnotes":"","jetpack_publicize_message":"","jetpack_publicize_feature_enabled":true,"jetpack_social_post_already_shared":true,"jetpack_social_options":{"image_generator_settings":{"template":"highway","default_image_id":0,"enabled":false},"version":2}},"categories":[187,10797,186,44],"tags":[],"class_list":["post-74154","post","type-post","status-publish","format-standard","has-post-thumbnail","hentry","category-centros-educativos","category-ciencia","category-instituciones","category-noticias-de-hoy"],"jetpack_publicize_connections":[],"jetpack_featured_media_url":"https:\/\/i0.wp.com\/miradordeatarfe.es\/wp-content\/uploads\/2025\/01\/Screenshot-2025-01-17-at-20-22-32-Un-estudio-pone-cifras-al-estigma-cotidiano-de-los-piojos-el-30-de-los-escolares-los-contrae-al-menos-una-vez-al-ano-Sociedad-EL-PAIS.png?fit=796%2C570&ssl=1","jetpack_likes_enabled":true,"jetpack_sharing_enabled":true,"_links":{"self":[{"href":"https:\/\/miradordeatarfe.es\/index.php?rest_route=\/wp\/v2\/posts\/74154","targetHints":{"allow":["GET"]}}],"collection":[{"href":"https:\/\/miradordeatarfe.es\/index.php?rest_route=\/wp\/v2\/posts"}],"about":[{"href":"https:\/\/miradordeatarfe.es\/index.php?rest_route=\/wp\/v2\/types\/post"}],"author":[{"embeddable":true,"href":"https:\/\/miradordeatarfe.es\/index.php?rest_route=\/wp\/v2\/users\/1"}],"replies":[{"embeddable":true,"href":"https:\/\/miradordeatarfe.es\/index.php?rest_route=%2Fwp%2Fv2%2Fcomments&post=74154"}],"version-history":[{"count":2,"href":"https:\/\/miradordeatarfe.es\/index.php?rest_route=\/wp\/v2\/posts\/74154\/revisions"}],"predecessor-version":[{"id":74157,"href":"https:\/\/miradordeatarfe.es\/index.php?rest_route=\/wp\/v2\/posts\/74154\/revisions\/74157"}],"wp:featuredmedia":[{"embeddable":true,"href":"https:\/\/miradordeatarfe.es\/index.php?rest_route=\/wp\/v2\/media\/74155"}],"wp:attachment":[{"href":"https:\/\/miradordeatarfe.es\/index.php?rest_route=%2Fwp%2Fv2%2Fmedia&parent=74154"}],"wp:term":[{"taxonomy":"category","embeddable":true,"href":"https:\/\/miradordeatarfe.es\/index.php?rest_route=%2Fwp%2Fv2%2Fcategories&post=74154"},{"taxonomy":"post_tag","embeddable":true,"href":"https:\/\/miradordeatarfe.es\/index.php?rest_route=%2Fwp%2Fv2%2Ftags&post=74154"}],"curies":[{"name":"wp","href":"https:\/\/api.w.org\/{rel}","templated":true}]}}