{"id":74213,"date":"2025-01-21T11:48:00","date_gmt":"2025-01-21T10:48:00","guid":{"rendered":"https:\/\/miradordeatarfe.es\/?p=74213"},"modified":"2025-01-20T21:00:46","modified_gmt":"2025-01-20T20:00:46","slug":"vota-por-el-ceip-atalaya-en-la-campana-de-ecovidrio","status":"publish","type":"post","link":"https:\/\/miradordeatarfe.es\/?p=74213","title":{"rendered":"VOTA POR EL CEIP ATALAYA EN LA CAMPA\u00d1A DE ECOVIDRIO"},"content":{"rendered":"\n<p><strong>Los ni\u00f1os y ni\u00f1as del Colegio Atalaya han creado un fant\u00e1stico video para el concurso \u00abEl Vidrioclip\u00bb, una campa\u00f1a de Ecovidrio para promover el reciclaje en los colegios.<\/strong><\/p>\n\n\n\n<p> Dale LIKE y ayudemos entre todos a que el Colegio Atalaya sea el ganador. \u00a1Cada like cuenta para fomentar un futuro m\u00e1s sostenible! &#x267b;<\/p>\n\n\n\n<p>Enhorabuena por vuestro esfuerzo y creatividad, chicos y chicas!, Gracias por contribuir a cuidar nuestro planeta.<\/p>\n\n\n\n<p><strong>Concurso de \u00abEl Vidrioclip\u00bb, campa\u00f1a de Ecovidrio para el reciclaje de vidrio en los colegios. Organiza y patrocina: \u00b7Consejer\u00eda de Sostenibilidad, Medio Ambiente y Desarrollo Local de la Junta de Andaluc\u00eda. Federaci\u00f3n Andaluza de Municipios y provincias. Diputaci\u00f3n de Granada. Ecovidrio<\/strong>.<\/p>\n\n\n\n<figure class=\"wp-block-embed is-type-video is-provider-youtube wp-block-embed-youtube wp-embed-aspect-16-9 wp-has-aspect-ratio\"><div class=\"wp-block-embed__wrapper\">\n<iframe loading=\"lazy\" title=\"&quot;El Vidrioclip&quot; - C.E.I.P. Atalaya (Atarfe)\" width=\"640\" height=\"360\" src=\"https:\/\/www.youtube.com\/embed\/lxILYv60cxE?feature=oembed\" frameborder=\"0\" allow=\"accelerometer; autoplay; clipboard-write; encrypted-media; gyroscope; picture-in-picture; web-share\" referrerpolicy=\"strict-origin-when-cross-origin\" allowfullscreen><\/iframe>\n<\/div><\/figure>\n","protected":false},"excerpt":{"rendered":"<p>Los ni\u00f1os y ni\u00f1as del Colegio Atalaya han creado un fant\u00e1stico video para el concurso&#8230;<\/p>\n","protected":false},"author":1,"featured_media":74214,"comment_status":"closed","ping_status":"closed","sticky":false,"template":"","format":"standard","meta":{"_coblocks_attr":"","_coblocks_dimensions":"","_coblocks_responsive_height":"","_coblocks_accordion_ie_support":"","jetpack_post_was_ever_published":false,"_jetpack_newsletter_access":"","_jetpack_dont_email_post_to_subs":false,"_jetpack_newsletter_tier_id":0,"_jetpack_memberships_contains_paywalled_content":false,"_jetpack_memberships_contains_paid_content":false,"footnotes":"","jetpack_publicize_message":"","jetpack_publicize_feature_enabled":true,"jetpack_social_post_already_shared":true,"jetpack_social_options":{"image_generator_settings":{"template":"highway","default_image_id":0,"enabled":false},"version":2}},"categories":[187,1161,186,44],"tags":[],"class_list":["post-74213","post","type-post","status-publish","format-standard","has-post-thumbnail","hentry","category-centros-educativos","category-ciudadania","category-instituciones","category-noticias-de-hoy"],"jetpack_publicize_connections":[],"jetpack_featured_media_url":"https:\/\/i0.wp.com\/miradordeatarfe.es\/wp-content\/uploads\/2025\/01\/Screenshot-2025-01-20-at-20-58-16-Anadir-una-nueva-entrada-Mirador-de-Atarfe-%E2%80%94-WordPress.png?fit=821%2C455&ssl=1","jetpack_likes_enabled":true,"jetpack_sharing_enabled":true,"_links":{"self":[{"href":"https:\/\/miradordeatarfe.es\/index.php?rest_route=\/wp\/v2\/posts\/74213","targetHints":{"allow":["GET"]}}],"collection":[{"href":"https:\/\/miradordeatarfe.es\/index.php?rest_route=\/wp\/v2\/posts"}],"about":[{"href":"https:\/\/miradordeatarfe.es\/index.php?rest_route=\/wp\/v2\/types\/post"}],"author":[{"embeddable":true,"href":"https:\/\/miradordeatarfe.es\/index.php?rest_route=\/wp\/v2\/users\/1"}],"replies":[{"embeddable":true,"href":"https:\/\/miradordeatarfe.es\/index.php?rest_route=%2Fwp%2Fv2%2Fcomments&post=74213"}],"version-history":[{"count":1,"href":"https:\/\/miradordeatarfe.es\/index.php?rest_route=\/wp\/v2\/posts\/74213\/revisions"}],"predecessor-version":[{"id":74215,"href":"https:\/\/miradordeatarfe.es\/index.php?rest_route=\/wp\/v2\/posts\/74213\/revisions\/74215"}],"wp:featuredmedia":[{"embeddable":true,"href":"https:\/\/miradordeatarfe.es\/index.php?rest_route=\/wp\/v2\/media\/74214"}],"wp:attachment":[{"href":"https:\/\/miradordeatarfe.es\/index.php?rest_route=%2Fwp%2Fv2%2Fmedia&parent=74213"}],"wp:term":[{"taxonomy":"category","embeddable":true,"href":"https:\/\/miradordeatarfe.es\/index.php?rest_route=%2Fwp%2Fv2%2Fcategories&post=74213"},{"taxonomy":"post_tag","embeddable":true,"href":"https:\/\/miradordeatarfe.es\/index.php?rest_route=%2Fwp%2Fv2%2Ftags&post=74213"}],"curies":[{"name":"wp","href":"https:\/\/api.w.org\/{rel}","templated":true}]}}