{"id":74231,"date":"2025-01-28T11:22:00","date_gmt":"2025-01-28T10:22:00","guid":{"rendered":"https:\/\/miradordeatarfe.es\/?p=74231"},"modified":"2025-10-16T10:07:56","modified_gmt":"2025-10-16T08:07:56","slug":"las-fiestas-de-caparacena-de-antes-por-jose-enrique-granados","status":"publish","type":"post","link":"https:\/\/miradordeatarfe.es\/?p=74231","title":{"rendered":"\u00abLAS FIESTAS DE CAPARACENA DE ANTES\u00bb por Jos\u00e9 Enrique Granados"},"content":{"rendered":"\n<p><strong>ACABAN DE CELEBRARSE LAS FIESTAS DE CAPARACENA Y EL MIRADOR PUBLICA ESTE TEXTO DE LA GACETILLA Y CURIOSIDADES ELVIRENSES<\/strong><\/p>\n\n\n\n<p class=\"has-medium-font-size\"><strong>Como homenaje a Caparacena, Mari Carmen Flores, nos remite este texto:<\/strong><\/p>\n\n\n\n<p>\u201cHasta donde alcanza la buena memoria de las personas m\u00e1s longevas de nuestro pueblo, las fiestas en honor a San Ant\u00f3n se han estado celebrando en Caparacena cada 17 de enero con unos actos religiosos tradicionales (misa y procesi\u00f3n) seguidos de una gran fiesta popular que ha ido variando a trav\u00e9s de los a\u00f1os.<\/p>\n\n\n\n<p>Refieren algunos de nuestros casi centenarios vecinos, que cuando ellos eran ni\u00f1os, los m\u00fasicos <a><\/a>ven\u00edan a nuestro pueblo y pernoctaban en graneros, pajares, casas de vecinos\u2026se repart\u00edan entre las diferentes casas para dormir y comer, e iban rotando por todo el pueblo.<\/p>\n\n\n\n<p>Al parecer, y dada la escasez de alimentos durante los a\u00f1os de la posguerra, lejos de tener miedo al fr\u00edo o a la incomodidad, estaban deseando venir a nuestro pueblo, pues esos d\u00edas com\u00edan de maravilla y en abundancia, debido a que muchas familias hab\u00edan hecho la matanza y ofrec\u00edan generosamente sus alimentos.<\/p>\n\n\n\n<p>Recuerdan nuestras vecinas, hoy ya a sus 80 a\u00f1os, que un a\u00f1o cuando eran ni\u00f1as, all\u00e1 por 1950, trajeron una noria para las fiestas, y nev\u00f3 tanto que no pudieron llev\u00e1rsela en meses, con lo cual fue la alegr\u00eda y el entretenimiento de aquellos ni\u00f1os y no tan ni\u00f1os que se estuvieron paseando gratis durante mucho tiempo.<\/p>\n\n\n\n<p>La figura de los mayordomos (personas que organizan y coordinan la fiesta, hoy en d\u00eda junto con el concejal de turno) siempre estuvo presente, pero en otra \u00e9poca ten\u00edan que financiar la fiesta en su totalidad con su habilidad, trabajo, contactos\u2026llegando mucho despu\u00e9s la posibilidad de disponer de presupuestos municipales para tal fin.<\/p>\n\n\n\n<p>La fiesta fue evolucionando con los a\u00f1os, y pas\u00f3 de celebrarse en graneros, a ir habilitando otros espacios, incluso carpas en la plaza, que a pesar de la fecha y el fr\u00edo tambi\u00e9n se llenaban&#8230;algunos vecinos recuerdan estar en el baile, viendo a la orquesta tocar, y observar a los ratones corretear por las vigas de madera del almac\u00e9n a d\u00f3nde se celebraba, all\u00e1 por los a\u00f1os 80.<\/p>\n\n\n\n<p>Desde 1995 aproximadamente, Caparacena cuenta con la Casa de la Cultura, un espacio creado para tal fin entre otras cosas. Con los a\u00f1os se fueron agregando costumbres como hacer un homenaje a un vecino, o cocinar la olla de san Ant\u00f3n, un contundente cocido con habas y carne de cerdo entre otras cosas. La olla se ha hecho en muchas ocasiones, aunque no siempre por parte del ayuntamiento, y paralelamente hay familias \u00f3 alg\u00fan grupo de amigos que la han convertido en una tradici\u00f3n muy particular, como es el caso de la ASOCIACION CULTURAL ATARFE\u00d1A &#8216;LA CUCHARA DE PALO&#8217;, que parad\u00f3jicamente naci\u00f3 en las fiestas de San Ant\u00f3n de 1994 y desde entonces este grupo de amigos elabora la olla en Caparacena en la casa de unos vecinos y miembros de dicha asociaci\u00f3n. A lo largo de m\u00e1s de 30 a\u00f1os es un d\u00eda de puertas abiertas y convivencia de amigos y vecinos que gira en torno a la elaboraci\u00f3n y degustaci\u00f3n de este particular cocido.<\/p>\n\n\n\n<p>La fiesta se ha ido adaptando a los nuevos tiempos y contin\u00faa cautivando a las nuevas generaciones.\u201d<\/p>\n\n\n\n<p>No sabemos si esa nevada descrita por Mari Carmen es la que aparece en la fotograf\u00eda.<\/p>\n\n\n\n<p><strong>Gacetilla y curiosidades elvirenses<\/strong><\/p>\n\n\n\n<p><a href=\"https:\/\/www.facebook.com\/profile.php?id=100063704734064&amp;locale=es_ES\">https:\/\/www.facebook.com\/profile.php?id=100063704734064&amp;locale=es_ES<\/a><\/p>\n","protected":false},"excerpt":{"rendered":"<p>ACABAN DE CELEBRARSE LAS FIESTAS DE CAPARACENA Y EL MIRADOR PUBLICA ESTE TEXTO DE LA&#8230;<\/p>\n","protected":false},"author":1,"featured_media":74232,"comment_status":"closed","ping_status":"closed","sticky":false,"template":"","format":"standard","meta":{"_coblocks_attr":"","_coblocks_dimensions":"","_coblocks_responsive_height":"","_coblocks_accordion_ie_support":"","jetpack_post_was_ever_published":false,"_jetpack_newsletter_access":"","_jetpack_dont_email_post_to_subs":false,"_jetpack_newsletter_tier_id":0,"_jetpack_memberships_contains_paywalled_content":false,"_jetpack_memberships_contains_paid_content":false,"footnotes":"","jetpack_publicize_message":"","jetpack_publicize_feature_enabled":true,"jetpack_social_post_already_shared":true,"jetpack_social_options":{"image_generator_settings":{"template":"highway","default_image_id":0,"enabled":false},"version":2}},"categories":[2,1225,186,38,44],"tags":[],"class_list":["post-74231","post","type-post","status-publish","format-standard","has-post-thumbnail","hentry","category-atarfe","category-ha-de-atarfe","category-instituciones","category-opinion-de-jose-enrique-granados","category-noticias-de-hoy"],"jetpack_publicize_connections":[],"jetpack_featured_media_url":"https:\/\/i0.wp.com\/miradordeatarfe.es\/wp-content\/uploads\/2025\/01\/470865720_1112996537500494_4959349492962684310_n.jpg?fit=720%2C503&ssl=1","jetpack_likes_enabled":true,"jetpack_sharing_enabled":true,"_links":{"self":[{"href":"https:\/\/miradordeatarfe.es\/index.php?rest_route=\/wp\/v2\/posts\/74231","targetHints":{"allow":["GET"]}}],"collection":[{"href":"https:\/\/miradordeatarfe.es\/index.php?rest_route=\/wp\/v2\/posts"}],"about":[{"href":"https:\/\/miradordeatarfe.es\/index.php?rest_route=\/wp\/v2\/types\/post"}],"author":[{"embeddable":true,"href":"https:\/\/miradordeatarfe.es\/index.php?rest_route=\/wp\/v2\/users\/1"}],"replies":[{"embeddable":true,"href":"https:\/\/miradordeatarfe.es\/index.php?rest_route=%2Fwp%2Fv2%2Fcomments&post=74231"}],"version-history":[{"count":1,"href":"https:\/\/miradordeatarfe.es\/index.php?rest_route=\/wp\/v2\/posts\/74231\/revisions"}],"predecessor-version":[{"id":74233,"href":"https:\/\/miradordeatarfe.es\/index.php?rest_route=\/wp\/v2\/posts\/74231\/revisions\/74233"}],"wp:featuredmedia":[{"embeddable":true,"href":"https:\/\/miradordeatarfe.es\/index.php?rest_route=\/wp\/v2\/media\/74232"}],"wp:attachment":[{"href":"https:\/\/miradordeatarfe.es\/index.php?rest_route=%2Fwp%2Fv2%2Fmedia&parent=74231"}],"wp:term":[{"taxonomy":"category","embeddable":true,"href":"https:\/\/miradordeatarfe.es\/index.php?rest_route=%2Fwp%2Fv2%2Fcategories&post=74231"},{"taxonomy":"post_tag","embeddable":true,"href":"https:\/\/miradordeatarfe.es\/index.php?rest_route=%2Fwp%2Fv2%2Ftags&post=74231"}],"curies":[{"name":"wp","href":"https:\/\/api.w.org\/{rel}","templated":true}]}}