{"id":74305,"date":"2025-01-26T11:34:00","date_gmt":"2025-01-26T10:34:00","guid":{"rendered":"https:\/\/miradordeatarfe.es\/?p=74305"},"modified":"2025-10-16T10:13:20","modified_gmt":"2025-10-16T08:13:20","slug":"cojonudo-por-juan-de-dios-villanueva-roa","status":"publish","type":"post","link":"https:\/\/miradordeatarfe.es\/?p=74305","title":{"rendered":"\u00abCojonudo\u00bb por Juan de Dios Villanueva Roa"},"content":{"rendered":"\n<p class=\"has-medium-font-size\"><strong>Sin deseos de entrar en pol\u00e9micas est\u00e9riles, la realidad palpable es que la Junta de Andaluc\u00eda est\u00e1 tratando a Granada como una provincia de tercera. <\/strong><\/p>\n\n\n\n<p>No hay nadie del Partido Popular que d\u00e9 la cara por este territorio, ni granadinos ni for\u00e1neos. De nada sirve el pretendido amor que Juanma dice tener por Granada. Por muy buenos gestos que muestre cada vez que aterriza por aqu\u00ed, la realidad es otra muy diferente. Granada est\u00e1 siendo maltratada por el gobierno del Partido Popular en Andaluc\u00eda; lo del Parque de las Ciencias es un bot\u00f3n de muestra m\u00e1s con los modos de actuar, bajando presupuestos y echando a patadas a quienes lo pusieron donde est\u00e1, y todo por el inter\u00e9s de volver a las andadas, esto es, poner en marcha otro similar en M\u00e1laga. <\/p>\n\n\n\n<p>Otra vez M\u00e1laga, si no Sevilla. Y se suman estos desafueros a los de la gesti\u00f3n de la Sierra, de la Escuela de Salud P\u00fablica, de la Alhambra\u2026 Podr\u00e1n venir a maquillar, a pintar de violeta o celeste o rosa los hechos, pero la realidad es que esta provincia cada vez est\u00e1 peor tratada por la Junta. Yo solo dir\u00eda a los pol\u00edticos del PP granadino que espabilen, que por acompa\u00f1ar a Moreno cada vez que viene, que por decir amen a todas las supercher\u00edas que est\u00e1n haci\u00e9ndonos desde Sevilla, ellos, nuestros representantes populares de aqu\u00ed, no van a generar nada mejor para la tierra que los alimenta, y ser\u00e1n los primeros en caer cuando Moreno y los suyos no los necesiten. Y que no vengan a mirar hacia atr\u00e1s ya, han pasado muchos a\u00f1os, y no sirve m\u00e1s que de consuelo de quienes no quieren ver. <\/p>\n\n\n\n<p>\u00bfEspabilamos y empujamos todos hacia delante o seguimos aplaudiendo y diciendo que es cojonudo?<\/p>\n","protected":false},"excerpt":{"rendered":"<p>Sin deseos de entrar en pol\u00e9micas est\u00e9riles, la realidad palpable es que la Junta de&#8230;<\/p>\n","protected":false},"author":1,"featured_media":74306,"comment_status":"closed","ping_status":"closed","sticky":false,"template":"","format":"standard","meta":{"_coblocks_attr":"","_coblocks_dimensions":"","_coblocks_responsive_height":"","_coblocks_accordion_ie_support":"","jetpack_post_was_ever_published":false,"_jetpack_newsletter_access":"","_jetpack_dont_email_post_to_subs":false,"_jetpack_newsletter_tier_id":0,"_jetpack_memberships_contains_paywalled_content":false,"_jetpack_memberships_contains_paid_content":false,"footnotes":"","jetpack_publicize_message":"","jetpack_publicize_feature_enabled":true,"jetpack_social_post_already_shared":true,"jetpack_social_options":{"image_generator_settings":{"template":"highway","default_image_id":0,"enabled":false},"version":2}},"categories":[10791,10781,9772,44],"tags":[],"class_list":["post-74305","post","type-post","status-publish","format-standard","has-post-thumbnail","hentry","category-andalucia","category-granada","category-opinion-de-juan-de-dios-villanueva","category-noticias-de-hoy"],"jetpack_publicize_connections":[],"jetpack_featured_media_url":"https:\/\/i0.wp.com\/miradordeatarfe.es\/wp-content\/uploads\/2025\/01\/336.jpg?fit=820%2C324&ssl=1","jetpack_likes_enabled":true,"jetpack_sharing_enabled":true,"_links":{"self":[{"href":"https:\/\/miradordeatarfe.es\/index.php?rest_route=\/wp\/v2\/posts\/74305","targetHints":{"allow":["GET"]}}],"collection":[{"href":"https:\/\/miradordeatarfe.es\/index.php?rest_route=\/wp\/v2\/posts"}],"about":[{"href":"https:\/\/miradordeatarfe.es\/index.php?rest_route=\/wp\/v2\/types\/post"}],"author":[{"embeddable":true,"href":"https:\/\/miradordeatarfe.es\/index.php?rest_route=\/wp\/v2\/users\/1"}],"replies":[{"embeddable":true,"href":"https:\/\/miradordeatarfe.es\/index.php?rest_route=%2Fwp%2Fv2%2Fcomments&post=74305"}],"version-history":[{"count":1,"href":"https:\/\/miradordeatarfe.es\/index.php?rest_route=\/wp\/v2\/posts\/74305\/revisions"}],"predecessor-version":[{"id":74307,"href":"https:\/\/miradordeatarfe.es\/index.php?rest_route=\/wp\/v2\/posts\/74305\/revisions\/74307"}],"wp:featuredmedia":[{"embeddable":true,"href":"https:\/\/miradordeatarfe.es\/index.php?rest_route=\/wp\/v2\/media\/74306"}],"wp:attachment":[{"href":"https:\/\/miradordeatarfe.es\/index.php?rest_route=%2Fwp%2Fv2%2Fmedia&parent=74305"}],"wp:term":[{"taxonomy":"category","embeddable":true,"href":"https:\/\/miradordeatarfe.es\/index.php?rest_route=%2Fwp%2Fv2%2Fcategories&post=74305"},{"taxonomy":"post_tag","embeddable":true,"href":"https:\/\/miradordeatarfe.es\/index.php?rest_route=%2Fwp%2Fv2%2Ftags&post=74305"}],"curies":[{"name":"wp","href":"https:\/\/api.w.org\/{rel}","templated":true}]}}