{"id":74308,"date":"2025-01-29T11:00:00","date_gmt":"2025-01-29T10:00:00","guid":{"rendered":"https:\/\/miradordeatarfe.es\/?p=74308"},"modified":"2025-01-26T17:55:32","modified_gmt":"2025-01-26T16:55:32","slug":"el-proyecto-visperas-cofrades-convertira-a-atarfe-en-capital-de-la-musica-de-semana-santa-con-mas-de-1-000-musicos-de-varias-provincias","status":"publish","type":"post","link":"https:\/\/miradordeatarfe.es\/?p=74308","title":{"rendered":"El proyecto &#8216;V\u00edsperas Cofrades&#8217; convertir\u00e1 a Atarfe en capital de la m\u00fasica de Semana Santa con m\u00e1s de 1.000 m\u00fasicos de varias provincias"},"content":{"rendered":"\n<h2 class=\"wp-block-heading\">El evento, presentado por la Diputaci\u00f3n en Fitur, se celebrar\u00e1 el 22 de febrero en el Coliseo atarfe\u00f1o.<\/h2>\n\n\n\n<p>El diputado provincial de Fondos Europeos, Desarrollo, Industria y Empleo, Antonio D\u00edaz, ha presentado este viernes en Fitur el proyecto \u2018V\u00edsperas Cofrades\u2019, que convertir\u00e1 a la ciudad de Atarfe en la capital de la m\u00fasica de Semana Santa el pr\u00f3ximo 22 de febrero, a las 16:00 horas. M\u00e1s de 1.000 m\u00fasicos pertenecientes a nueve formaciones musicales, cinco de ellas de Granada y provincia y otras cuatro llegadas desde Sevilla, Linares, M\u00e1laga y C\u00e1diz, har\u00e1n posible este evento \u00fanico por su formato, que se llevar\u00e1 a cabo en la Plaza de Toros atarfe\u00f1a, conocida como el Coliseo de Atarfe.&nbsp;<\/p>\n\n\n\n<p>D\u00edaz ha destacado que \u201cdesde la Diputaci\u00f3n de Granada, consideramos que un evento de este tipo moviliza un gran n\u00famero de personas amantes de la m\u00fasica cofrade y debemos apoyarlo. Le daremos todo nuestro respaldo y es una de las acciones que presentamos como oferta cultural y tur\u00edstica en el marco de FIitur. El segmento de turismo religioso dej\u00f3 el a\u00f1o pasado en Granada durante la Semana Santa alrededor de 45 millones de euros y la ocupaci\u00f3n hotelera en esas fechas alcanz\u00f3 el 95%, por lo que estamos hablando de una actividad muy importante\u201d.<\/p>\n\n\n\n<p>El evento, que cuenta con la colaboraci\u00f3n de la Diputaci\u00f3n de Granada y su marca \u2018Sabor Granada\u2019, se desarrollar\u00e1 en un enorme escenario que acoger\u00e1 a las distintas bandas, cuyas intervenciones estar\u00e1n acompa\u00f1adas por videos sobre la trayectoria de cada una de ellas.<\/p>\n\n\n\n<h4 class=\"wp-block-heading\">Bandas participantes<\/h4>\n\n\n\n<p>El programa es de un alto nivel en el \u00e1mbito de la m\u00fasica cofrade al contar con bandas de prestigio con amplia y valorada trayectoria. Las participantes son Estrella (Granada), Gran Poder (Granada), Despojado (Granada), Dani de Baza con San Isidro (Armilla), La Esperanza (M\u00e1laga), Pasi\u00f3n (Linares), Las Cigarreras (Sevilla) y Rosario&nbsp; (C\u00e1diz).<\/p>\n\n\n\n<p>El concierto ha sido organizado por la Cofrad\u00eda de la Oraci\u00f3n en el Huerto de Granada y contar\u00e1 con el apoyo de otras instituciones como el Ayuntamiento de Atarfe. El evento tendr\u00e1 car\u00e1cter ben\u00e9fico y est\u00e1 previsto que su recaudaci\u00f3n se destine a obras asistenciales y a apoyar a los artesanos de la Semana Santa.<\/p>\n\n\n\n<p>Los precios en venta anticipada son de 30 euros por silla en el ruedo, asientos de barrera y contrabarrera y zona numerada, y de 25 euros en tendido general sin numerar, m\u00e1s gastos de gesti\u00f3n. Las entradas est\u00e1n a la venta en <a href=\"http:\/\/www.redentradas.com\">www.redentradas.com<\/a><\/p>\n","protected":false},"excerpt":{"rendered":"<p>El evento, presentado por la Diputaci\u00f3n en Fitur, se celebrar\u00e1 el 22 de febrero en&#8230;<\/p>\n","protected":false},"author":1,"featured_media":74309,"comment_status":"closed","ping_status":"closed","sticky":false,"template":"","format":"standard","meta":{"_coblocks_attr":"","_coblocks_dimensions":"","_coblocks_responsive_height":"","_coblocks_accordion_ie_support":"","jetpack_post_was_ever_published":false,"_jetpack_newsletter_access":"","_jetpack_dont_email_post_to_subs":false,"_jetpack_newsletter_tier_id":0,"_jetpack_memberships_contains_paywalled_content":false,"_jetpack_memberships_contains_paid_content":false,"footnotes":"","jetpack_publicize_message":"","jetpack_publicize_feature_enabled":true,"jetpack_social_post_already_shared":true,"jetpack_social_options":{"image_generator_settings":{"template":"highway","default_image_id":0,"enabled":false},"version":2}},"categories":[186,44,6937],"tags":[],"class_list":["post-74308","post","type-post","status-publish","format-standard","has-post-thumbnail","hentry","category-instituciones","category-noticias-de-hoy","category-sociedad"],"jetpack_publicize_connections":[],"jetpack_featured_media_url":"https:\/\/i0.wp.com\/miradordeatarfe.es\/wp-content\/uploads\/2025\/01\/cofrade.jpg?fit=645%2C469&ssl=1","jetpack_likes_enabled":true,"jetpack_sharing_enabled":true,"_links":{"self":[{"href":"https:\/\/miradordeatarfe.es\/index.php?rest_route=\/wp\/v2\/posts\/74308","targetHints":{"allow":["GET"]}}],"collection":[{"href":"https:\/\/miradordeatarfe.es\/index.php?rest_route=\/wp\/v2\/posts"}],"about":[{"href":"https:\/\/miradordeatarfe.es\/index.php?rest_route=\/wp\/v2\/types\/post"}],"author":[{"embeddable":true,"href":"https:\/\/miradordeatarfe.es\/index.php?rest_route=\/wp\/v2\/users\/1"}],"replies":[{"embeddable":true,"href":"https:\/\/miradordeatarfe.es\/index.php?rest_route=%2Fwp%2Fv2%2Fcomments&post=74308"}],"version-history":[{"count":1,"href":"https:\/\/miradordeatarfe.es\/index.php?rest_route=\/wp\/v2\/posts\/74308\/revisions"}],"predecessor-version":[{"id":74310,"href":"https:\/\/miradordeatarfe.es\/index.php?rest_route=\/wp\/v2\/posts\/74308\/revisions\/74310"}],"wp:featuredmedia":[{"embeddable":true,"href":"https:\/\/miradordeatarfe.es\/index.php?rest_route=\/wp\/v2\/media\/74309"}],"wp:attachment":[{"href":"https:\/\/miradordeatarfe.es\/index.php?rest_route=%2Fwp%2Fv2%2Fmedia&parent=74308"}],"wp:term":[{"taxonomy":"category","embeddable":true,"href":"https:\/\/miradordeatarfe.es\/index.php?rest_route=%2Fwp%2Fv2%2Fcategories&post=74308"},{"taxonomy":"post_tag","embeddable":true,"href":"https:\/\/miradordeatarfe.es\/index.php?rest_route=%2Fwp%2Fv2%2Ftags&post=74308"}],"curies":[{"name":"wp","href":"https:\/\/api.w.org\/{rel}","templated":true}]}}