{"id":74417,"date":"2025-01-30T11:00:00","date_gmt":"2025-01-30T10:00:00","guid":{"rendered":"https:\/\/miradordeatarfe.es\/?p=74417"},"modified":"2025-01-29T14:09:22","modified_gmt":"2025-01-29T13:09:22","slug":"avideal-por-juan-de-dios-villanueva-roa","status":"publish","type":"post","link":"https:\/\/miradordeatarfe.es\/?p=74417","title":{"rendered":"\u00abAVIDEAL\u00bb por Juan de Dios Villanueva Roa"},"content":{"rendered":"\n<p class=\"has-medium-font-size\"><strong>Este peri\u00f3dico que usted lee lleva unas semanas peleando, poniendo sus rotativas y su imagen en pro de un AVE real que conecte de forma razonable Granada con Madrid.<\/strong><\/p>\n\n\n\n<p> No ya por Madrid, por esta absurda red radial que alg\u00fan celeb\u00e9rrimo y no olvidado pens\u00f3 para esta, nuestra patria. Un AVE que recorra unas infraestructuras car\u00edsimas y pelead\u00edsimas durante lustros, y chapuceramente semiconcluidas. <\/p>\n\n\n\n<p>Aqu\u00ed, tan aficionados a echar culpas, lo manijero es echarlas a los de ahora, pedir sus cabezas y sus torsos, pero hay que repartirlas de forma secuencial empezando por aquellos cascos que decidieron hacer un corredor apoyado en el siglo XIX, vitoreados por sus colegas peperos de aqu\u00ed por aquellos entonces, algunos de los cuales a\u00fan llenan sus platos con lentejas pagadas con salarios pol\u00edticos. Y despu\u00e9s est\u00e1n los dem\u00e1s, que entraron a por uvas porque les sal\u00eda m\u00e1s barato y quer\u00edan llegar como fuera, del lado contrario. Sea, que cada cual en su casa y eso.<\/p>\n\n\n\n<p>Lo lamentable es que la clase pol\u00edtica nazar\u00ed haya velado m\u00e1s por sus pucheros que por sacar a la provincia de donde estaba. Y ahora tiene que llegar el peri\u00f3dico a remover las realidades, las conciencias y a movilizar al personal para que alguien se ponga las pilas y se gane su sueldo, ese que pagamos. Al final, tendr\u00e1 que regresar el ministro Puente para resolver esto, porque est\u00e1 claro que en Granada ponemos las cosas en manos vallisoletanas por si se arreglan. <\/p>\n\n\n\n<p>Espero que nos quede al menos el buen gusto por el Ribera del Duero, caldo sublime donde los haya, aunque por aqu\u00ed tampoco los hacen malos, doy fe.<\/p>\n","protected":false},"excerpt":{"rendered":"<p>Este peri\u00f3dico que usted lee lleva unas semanas peleando, poniendo sus rotativas y su imagen&#8230;<\/p>\n","protected":false},"author":1,"featured_media":74418,"comment_status":"closed","ping_status":"closed","sticky":false,"template":"","format":"standard","meta":{"_coblocks_attr":"","_coblocks_dimensions":"","_coblocks_responsive_height":"","_coblocks_accordion_ie_support":"","jetpack_post_was_ever_published":false,"_jetpack_newsletter_access":"","_jetpack_dont_email_post_to_subs":false,"_jetpack_newsletter_tier_id":0,"_jetpack_memberships_contains_paywalled_content":false,"_jetpack_memberships_contains_paid_content":false,"footnotes":"","jetpack_publicize_message":"","jetpack_publicize_feature_enabled":true,"jetpack_social_post_already_shared":true,"jetpack_social_options":{"image_generator_settings":{"template":"highway","default_image_id":0,"enabled":false},"version":2}},"categories":[1161,10781,9772,44],"tags":[],"class_list":["post-74417","post","type-post","status-publish","format-standard","has-post-thumbnail","hentry","category-ciudadania","category-granada","category-opinion-de-juan-de-dios-villanueva","category-noticias-de-hoy"],"jetpack_publicize_connections":[],"jetpack_featured_media_url":"https:\/\/i0.wp.com\/miradordeatarfe.es\/wp-content\/uploads\/2025\/01\/107916831-kWcD-1920x1080%40Ideal.webp?fit=1920%2C1080&ssl=1","jetpack_likes_enabled":true,"jetpack_sharing_enabled":true,"_links":{"self":[{"href":"https:\/\/miradordeatarfe.es\/index.php?rest_route=\/wp\/v2\/posts\/74417","targetHints":{"allow":["GET"]}}],"collection":[{"href":"https:\/\/miradordeatarfe.es\/index.php?rest_route=\/wp\/v2\/posts"}],"about":[{"href":"https:\/\/miradordeatarfe.es\/index.php?rest_route=\/wp\/v2\/types\/post"}],"author":[{"embeddable":true,"href":"https:\/\/miradordeatarfe.es\/index.php?rest_route=\/wp\/v2\/users\/1"}],"replies":[{"embeddable":true,"href":"https:\/\/miradordeatarfe.es\/index.php?rest_route=%2Fwp%2Fv2%2Fcomments&post=74417"}],"version-history":[{"count":1,"href":"https:\/\/miradordeatarfe.es\/index.php?rest_route=\/wp\/v2\/posts\/74417\/revisions"}],"predecessor-version":[{"id":74419,"href":"https:\/\/miradordeatarfe.es\/index.php?rest_route=\/wp\/v2\/posts\/74417\/revisions\/74419"}],"wp:featuredmedia":[{"embeddable":true,"href":"https:\/\/miradordeatarfe.es\/index.php?rest_route=\/wp\/v2\/media\/74418"}],"wp:attachment":[{"href":"https:\/\/miradordeatarfe.es\/index.php?rest_route=%2Fwp%2Fv2%2Fmedia&parent=74417"}],"wp:term":[{"taxonomy":"category","embeddable":true,"href":"https:\/\/miradordeatarfe.es\/index.php?rest_route=%2Fwp%2Fv2%2Fcategories&post=74417"},{"taxonomy":"post_tag","embeddable":true,"href":"https:\/\/miradordeatarfe.es\/index.php?rest_route=%2Fwp%2Fv2%2Ftags&post=74417"}],"curies":[{"name":"wp","href":"https:\/\/api.w.org\/{rel}","templated":true}]}}