{"id":74632,"date":"2025-02-09T11:15:00","date_gmt":"2025-02-09T10:15:00","guid":{"rendered":"https:\/\/miradordeatarfe.es\/?p=74632"},"modified":"2025-02-08T11:51:34","modified_gmt":"2025-02-08T10:51:34","slug":"charla-informativa-sobre-la-sanidad-publica-en-atarfe","status":"publish","type":"post","link":"https:\/\/miradordeatarfe.es\/?p=74632","title":{"rendered":"CHARLA INFORMATIVA SOBRE LA SANIDAD P\u00daBLICA EN ATARFE"},"content":{"rendered":"\n<p class=\"has-medium-font-size\"><strong>TENDR\u00c1 LUGAR EL MARTES 11 DE FEBRERO DE 2025 A LAS 18H EN LA SALA DE EXPOSICIONES DEL CENTRO CULTURAL MEDINA ELVIRA<\/strong><\/p>\n\n\n\n<p>Organizada por la Plataforma en Defensa de la Sanidad P\u00fablica de Atarfe, contaremos con la participaci\u00f3n de <strong>Marta Garc\u00eda Caballos y Juan Luis Camacho Reina, representantes de la Mesa en Defensa de la Sanidad P\u00fablica de Granada.<\/strong><\/p>\n\n\n\n<p>Hablaremos sobre la situaci\u00f3n actual de la sanidad p\u00fablica, las problem\u00e1ticas en nuestro municipio y c\u00f3mo podemos organizarnos para defender nuestros derechos sanitarios.<\/p>\n\n\n\n<p>Culpar a la herencia recibida y a problemas estructurales, tras SIETE a\u00f1os, es una excusa nada cre\u00edble. Tiempo de sobra para quien gan\u00f3 aprovechando el descontento sanitario, se comprometi\u00f3 a curar la sanidad p\u00fablica. Al menos, para apuntar una direcci\u00f3n, un camino, al margen de la creciente privatizaci\u00f3n, que eso, s\u00ed que marc\u00f3.<\/p>\n\n\n\n<p>Planes de choque fallidos y enfrentamiento con todos los sindicatos, incluido el nada sospechoso de radical Sindicato M\u00e9dico. Mucho prometer como panacea <em>autoconciertos<\/em>, lo que siempre fue la <em>continuidad asistencial<\/em> que prestan el personal sanitario voluntariamente a cambio de retribuciones extras, y materializar conciertos con la privada, pero la realidad es un desconcierto en la gesti\u00f3n sanitaria, que sufre la ciudadan\u00eda en Andaluc\u00eda.<\/p>\n\n\n\n<p>Son in\u00fatiles y hasta peligrosos los an\u00e1lisis simplistas que desde el Gobierno andaluz y el PP lanzan para defenderse, como que es \u201cun problema que afecta a la mayor\u00eda de comunidades aut\u00f3nomas\u201d, o \u201cla falta de m\u00e9dicos\u201d.<\/p>\n\n\n\n<p>Como denuncian los sindicatos profesionales de sanidad  <em>\u00abla principal deficiencia radica en la <strong>insuficiencia de por s\u00ed de las plantillas,<\/strong> los recortes en el personal eventual y la casi <strong>nula cobertura de las ausencias<\/strong> reglamentarias por bajas o permisos, circunstancias que se revela de manera m\u00e1s <strong>dram\u00e1tica durante los festivos y fines de semana<\/strong> en los que ya se viene trabajando con una plantilla m\u00ednima por debajo de la cual resulta imposible garantizar el servicio asistencial necesario, situaci\u00f3n que <strong>se agravar\u00e1 durante el verano de no adoptarse medidas urgentes por parte de la Administraci\u00f3n.<\/strong>\u00ab<\/em><\/p>\n\n\n\n<p>Desde la Plataforma en Defensa de la Sanidad P\u00fablica de Atarfe convocan a este acto a todas las personas interesadas y que deseen colaborar por UNA SANIDAD P\u00daBLICA que merecemos. <\/p>\n\n\n\n<p><strong>Fecha: Martes 11 de febrero de 2025<br \/>Hora: De 18:00 a 20:00<br \/>Lugar: Sala de exposiciones del Centro Cultural Medina Elvira, Atarfe<\/strong><\/p>\n\n\n\n<figure class=\"wp-block-image size-large\"><img data-recalc-dims=\"1\" loading=\"lazy\" decoding=\"async\" width=\"640\" height=\"640\" src=\"https:\/\/i0.wp.com\/miradordeatarfe.es\/wp-content\/uploads\/2025\/02\/Imagen-de-WhatsApp-2025-02-05-a-las-16.22.17_4139bcea.jpg?resize=640%2C640&#038;ssl=1\" alt=\"\" class=\"wp-image-74633\" srcset=\"https:\/\/i0.wp.com\/miradordeatarfe.es\/wp-content\/uploads\/2025\/02\/Imagen-de-WhatsApp-2025-02-05-a-las-16.22.17_4139bcea.jpg?resize=1024%2C1024&amp;ssl=1 1024w, https:\/\/i0.wp.com\/miradordeatarfe.es\/wp-content\/uploads\/2025\/02\/Imagen-de-WhatsApp-2025-02-05-a-las-16.22.17_4139bcea.jpg?resize=300%2C300&amp;ssl=1 300w, https:\/\/i0.wp.com\/miradordeatarfe.es\/wp-content\/uploads\/2025\/02\/Imagen-de-WhatsApp-2025-02-05-a-las-16.22.17_4139bcea.jpg?resize=150%2C150&amp;ssl=1 150w, https:\/\/i0.wp.com\/miradordeatarfe.es\/wp-content\/uploads\/2025\/02\/Imagen-de-WhatsApp-2025-02-05-a-las-16.22.17_4139bcea.jpg?resize=768%2C768&amp;ssl=1 768w, https:\/\/i0.wp.com\/miradordeatarfe.es\/wp-content\/uploads\/2025\/02\/Imagen-de-WhatsApp-2025-02-05-a-las-16.22.17_4139bcea.jpg?resize=1536%2C1536&amp;ssl=1 1536w, https:\/\/i0.wp.com\/miradordeatarfe.es\/wp-content\/uploads\/2025\/02\/Imagen-de-WhatsApp-2025-02-05-a-las-16.22.17_4139bcea.jpg?resize=1320%2C1320&amp;ssl=1 1320w, https:\/\/i0.wp.com\/miradordeatarfe.es\/wp-content\/uploads\/2025\/02\/Imagen-de-WhatsApp-2025-02-05-a-las-16.22.17_4139bcea.jpg?w=1600&amp;ssl=1 1600w\" sizes=\"auto, (max-width: 640px) 100vw, 640px\" \/><\/figure>\n\n\n\n\n","protected":false},"excerpt":{"rendered":"<p>TENDR\u00c1 LUGAR EL MARTES 11 DE FEBRERO DE 2025 A LAS 18H EN LA SALA&#8230;<\/p>\n","protected":false},"author":1,"featured_media":74634,"comment_status":"closed","ping_status":"closed","sticky":false,"template":"","format":"standard","meta":{"_coblocks_attr":"","_coblocks_dimensions":"","_coblocks_responsive_height":"","_coblocks_accordion_ie_support":"","jetpack_post_was_ever_published":false,"_jetpack_newsletter_access":"","_jetpack_dont_email_post_to_subs":false,"_jetpack_newsletter_tier_id":0,"_jetpack_memberships_contains_paywalled_content":false,"_jetpack_memberships_contains_paid_content":false,"footnotes":"","jetpack_publicize_message":"","jetpack_publicize_feature_enabled":true,"jetpack_social_post_already_shared":true,"jetpack_social_options":{"image_generator_settings":{"template":"highway","default_image_id":0,"enabled":false},"version":2}},"categories":[186,44,10805,10],"tags":[],"class_list":["post-74632","post","type-post","status-publish","format-standard","has-post-thumbnail","hentry","category-instituciones","category-noticias-de-hoy","category-plataforma-por-la-sanidad-de-atarfe","category-salud"],"jetpack_publicize_connections":[],"jetpack_featured_media_url":"https:\/\/i0.wp.com\/miradordeatarfe.es\/wp-content\/uploads\/2025\/02\/Imagen-de-WhatsApp-2025-01-23-a-las-19.14.05_855f8723.jpg?fit=800%2C538&ssl=1","jetpack_likes_enabled":true,"jetpack_sharing_enabled":true,"_links":{"self":[{"href":"https:\/\/miradordeatarfe.es\/index.php?rest_route=\/wp\/v2\/posts\/74632","targetHints":{"allow":["GET"]}}],"collection":[{"href":"https:\/\/miradordeatarfe.es\/index.php?rest_route=\/wp\/v2\/posts"}],"about":[{"href":"https:\/\/miradordeatarfe.es\/index.php?rest_route=\/wp\/v2\/types\/post"}],"author":[{"embeddable":true,"href":"https:\/\/miradordeatarfe.es\/index.php?rest_route=\/wp\/v2\/users\/1"}],"replies":[{"embeddable":true,"href":"https:\/\/miradordeatarfe.es\/index.php?rest_route=%2Fwp%2Fv2%2Fcomments&post=74632"}],"version-history":[{"count":2,"href":"https:\/\/miradordeatarfe.es\/index.php?rest_route=\/wp\/v2\/posts\/74632\/revisions"}],"predecessor-version":[{"id":74637,"href":"https:\/\/miradordeatarfe.es\/index.php?rest_route=\/wp\/v2\/posts\/74632\/revisions\/74637"}],"wp:featuredmedia":[{"embeddable":true,"href":"https:\/\/miradordeatarfe.es\/index.php?rest_route=\/wp\/v2\/media\/74634"}],"wp:attachment":[{"href":"https:\/\/miradordeatarfe.es\/index.php?rest_route=%2Fwp%2Fv2%2Fmedia&parent=74632"}],"wp:term":[{"taxonomy":"category","embeddable":true,"href":"https:\/\/miradordeatarfe.es\/index.php?rest_route=%2Fwp%2Fv2%2Fcategories&post=74632"},{"taxonomy":"post_tag","embeddable":true,"href":"https:\/\/miradordeatarfe.es\/index.php?rest_route=%2Fwp%2Fv2%2Ftags&post=74632"}],"curies":[{"name":"wp","href":"https:\/\/api.w.org\/{rel}","templated":true}]}}