{"id":74768,"date":"2025-02-19T11:20:00","date_gmt":"2025-02-19T10:20:00","guid":{"rendered":"https:\/\/miradordeatarfe.es\/?p=74768"},"modified":"2025-02-19T13:16:17","modified_gmt":"2025-02-19T12:16:17","slug":"atarfe-reivindica-la-mejora-de-la-sanidad-publica","status":"publish","type":"post","link":"https:\/\/miradordeatarfe.es\/?p=74768","title":{"rendered":"Atarfe reivindica la mejora de la sanidad p\u00fablica"},"content":{"rendered":"\n<p><strong>Un centenar de personas asistieron en el Centro Cultural Medina Elvira a la charla sobre la situaci\u00f3n de la sanidad p\u00fablica en Andaluc\u00eda que organiz\u00f3 la Plataforma Local en Defensa de la Sanidad P\u00fablica en Atarfe.<\/strong>&nbsp;<\/p>\n\n\n\n<p class=\"has-large-font-size\">\u201cHay que pasar de quejarse a reivindicar la mejora de la atenci\u00f3n sanitaria p\u00fablica\u201d<\/p>\n\n\n\n<p>La charla fue impartida por miembros de la Mesa en Defensa de la Sanidad P\u00fablica de Granada, <strong>Marta Garc\u00eda Caballos y Juan Lu\u00eds Camacho Reina<\/strong>, en la que explicaron de forma muy did\u00e1ctica la situaci\u00f3n de la Sanidad p\u00fablica en Andaluc\u00eda como consecuencia de algunas de las pr\u00e1cticas de la Junta en los \u00faltimos a\u00f1os. \u00abEl primero de los factores es la financiaci\u00f3n y la derivaci\u00f3n a la sanidad privada de muchos de los recursos econ\u00f3micos p\u00fablicos\u00bb, informa en una nota la plataforma local.<\/p>\n\n\n\n<p>\u00abOtros de los factores es la precariedad en la contrataci\u00f3n de los profesionales sanitarios que provocan la desmotivaci\u00f3n de los empleados p\u00fablicos que \u201cnos tienen que cuidar\u201d: \u00abcontratos de un mes, saturaci\u00f3n de consultas, falta de transparencia, infrautilizaci\u00f3n&nbsp; de las instalaciones sanitarias p\u00fablicas\u2026todo ello provoca que muchos de estos profesionales opten por irse a otras regiones o pa\u00edses\u00bb.&nbsp;<\/p>\n\n\n\n<p>\u00abLa mala planificaci\u00f3n y gesti\u00f3n de los recursos provocan una atenci\u00f3n deficiente a los usuarios de la sanidad p\u00fablica que no consiguen cita para la atenci\u00f3n primaria o especialistas por estar las agendas cerradas, no todos los pacientes tienen competencia digital para gestionar citas de forma telem\u00e1tica o simplemente las l\u00edneas telef\u00f3nicas de \u201cSalud reponde\u201d no funcionan, form\u00e1ndose colas de usuarios&nbsp; en los mostradores de los administrativos\u00bb.<\/p>\n\n\n\n<figure class=\"wp-block-image size-large\"><img data-recalc-dims=\"1\" loading=\"lazy\" decoding=\"async\" width=\"640\" height=\"640\" src=\"https:\/\/i0.wp.com\/miradordeatarfe.es\/wp-content\/uploads\/2025\/02\/Imagen-de-WhatsApp-2025-02-15-a-las-12.53.59_81f21bf9.jpg?resize=640%2C640&#038;ssl=1\" alt=\"\" class=\"wp-image-74792\" srcset=\"https:\/\/i0.wp.com\/miradordeatarfe.es\/wp-content\/uploads\/2025\/02\/Imagen-de-WhatsApp-2025-02-15-a-las-12.53.59_81f21bf9.jpg?resize=1024%2C1024&amp;ssl=1 1024w, https:\/\/i0.wp.com\/miradordeatarfe.es\/wp-content\/uploads\/2025\/02\/Imagen-de-WhatsApp-2025-02-15-a-las-12.53.59_81f21bf9.jpg?resize=300%2C300&amp;ssl=1 300w, https:\/\/i0.wp.com\/miradordeatarfe.es\/wp-content\/uploads\/2025\/02\/Imagen-de-WhatsApp-2025-02-15-a-las-12.53.59_81f21bf9.jpg?resize=150%2C150&amp;ssl=1 150w, https:\/\/i0.wp.com\/miradordeatarfe.es\/wp-content\/uploads\/2025\/02\/Imagen-de-WhatsApp-2025-02-15-a-las-12.53.59_81f21bf9.jpg?resize=768%2C768&amp;ssl=1 768w, https:\/\/i0.wp.com\/miradordeatarfe.es\/wp-content\/uploads\/2025\/02\/Imagen-de-WhatsApp-2025-02-15-a-las-12.53.59_81f21bf9.jpg?w=1080&amp;ssl=1 1080w\" sizes=\"auto, (max-width: 640px) 100vw, 640px\" \/><\/figure>\n\n\n\n<p>\u201cHay que pasar de quejarse a reivindicar la mejora de la atenci\u00f3n sanitaria p\u00fablica\u201d, as\u00ed animaron al p\u00fablico asistente de forma individual rellenando las hojas de reclamaciones que se tienen en los Centros de Salud o centros hospitalarios.<\/p>\n\n\n\n<p>\u00abDe forma colectiva organiz\u00e1ndose en Plataformas en Defensa de la sanidad P\u00fablica que a su vez se coordinen a nivel provincial y auton\u00f3mica, organizando sesiones formativas, actos reivindicativos, recogida de firmas y&nbsp; todo aquello que se nos ocurra para que las Autoridades Sanitarias piensen y garanticen el derecho&nbsp; a la Salud de todas las personas de&nbsp; Andaluc\u00eda\u00bb.<\/p>\n\n\n\n<p><strong>INDEGRANADA<\/strong><\/p>\n\n\n\n<p>FOTO\u00b4:Atarfe reivindica la mejora de la sanidad p\u00fablica<\/p>\n\n\n\n<p>http:\/\/www.elindependientedegranada.es\/ciudadania\/atarfe-reivindica-mejora-sanidad-publica<\/p>\n","protected":false},"excerpt":{"rendered":"<p>Un centenar de personas asistieron en el Centro Cultural Medina Elvira a la charla sobre&#8230;<\/p>\n","protected":false},"author":1,"featured_media":74770,"comment_status":"closed","ping_status":"closed","sticky":false,"template":"","format":"standard","meta":{"_coblocks_attr":"","_coblocks_dimensions":"","_coblocks_responsive_height":"","_coblocks_accordion_ie_support":"","jetpack_post_was_ever_published":false,"_jetpack_newsletter_access":"","_jetpack_dont_email_post_to_subs":false,"_jetpack_newsletter_tier_id":0,"_jetpack_memberships_contains_paywalled_content":false,"_jetpack_memberships_contains_paid_content":false,"footnotes":"","jetpack_publicize_message":"","jetpack_publicize_feature_enabled":true,"jetpack_social_post_already_shared":true,"jetpack_social_options":{"image_generator_settings":{"template":"highway","default_image_id":0,"enabled":false},"version":2}},"categories":[1161,186,44,10802,10],"tags":[],"class_list":["post-74768","post","type-post","status-publish","format-standard","has-post-thumbnail","hentry","category-ciudadania","category-instituciones","category-noticias-de-hoy","category-plataforma-por-la-sanidad-de-ataref","category-salud"],"jetpack_publicize_connections":[],"jetpack_featured_media_url":"https:\/\/i0.wp.com\/miradordeatarfe.es\/wp-content\/uploads\/2025\/02\/PHOTO-2025-02-12-13-40-04.jpg?fit=1600%2C1200&ssl=1","jetpack_likes_enabled":true,"jetpack_sharing_enabled":true,"_links":{"self":[{"href":"https:\/\/miradordeatarfe.es\/index.php?rest_route=\/wp\/v2\/posts\/74768","targetHints":{"allow":["GET"]}}],"collection":[{"href":"https:\/\/miradordeatarfe.es\/index.php?rest_route=\/wp\/v2\/posts"}],"about":[{"href":"https:\/\/miradordeatarfe.es\/index.php?rest_route=\/wp\/v2\/types\/post"}],"author":[{"embeddable":true,"href":"https:\/\/miradordeatarfe.es\/index.php?rest_route=\/wp\/v2\/users\/1"}],"replies":[{"embeddable":true,"href":"https:\/\/miradordeatarfe.es\/index.php?rest_route=%2Fwp%2Fv2%2Fcomments&post=74768"}],"version-history":[{"count":2,"href":"https:\/\/miradordeatarfe.es\/index.php?rest_route=\/wp\/v2\/posts\/74768\/revisions"}],"predecessor-version":[{"id":74793,"href":"https:\/\/miradordeatarfe.es\/index.php?rest_route=\/wp\/v2\/posts\/74768\/revisions\/74793"}],"wp:featuredmedia":[{"embeddable":true,"href":"https:\/\/miradordeatarfe.es\/index.php?rest_route=\/wp\/v2\/media\/74770"}],"wp:attachment":[{"href":"https:\/\/miradordeatarfe.es\/index.php?rest_route=%2Fwp%2Fv2%2Fmedia&parent=74768"}],"wp:term":[{"taxonomy":"category","embeddable":true,"href":"https:\/\/miradordeatarfe.es\/index.php?rest_route=%2Fwp%2Fv2%2Fcategories&post=74768"},{"taxonomy":"post_tag","embeddable":true,"href":"https:\/\/miradordeatarfe.es\/index.php?rest_route=%2Fwp%2Fv2%2Ftags&post=74768"}],"curies":[{"name":"wp","href":"https:\/\/api.w.org\/{rel}","templated":true}]}}