{"id":74786,"date":"2025-02-16T12:36:34","date_gmt":"2025-02-16T11:36:34","guid":{"rendered":"https:\/\/miradordeatarfe.es\/?p=74786"},"modified":"2025-02-17T12:47:54","modified_gmt":"2025-02-17T11:47:54","slug":"esas-pequenas-cosas-granada-hace-100-anos-por-carmen-morente","status":"publish","type":"post","link":"https:\/\/miradordeatarfe.es\/?p=74786","title":{"rendered":"ESAS PEQUE\u00d1AS COSAS: \u00abGranada hace 100 a\u00f1os\u00bb por Carmen Morente"},"content":{"rendered":"\n<p class=\"has-medium-font-size\"><strong>El pasado 6 de febrero tuvo lugar en el Centro P\u00fablico de Educaci\u00f3n de Personas Adultas \u201cMariana Pineda\u201d de Atarfe una charla impartida por nuestro vecino Roque Hidalgo \u00c1lvarez quien, bajo este t\u00edtulo arriba indicado, explic\u00f3 a las muchas personas que acudieron c\u00f3mo era la ciudad de Granada y su provincia hace 100 a\u00f1os. Justo hace ese tiempo en Espa\u00f1a se viv\u00eda bajo la dictadura de Primo de Rivera y Orbaneja. <\/strong><\/p>\n\n\n\n<p>Por lo tanto tambi\u00e9n nos explic\u00f3 qu\u00e9 condiciones llevaron al golpe militar de 1923, los objetivos declarados y no declarados del golpe que se produjo el 13 de septiembre de dicho a\u00f1o en Catalu\u00f1a y se extendi\u00f3 con rapidez por todo el pa\u00eds; c\u00f3mo fue recibido en la ciudad de Granada y los l\u00edmites de la llamada \u201cmodernizaci\u00f3n autoritaria\u201d que la dictadura con rey pregonaba.<\/p>\n\n\n\n<p>Las y los asistentes aguantaron con paciencia, durante hora y media, las explicaciones de Roque, llenas de detalles y an\u00e9cdotas de la ciudad de Granada y de su entorno, la Vega, donde se encuentra Atarfe, municipio al que dedic\u00f3 su tiempo por su importancia en la industrializaci\u00f3n que conllev\u00f3 el cultivo de la remolacha azucarera y la implantaci\u00f3n de industrias tan novedosas como la cementera \u201cPorlant\u201d, cuya propietaria era una mujer, Dolores Pozo Romero.<\/p>\n\n\n\n<p>La \u00e9lite estaba cambiando, se pasaba de un poder basado en la propiedad de la tierra en manos de las familias aristocr\u00e1ticas a una \u00e9lite m\u00e1s industrial y comercial. Roque habl\u00f3 de los pormenores de la creaci\u00f3n de Cervezas Alhambra, del Tranv\u00eda de la Sierra, de la multitud de empresas productoras de energ\u00eda el\u00e9ctrica que se crearon, y de los inicios de la industria tur\u00edstica que el Duque San Pedro de Galatino impuls\u00f3 de manera decidida.<\/p>\n\n\n\n<p>El pueblo, sin embargo, viv\u00eda bajo condiciones paup\u00e9rrimas, siendo una de las primeras medidas de las autoridades dictatoriales bajar el salario de los y las trabajadoras agr\u00edcolas, garantizando as\u00ed la extracci\u00f3n de plusval\u00edas sin necesidad de abordar la tecnificaci\u00f3n del campo. La mayor\u00eda de los grandes propietarios viv\u00edan en Madrid y los beneficios extra\u00eddos iban a parar directamente a los bancos que promov\u00edan la industrializaci\u00f3n en lugares alejados de la producci\u00f3n agr\u00edcola, como Catalu\u00f1a o el Pa\u00eds Vasco. Para evitar la contestaci\u00f3n social la dictadura tuvo la genialidad de exportar desde Catalu\u00f1a al Somat\u00e9n, un cuerpo paramilitar que pon\u00eda \u201corden\u201d en los campos. Aunque solo ilegaliz\u00f3 al PCE, que era entonces un peque\u00f1o partido, hostig\u00f3 a la CNT hasta llevarla a la clandestinidad. La Confederaci\u00f3n Nacional de Trabajadores era la central mayoritaria en la ciudad de Granada, y la UGT en los pueblos.<\/p>\n\n\n\n<p>No exist\u00eda el derecho a la sanidad p\u00fablica, ni a la ense\u00f1anza; la jornada laboral no estaba regulada, tampoco el debido descanso semanal o anual, ni el seguro de paro ni el derecho a las pensiones. Las gentes viv\u00edan hacinadas en la ciudad de Granada que hab\u00eda aumentado de forma escandalosa su n\u00famero de habitantes sin que se produjera ning\u00fan aumento habitacional. El \u201cvulgo, los pobres y menesterosos\u201d se hacinaban principalmente en los barrios de San Ildefonso y el Albayz\u00edn, lugares donde se produc\u00edan las epidemias de brucelosis o de tifus y donde enfermedades como la tuberculosis eran end\u00e9micas. En ning\u00fan municipio de nuestra provincia exist\u00eda red de aguas potables ni de saneamiento adecuadas, lo cual provocaba brotes de la llamada \u201cdiarrea granadina\u201d, una infecci\u00f3n provocada por la bacteria echerichia coli. Roque nos cont\u00f3 cu\u00e1ntas sirvientas y sirvientes ten\u00edan los arist\u00f3cratas granadinos, las condiciones de trabajo y el salario; la procedencia de las sirvientas, casi todas llegaban desde los pueblos de la Vega, incluido Atarfe.<\/p>\n\n\n\n<p>Mientras estas cosas ocurr\u00edan, en Granada se abr\u00edan cines y nuevos hoteles y muchos comercios e industrias se denominaban como \u201cmodernas\u201d, al impuso de la electrificaci\u00f3n, la telefon\u00eda y otros adelantos que hasta aqu\u00ed llegaban. Los comerciantes un\u00edan sus organizaciones para hacer m\u00e1s fuerza, llegando a celebrar la primera Feria de Muestras, en 1924, que fue todo un \u00e9xito, aunque no cont\u00f3 con apoyo ninguno del ayuntamiento dictatorial, cuyo alcalde era el marqu\u00e9s de Casablanca, due\u00f1o de los t\u00e9rminos municipales de Deifontes y Olivares.<\/p>\n\n\n\n<p>Todas estas cosas, y algunas m\u00e1s, nos explic\u00f3 Roque, quien se ayud\u00f3 con fotograf\u00edas de la \u00e9poca.<\/p>\n\n\n\n<p>Fue una tarde extraordinaria para nosotros, pues pudimos reencontrarnos con viejos conocidos de nuestro pueblo; visitar las instalaciones de la Escuela de Adultos y compartir el conocimiento con nuestras vecinas y nuestros vecinos, quienes tuvieron una actitud muy receptiva, seguramente porque muchas de las cosas que Roque nos explic\u00f3 las vivieron sus padres o madres, o la generaci\u00f3n de sus abuelos o abuelas.<\/p>\n\n\n\n<p><em>Esas peque\u00f1as cosas <\/em>que hacen pueblo, y que tenemos que agradecer al maestro Antonio Requena G\u00f3mez y a la Asociaci\u00f3n de Alumn@s \u201cAntonio Machado\u201d.<em><\/em><\/p>\n\n\n\n<p>Carmen Morente<\/p>\n\n\n\n<figure class=\"wp-block-image size-large\"><img data-recalc-dims=\"1\" loading=\"lazy\" decoding=\"async\" width=\"640\" height=\"482\" src=\"https:\/\/i0.wp.com\/miradordeatarfe.es\/wp-content\/uploads\/2025\/02\/IMG20250206163517.jpg?resize=640%2C482&#038;ssl=1\" alt=\"\" class=\"wp-image-74789\" srcset=\"https:\/\/i0.wp.com\/miradordeatarfe.es\/wp-content\/uploads\/2025\/02\/IMG20250206163517-scaled.jpg?resize=1024%2C771&amp;ssl=1 1024w, https:\/\/i0.wp.com\/miradordeatarfe.es\/wp-content\/uploads\/2025\/02\/IMG20250206163517-scaled.jpg?resize=300%2C226&amp;ssl=1 300w, https:\/\/i0.wp.com\/miradordeatarfe.es\/wp-content\/uploads\/2025\/02\/IMG20250206163517-scaled.jpg?resize=768%2C578&amp;ssl=1 768w, https:\/\/i0.wp.com\/miradordeatarfe.es\/wp-content\/uploads\/2025\/02\/IMG20250206163517-scaled.jpg?resize=1536%2C1157&amp;ssl=1 1536w, https:\/\/i0.wp.com\/miradordeatarfe.es\/wp-content\/uploads\/2025\/02\/IMG20250206163517-scaled.jpg?resize=2048%2C1542&amp;ssl=1 2048w, https:\/\/i0.wp.com\/miradordeatarfe.es\/wp-content\/uploads\/2025\/02\/IMG20250206163517-scaled.jpg?resize=1320%2C994&amp;ssl=1 1320w, https:\/\/i0.wp.com\/miradordeatarfe.es\/wp-content\/uploads\/2025\/02\/IMG20250206163517-scaled.jpg?w=1920&amp;ssl=1 1920w\" sizes=\"auto, (max-width: 640px) 100vw, 640px\" \/><\/figure>\n\n\n\n<figure class=\"wp-block-image size-large\"><img data-recalc-dims=\"1\" loading=\"lazy\" decoding=\"async\" width=\"640\" height=\"482\" src=\"https:\/\/i0.wp.com\/miradordeatarfe.es\/wp-content\/uploads\/2025\/02\/IMG20250206163435.jpg?resize=640%2C482&#038;ssl=1\" alt=\"\" class=\"wp-image-74788\" srcset=\"https:\/\/i0.wp.com\/miradordeatarfe.es\/wp-content\/uploads\/2025\/02\/IMG20250206163435-scaled.jpg?resize=1024%2C771&amp;ssl=1 1024w, https:\/\/i0.wp.com\/miradordeatarfe.es\/wp-content\/uploads\/2025\/02\/IMG20250206163435-scaled.jpg?resize=300%2C226&amp;ssl=1 300w, https:\/\/i0.wp.com\/miradordeatarfe.es\/wp-content\/uploads\/2025\/02\/IMG20250206163435-scaled.jpg?resize=768%2C578&amp;ssl=1 768w, https:\/\/i0.wp.com\/miradordeatarfe.es\/wp-content\/uploads\/2025\/02\/IMG20250206163435-scaled.jpg?resize=1536%2C1157&amp;ssl=1 1536w, https:\/\/i0.wp.com\/miradordeatarfe.es\/wp-content\/uploads\/2025\/02\/IMG20250206163435-scaled.jpg?resize=2048%2C1542&amp;ssl=1 2048w, https:\/\/i0.wp.com\/miradordeatarfe.es\/wp-content\/uploads\/2025\/02\/IMG20250206163435-scaled.jpg?resize=1320%2C994&amp;ssl=1 1320w, https:\/\/i0.wp.com\/miradordeatarfe.es\/wp-content\/uploads\/2025\/02\/IMG20250206163435-scaled.jpg?w=1920&amp;ssl=1 1920w\" sizes=\"auto, (max-width: 640px) 100vw, 640px\" \/><figcaption class=\"wp-element-caption\">oplus_131072<\/figcaption><\/figure>\n","protected":false},"excerpt":{"rendered":"<p>El pasado 6 de febrero tuvo lugar en el Centro P\u00fablico de Educaci\u00f3n de Personas&#8230;<\/p>\n","protected":false},"author":1,"featured_media":74787,"comment_status":"closed","ping_status":"closed","sticky":false,"template":"","format":"standard","meta":{"_coblocks_attr":"","_coblocks_dimensions":"","_coblocks_responsive_height":"","_coblocks_accordion_ie_support":"","jetpack_post_was_ever_published":false,"_jetpack_newsletter_access":"","_jetpack_dont_email_post_to_subs":false,"_jetpack_newsletter_tier_id":0,"_jetpack_memberships_contains_paywalled_content":false,"_jetpack_memberships_contains_paid_content":false,"footnotes":"","jetpack_publicize_message":"","jetpack_publicize_feature_enabled":true,"jetpack_social_post_already_shared":true,"jetpack_social_options":{"image_generator_settings":{"template":"highway","default_image_id":0,"enabled":false},"version":2}},"categories":[10707,187,1225,186,44],"tags":[],"class_list":["post-74786","post","type-post","status-publish","format-standard","has-post-thumbnail","hentry","category-la-opinion-de-carmen-morente","category-centros-educativos","category-ha-de-atarfe","category-instituciones","category-noticias-de-hoy"],"jetpack_publicize_connections":[],"jetpack_featured_media_url":"https:\/\/i0.wp.com\/miradordeatarfe.es\/wp-content\/uploads\/2025\/02\/IMG20250206163425-scaled.jpg?fit=2560%2C1928&ssl=1","jetpack_likes_enabled":true,"jetpack_sharing_enabled":true,"_links":{"self":[{"href":"https:\/\/miradordeatarfe.es\/index.php?rest_route=\/wp\/v2\/posts\/74786","targetHints":{"allow":["GET"]}}],"collection":[{"href":"https:\/\/miradordeatarfe.es\/index.php?rest_route=\/wp\/v2\/posts"}],"about":[{"href":"https:\/\/miradordeatarfe.es\/index.php?rest_route=\/wp\/v2\/types\/post"}],"author":[{"embeddable":true,"href":"https:\/\/miradordeatarfe.es\/index.php?rest_route=\/wp\/v2\/users\/1"}],"replies":[{"embeddable":true,"href":"https:\/\/miradordeatarfe.es\/index.php?rest_route=%2Fwp%2Fv2%2Fcomments&post=74786"}],"version-history":[{"count":1,"href":"https:\/\/miradordeatarfe.es\/index.php?rest_route=\/wp\/v2\/posts\/74786\/revisions"}],"predecessor-version":[{"id":74790,"href":"https:\/\/miradordeatarfe.es\/index.php?rest_route=\/wp\/v2\/posts\/74786\/revisions\/74790"}],"wp:featuredmedia":[{"embeddable":true,"href":"https:\/\/miradordeatarfe.es\/index.php?rest_route=\/wp\/v2\/media\/74787"}],"wp:attachment":[{"href":"https:\/\/miradordeatarfe.es\/index.php?rest_route=%2Fwp%2Fv2%2Fmedia&parent=74786"}],"wp:term":[{"taxonomy":"category","embeddable":true,"href":"https:\/\/miradordeatarfe.es\/index.php?rest_route=%2Fwp%2Fv2%2Fcategories&post=74786"},{"taxonomy":"post_tag","embeddable":true,"href":"https:\/\/miradordeatarfe.es\/index.php?rest_route=%2Fwp%2Fv2%2Ftags&post=74786"}],"curies":[{"name":"wp","href":"https:\/\/api.w.org\/{rel}","templated":true}]}}