{"id":74857,"date":"2025-02-21T10:26:00","date_gmt":"2025-02-21T09:26:00","guid":{"rendered":"https:\/\/miradordeatarfe.es\/?p=74857"},"modified":"2025-02-20T17:35:06","modified_gmt":"2025-02-20T16:35:06","slug":"artesanos-para-el-siglo-xxi-i-por-bernardo-sanchez","status":"publish","type":"post","link":"https:\/\/miradordeatarfe.es\/?p=74857","title":{"rendered":"Artesanos para el siglo XXI (I) por Bernardo S\u00e1nchez"},"content":{"rendered":"\n<p>En nuestro pa\u00eds la artesan\u00eda tuvo un buen momento en el que muchos de nosotros nos incorporamos atra\u00eddos por las ideas de recuperar nuestras ra\u00edces y escapar de la sociedad de consumo que poco a poco hab\u00eda puesto la artesan\u00eda de moda, los aspectos \u00e9tnicos de nuestras tradiciones. <\/p>\n\n\n\n<p>Y desde las esferas del Gobierno se apoy\u00f3 el asociacionismo y las Ferias Nacionales y Regionales de artesan\u00eda. Con la inminente entrada de nuestro pa\u00eds en la C.E.E.,entre el 88 y el 92, no solamente se sigue apoyando ala artesan\u00eda, sino que se ve una importante alternativade creaci\u00f3n de empleo, ofreci\u00e9ndose una serie de subvenciones a la carta, directas e indirectas, y si ten\u00edas un proyecto interesante, te lo .pod\u00edan financiar de diversas maneras. <\/p>\n\n\n\n<p>En definitiva, era un buen momento para comenzar o modernizar tu taller. Pero todo esto no nos servir\u00eda de nada, si la base sobre la que se sustenta nuestra peque\u00f1a econom\u00eda -la comercializaci\u00f3n-, no se mejoraba.<\/p>\n\n\n\n<p>Porque lleg\u00f3 el 93 y ya no se hablaba m\u00e1s que de crisis, el poder adquisitivo disminuye considerablemente y donde m\u00e1s se va a notar es en el sector del regalo; encima, el ciclo de moda de la artesan\u00eda ha tocado su fin, unido a una cierta saturaci\u00f3n en el mercado de productos de mala calidad. Pero lo que m\u00e1s da\u00f1o va a hacer a nuestro incipiente sector, es el que se abran las puertas de par en par al \u00abTodo a 100\u00bb, con productos provenientes en su mayor\u00eda del mercado asi\u00e1tico, artesanales sin duda, pero donde el valor de la mano de obra parece no existir. Y la responsabilidad de este hecho corresponde a los \u00f3rganos del Gobierno tanto nacionales como comunitarios, ya que de pronto parecen olvidar que existimos, y no gravan con unos aranceles adecuados, que hagan frenar la invasi\u00f3n a la que nos hemos visto sometidos.<\/p>\n\n\n\n<p> En estos \u00faltimos a\u00f1os, seg\u00fan fuentes reconocidas, se cerraron el 40% de los talleres artesanales. Tras hacer este peque\u00f1o repaso, nos cabe ver cual es el momento presente, y nuestras posibilidades de futuro.<\/p>\n\n\n\n<p>Pues bien, el espectro de los talleres supervivientes es:<\/p>\n\n\n\n<p>-Talleres de producci\u00f3n de objetos normales de consumo, que todav\u00eda mantienen una encarnizada lucha con los art\u00edculos que nos invaden. Peque\u00f1as empresas familiares, muchas veces, sumergidas; cuya lucha por la subsistencia llega a ser extenuante.<\/p>\n\n\n\n<p>-Talleres de producci\u00f3n de objetos ligados a la tradici\u00f3n, cuyo sentido est\u00e1 centrado en la conservaci\u00f3n y transmisi\u00f3n de \u00e9sta. Dentro de estos se pueden distinguir, peque\u00f1os talleres de artesanos de tradici\u00f3n familiar, verdaderas reliquias del saber popular y de nuestro patrimonio cultural. Y peque\u00f1as empresas artesanas, que partiendo de ese conocimiento, se han sabido adaptar a las necesidades del mercado y elaboran un producto de alta calidad basado en las tradiciones culturales locales.<\/p>\n\n\n\n<p>-Artistas artesanos, cuyo trabajo incide m\u00e1s en la innovaci\u00f3n de dise\u00f1o y en los materiales utilizados en la producci\u00f3n. Campo de trabajo donde la industria no puede llegar y donde pocos logran destacar dado que \u00e9ste exige un alto grado de conocimientos tanto en las necesidades del mercado, como de los materiales y los avances tecnol\u00f3gicos.<\/p>\n\n\n\n<p>En el contexto socioecon\u00f3mico actual, cabe la pregunta de si la artesan\u00eda tiene futuro o estamos perdiendo el tiempo. Hagamos una reflexi\u00f3n; baste con-ojear dos d\u00edas seguidos los diarios para extraer las grandes preocupaciones sociales de nuestro tiempo:<\/p>\n\n\n\n<p>-El desempleo.<\/p>\n\n\n\n<p>-La degradaci\u00f3n del medio ambiente.<\/p>\n\n\n\n<p>-La p\u00e9rdida de valores humanos.<\/p>\n\n\n\n<p>Y en la base de este an\u00e1lisis, la incapacidad de superaci\u00f3n de estos problemas qu\u00e9 se admiten como end\u00e9micos, la inexistencia de alternativas y la preocupaci\u00f3n por no querer renunciar al llamado estado de bienestar.<\/p>\n\n\n\n<p>No hace falta ser muy l\u00facido, para observar que el terreno de la artesan\u00eda, no solamente es la aut\u00e9ntica expresi\u00f3n de las tradiciones vivas del ser humano sino que representa lo que ahora se empieza a llamar modelo de desarrollo sostenido, es decir algo que permite que el medio ambiente se regenere por s\u00ed mismo, que adem\u00e1s posee la rara capacidad de generar empleo porque la maquinaria que emplea son seres humanos, que contribuye a generar riqueza sin grandes inversiones y por si fuera poco contribuye a la formaci\u00f3n de seres humanos con una base \u00e9tico-profesional hoy por desgracia en desuso.<\/p>\n\n\n\n<p>Y no faltos de visi\u00f3n, en la reuni\u00f3n de expertos que organiz\u00f3 la UNESCO y la OIT de Par\u00eds el 25 y 26 de febrero de 1993, se elaboraron una serie de propuestas concretas. No puedo transcribir el contenido de todas las propuestas, por lo que se\u00f1alar\u00e9 s\u00f3lo alg\u00fan aspecto:<\/p>\n\n\n\n<p><em>Propuesta n\u00b0 2:<\/em> \u00abLos artesanos utilizan sensatamente los recursos, ya sean renovables o no\u00bb. \u00abPor lo menos el 5% de los fondos destinados a los programas ambientales deber\u00e1 dedicarse al aspecto particular de la preservaci\u00f3n de la artesan\u00eda\u00bb .<\/p>\n\n\n\n<p><em>Propuesta n\u00b0 3:<\/em> \u00abLas administraciones encargadas del desarrollo econ\u00f3mico deber\u00e1n evaluar peri\u00f3dicamente los incentivos que hay que facilitar a este sector .en comparaci\u00f3n con los dem\u00e1s sectores de la econom\u00eda\u00bb.<\/p>\n\n\n\n<p><em>Propuesta n\u00b0 6:<\/em> \u00abPor t\u00e9rmino medio cada artesano debe beneficiarse en el curso de su vida de un m\u00ednimo de una semana de formaci\u00f3n por a\u00f1o\u00bb.<\/p>\n\n\n\n<p><em>Propuesta n\u00b0 7:<\/em> \u00abEn los niveles primario y secundario hay que iniciar a los alumnos en los oficios artesanales, como m\u00ednimo dedicando el 5% del tiempo total de la escolaridad\u00bb.<\/p>\n\n\n\n<p><em>Propuesta n\u00b0 8:<\/em> \u00abToda colectividad que tenga una identidad cultural com\u00fan deber\u00e1 contar con la posibilidad de conservar y revalorizar sus objetos artesanales en el marco de un museo\u00bb.<\/p>\n\n\n\n<p><em>Propuesta n\u00b0 9:<\/em> \u00abEn el fomento de las actividades de turismo cultural, por, ejemplo, habr\u00e1 que proponer itinerarios artesanales, siguiendo el modelo de las Rutas de la Seda o el Camina de los Vidrieros\u00bb.<\/p>\n\n\n\n<p>Creo que estas propuestas hablan suficientemente de cual es el papel que debe desempe\u00f1ar la artesan\u00eda en el futuro. Y que nuestros gobernantes, una vez hayan resuelto los problemas m\u00e1s acuciantes, sepan tomar medidas en este sentido, que nos lleven a poner la artesan\u00eda en el sitio que le corresponde.<\/p>\n\n\n\n<p class=\"has-medium-font-size\"><strong>Art\u00edculo editado por Corporaci\u00f3n de Medios de Andaluc\u00eda y el Ayuntamiento de Atarfe, coordinado por Jos\u00e9 Enrique Granados y tiene por nombre \u00abAtarfe en el papel<\/strong>\u00ab<\/p>\n","protected":false},"excerpt":{"rendered":"<p>En nuestro pa\u00eds la artesan\u00eda tuvo un buen momento en el que muchos de nosotros&#8230;<\/p>\n","protected":false},"author":1,"featured_media":74858,"comment_status":"closed","ping_status":"closed","sticky":false,"template":"","format":"standard","meta":{"_coblocks_attr":"","_coblocks_dimensions":"","_coblocks_responsive_height":"","_coblocks_accordion_ie_support":"","jetpack_post_was_ever_published":false,"_jetpack_newsletter_access":"","_jetpack_dont_email_post_to_subs":false,"_jetpack_newsletter_tier_id":0,"_jetpack_memberships_contains_paywalled_content":false,"_jetpack_memberships_contains_paid_content":false,"footnotes":"","jetpack_publicize_message":"","jetpack_publicize_feature_enabled":true,"jetpack_social_post_already_shared":true,"jetpack_social_options":{"image_generator_settings":{"template":"highway","default_image_id":0,"enabled":false},"version":2}},"categories":[7511,1225,186,9,44],"tags":[],"class_list":["post-74857","post","type-post","status-publish","format-standard","has-post-thumbnail","hentry","category-atarfe-en-papel","category-ha-de-atarfe","category-instituciones","category-medio-ambiente","category-noticias-de-hoy"],"jetpack_publicize_connections":[],"jetpack_featured_media_url":"https:\/\/i0.wp.com\/miradordeatarfe.es\/wp-content\/uploads\/2025\/02\/Captura20250218113345.png?fit=245%2C400&ssl=1","jetpack_likes_enabled":true,"jetpack_sharing_enabled":true,"_links":{"self":[{"href":"https:\/\/miradordeatarfe.es\/index.php?rest_route=\/wp\/v2\/posts\/74857","targetHints":{"allow":["GET"]}}],"collection":[{"href":"https:\/\/miradordeatarfe.es\/index.php?rest_route=\/wp\/v2\/posts"}],"about":[{"href":"https:\/\/miradordeatarfe.es\/index.php?rest_route=\/wp\/v2\/types\/post"}],"author":[{"embeddable":true,"href":"https:\/\/miradordeatarfe.es\/index.php?rest_route=\/wp\/v2\/users\/1"}],"replies":[{"embeddable":true,"href":"https:\/\/miradordeatarfe.es\/index.php?rest_route=%2Fwp%2Fv2%2Fcomments&post=74857"}],"version-history":[{"count":2,"href":"https:\/\/miradordeatarfe.es\/index.php?rest_route=\/wp\/v2\/posts\/74857\/revisions"}],"predecessor-version":[{"id":74860,"href":"https:\/\/miradordeatarfe.es\/index.php?rest_route=\/wp\/v2\/posts\/74857\/revisions\/74860"}],"wp:featuredmedia":[{"embeddable":true,"href":"https:\/\/miradordeatarfe.es\/index.php?rest_route=\/wp\/v2\/media\/74858"}],"wp:attachment":[{"href":"https:\/\/miradordeatarfe.es\/index.php?rest_route=%2Fwp%2Fv2%2Fmedia&parent=74857"}],"wp:term":[{"taxonomy":"category","embeddable":true,"href":"https:\/\/miradordeatarfe.es\/index.php?rest_route=%2Fwp%2Fv2%2Fcategories&post=74857"},{"taxonomy":"post_tag","embeddable":true,"href":"https:\/\/miradordeatarfe.es\/index.php?rest_route=%2Fwp%2Fv2%2Ftags&post=74857"}],"curies":[{"name":"wp","href":"https:\/\/api.w.org\/{rel}","templated":true}]}}