{"id":74919,"date":"2025-02-20T11:28:00","date_gmt":"2025-02-20T10:28:00","guid":{"rendered":"https:\/\/miradordeatarfe.es\/?p=74919"},"modified":"2025-02-20T11:22:22","modified_gmt":"2025-02-20T10:22:22","slug":"atarfe-se-transforma-ayer-se-presentaron-los-proyectos-europeos-que-mostrara-el-futuro-del-municipio","status":"publish","type":"post","link":"https:\/\/miradordeatarfe.es\/?p=74919","title":{"rendered":"\u00a1Atarfe se transforma! Ayer se  presentaron los proyectos europeos que mostrar\u00e1 el futuro del municipio"},"content":{"rendered":"\n<p class=\"has-medium-font-size\"> <strong>Ayer se presentaron ante mas de 100 ciudadanos atarfe\u00f1os el PLAN DE ACTUACI\u00d3N INTEGRADO (PAI) DE ATARFE  dando a  conocer los proyectos que marcar\u00e1n los pr\u00f3ximos a\u00f1os en Atarfe y que pr\u00f3ximamente se podr\u00e1n a la opini\u00f3n de la ciudadan\u00eda.<\/strong><\/p>\n\n\n\n<p>Abrieron el acto, tocando La Vie en rose de Edith Piaf (1.946),<strong> Francisco Javier Lobo (piano) y Roberto Nieto (saxo)<\/strong>, ambos profesores de la Escuela Municipal de M\u00fasica.<\/p>\n\n\n\n<p>Tras dicha actuaci\u00f3n tom\u00f3 la palabra \u00c1ngel Contreras que explic\u00f3 el Plan de actuaci\u00f3n integrada (proyectos directos del ayuntamiento) un t\u00e9cnico de la empresa Dominus encargada de la planificaci\u00f3n de dicho proyecto.<\/p>\n\n\n\n<p>La alcaldesa de Atarfe Yolanda Fern\u00e1ndez describi\u00f3 el Plan de Actuaci\u00f3n Integrada, con los proyectos europeos enmarcados en la Agenda 2030 a los que opta este Ayuntamiento con un presupuesto de mas de 9 millones de euros \u00a1Una oportunidad \u00fanica para transformar Atarfe! <\/p>\n\n\n\n<p>Las lineas de actuaci\u00f3n en 4 ejes:<\/p>\n\n\n\n<figure class=\"wp-block-image size-large\"><img data-recalc-dims=\"1\" loading=\"lazy\" decoding=\"async\" width=\"640\" height=\"301\" src=\"https:\/\/i0.wp.com\/miradordeatarfe.es\/wp-content\/uploads\/2025\/02\/tipos-de-proyectos.jpg?resize=640%2C301&#038;ssl=1\" alt=\"\" class=\"wp-image-74921\" srcset=\"https:\/\/i0.wp.com\/miradordeatarfe.es\/wp-content\/uploads\/2025\/02\/tipos-de-proyectos-scaled.jpg?resize=1024%2C482&amp;ssl=1 1024w, https:\/\/i0.wp.com\/miradordeatarfe.es\/wp-content\/uploads\/2025\/02\/tipos-de-proyectos-scaled.jpg?resize=300%2C141&amp;ssl=1 300w, https:\/\/i0.wp.com\/miradordeatarfe.es\/wp-content\/uploads\/2025\/02\/tipos-de-proyectos-scaled.jpg?resize=768%2C361&amp;ssl=1 768w, https:\/\/i0.wp.com\/miradordeatarfe.es\/wp-content\/uploads\/2025\/02\/tipos-de-proyectos-scaled.jpg?resize=1536%2C723&amp;ssl=1 1536w, https:\/\/i0.wp.com\/miradordeatarfe.es\/wp-content\/uploads\/2025\/02\/tipos-de-proyectos-scaled.jpg?resize=2048%2C963&amp;ssl=1 2048w, https:\/\/i0.wp.com\/miradordeatarfe.es\/wp-content\/uploads\/2025\/02\/tipos-de-proyectos-scaled.jpg?resize=1320%2C621&amp;ssl=1 1320w, https:\/\/i0.wp.com\/miradordeatarfe.es\/wp-content\/uploads\/2025\/02\/tipos-de-proyectos-scaled.jpg?w=1920&amp;ssl=1 1920w\" sizes=\"auto, (max-width: 640px) 100vw, 640px\" \/><\/figure>\n\n\n\n<p>y los proyectos explicados por     fueron los siguientes:<\/p>\n\n\n\n<figure class=\"wp-block-image size-large\"><img data-recalc-dims=\"1\" loading=\"lazy\" decoding=\"async\" width=\"640\" height=\"351\" src=\"https:\/\/i0.wp.com\/miradordeatarfe.es\/wp-content\/uploads\/2025\/02\/actuacion-medio-ambiental.jpg?resize=640%2C351&#038;ssl=1\" alt=\"\" class=\"wp-image-74923\" srcset=\"https:\/\/i0.wp.com\/miradordeatarfe.es\/wp-content\/uploads\/2025\/02\/actuacion-medio-ambiental-scaled.jpg?resize=1024%2C561&amp;ssl=1 1024w, https:\/\/i0.wp.com\/miradordeatarfe.es\/wp-content\/uploads\/2025\/02\/actuacion-medio-ambiental-scaled.jpg?resize=300%2C164&amp;ssl=1 300w, https:\/\/i0.wp.com\/miradordeatarfe.es\/wp-content\/uploads\/2025\/02\/actuacion-medio-ambiental-scaled.jpg?resize=768%2C420&amp;ssl=1 768w, https:\/\/i0.wp.com\/miradordeatarfe.es\/wp-content\/uploads\/2025\/02\/actuacion-medio-ambiental-scaled.jpg?resize=1536%2C841&amp;ssl=1 1536w, https:\/\/i0.wp.com\/miradordeatarfe.es\/wp-content\/uploads\/2025\/02\/actuacion-medio-ambiental-scaled.jpg?resize=2048%2C1121&amp;ssl=1 2048w, https:\/\/i0.wp.com\/miradordeatarfe.es\/wp-content\/uploads\/2025\/02\/actuacion-medio-ambiental-scaled.jpg?resize=1320%2C723&amp;ssl=1 1320w, https:\/\/i0.wp.com\/miradordeatarfe.es\/wp-content\/uploads\/2025\/02\/actuacion-medio-ambiental-scaled.jpg?w=1920&amp;ssl=1 1920w\" sizes=\"auto, (max-width: 640px) 100vw, 640px\" \/><\/figure>\n\n\n\n<figure class=\"wp-block-image size-large\"><img data-recalc-dims=\"1\" loading=\"lazy\" decoding=\"async\" width=\"640\" height=\"385\" src=\"https:\/\/i0.wp.com\/miradordeatarfe.es\/wp-content\/uploads\/2025\/02\/eje-cultural.jpg?resize=640%2C385&#038;ssl=1\" alt=\"\" class=\"wp-image-74922\" srcset=\"https:\/\/i0.wp.com\/miradordeatarfe.es\/wp-content\/uploads\/2025\/02\/eje-cultural-scaled.jpg?resize=1024%2C616&amp;ssl=1 1024w, https:\/\/i0.wp.com\/miradordeatarfe.es\/wp-content\/uploads\/2025\/02\/eje-cultural-scaled.jpg?resize=300%2C180&amp;ssl=1 300w, https:\/\/i0.wp.com\/miradordeatarfe.es\/wp-content\/uploads\/2025\/02\/eje-cultural-scaled.jpg?resize=768%2C462&amp;ssl=1 768w, https:\/\/i0.wp.com\/miradordeatarfe.es\/wp-content\/uploads\/2025\/02\/eje-cultural-scaled.jpg?resize=1536%2C924&amp;ssl=1 1536w, https:\/\/i0.wp.com\/miradordeatarfe.es\/wp-content\/uploads\/2025\/02\/eje-cultural-scaled.jpg?resize=2048%2C1232&amp;ssl=1 2048w, https:\/\/i0.wp.com\/miradordeatarfe.es\/wp-content\/uploads\/2025\/02\/eje-cultural-scaled.jpg?resize=1320%2C794&amp;ssl=1 1320w, https:\/\/i0.wp.com\/miradordeatarfe.es\/wp-content\/uploads\/2025\/02\/eje-cultural-scaled.jpg?w=1920&amp;ssl=1 1920w\" sizes=\"auto, (max-width: 640px) 100vw, 640px\" \/><\/figure>\n\n\n\n<p>EN EL APARTADO C  DE INCLUSI\u00d3N SOCIAL SE PRESENTARON LOS SIGUIENTES PROYECTOS:<\/p>\n\n\n\n<figure class=\"wp-block-image size-large\"><img data-recalc-dims=\"1\" loading=\"lazy\" decoding=\"async\" width=\"640\" height=\"375\" src=\"https:\/\/i0.wp.com\/miradordeatarfe.es\/wp-content\/uploads\/2025\/02\/parque-olivares.jpg?resize=640%2C375&#038;ssl=1\" alt=\"\" class=\"wp-image-74926\" srcset=\"https:\/\/i0.wp.com\/miradordeatarfe.es\/wp-content\/uploads\/2025\/02\/parque-olivares-scaled.jpg?resize=1024%2C600&amp;ssl=1 1024w, https:\/\/i0.wp.com\/miradordeatarfe.es\/wp-content\/uploads\/2025\/02\/parque-olivares-scaled.jpg?resize=300%2C176&amp;ssl=1 300w, https:\/\/i0.wp.com\/miradordeatarfe.es\/wp-content\/uploads\/2025\/02\/parque-olivares-scaled.jpg?resize=768%2C450&amp;ssl=1 768w, https:\/\/i0.wp.com\/miradordeatarfe.es\/wp-content\/uploads\/2025\/02\/parque-olivares-scaled.jpg?resize=1536%2C900&amp;ssl=1 1536w, https:\/\/i0.wp.com\/miradordeatarfe.es\/wp-content\/uploads\/2025\/02\/parque-olivares-scaled.jpg?resize=2048%2C1200&amp;ssl=1 2048w, https:\/\/i0.wp.com\/miradordeatarfe.es\/wp-content\/uploads\/2025\/02\/parque-olivares-scaled.jpg?resize=1320%2C773&amp;ssl=1 1320w, https:\/\/i0.wp.com\/miradordeatarfe.es\/wp-content\/uploads\/2025\/02\/parque-olivares-scaled.jpg?w=1920&amp;ssl=1 1920w\" sizes=\"auto, (max-width: 640px) 100vw, 640px\" \/><\/figure>\n\n\n\n<figure class=\"wp-block-image size-large\"><img data-recalc-dims=\"1\" loading=\"lazy\" decoding=\"async\" width=\"640\" height=\"368\" src=\"https:\/\/i0.wp.com\/miradordeatarfe.es\/wp-content\/uploads\/2025\/02\/canada.jpg?resize=640%2C368&#038;ssl=1\" alt=\"\" class=\"wp-image-74924\" srcset=\"https:\/\/i0.wp.com\/miradordeatarfe.es\/wp-content\/uploads\/2025\/02\/canada-scaled.jpg?resize=1024%2C589&amp;ssl=1 1024w, https:\/\/i0.wp.com\/miradordeatarfe.es\/wp-content\/uploads\/2025\/02\/canada-scaled.jpg?resize=300%2C173&amp;ssl=1 300w, https:\/\/i0.wp.com\/miradordeatarfe.es\/wp-content\/uploads\/2025\/02\/canada-scaled.jpg?resize=768%2C442&amp;ssl=1 768w, https:\/\/i0.wp.com\/miradordeatarfe.es\/wp-content\/uploads\/2025\/02\/canada-scaled.jpg?resize=1536%2C883&amp;ssl=1 1536w, https:\/\/i0.wp.com\/miradordeatarfe.es\/wp-content\/uploads\/2025\/02\/canada-scaled.jpg?resize=2048%2C1178&amp;ssl=1 2048w, https:\/\/i0.wp.com\/miradordeatarfe.es\/wp-content\/uploads\/2025\/02\/canada-scaled.jpg?resize=1320%2C759&amp;ssl=1 1320w, https:\/\/i0.wp.com\/miradordeatarfe.es\/wp-content\/uploads\/2025\/02\/canada-scaled.jpg?w=1920&amp;ssl=1 1920w\" sizes=\"auto, (max-width: 640px) 100vw, 640px\" \/><\/figure>\n\n\n\n<figure class=\"wp-block-image size-large\"><img data-recalc-dims=\"1\" loading=\"lazy\" decoding=\"async\" width=\"640\" height=\"397\" src=\"https:\/\/i0.wp.com\/miradordeatarfe.es\/wp-content\/uploads\/2025\/02\/canada-3.jpg?resize=640%2C397&#038;ssl=1\" alt=\"\" class=\"wp-image-74928\" srcset=\"https:\/\/i0.wp.com\/miradordeatarfe.es\/wp-content\/uploads\/2025\/02\/canada-3-scaled.jpg?resize=1024%2C635&amp;ssl=1 1024w, https:\/\/i0.wp.com\/miradordeatarfe.es\/wp-content\/uploads\/2025\/02\/canada-3-scaled.jpg?resize=300%2C186&amp;ssl=1 300w, https:\/\/i0.wp.com\/miradordeatarfe.es\/wp-content\/uploads\/2025\/02\/canada-3-scaled.jpg?resize=768%2C476&amp;ssl=1 768w, https:\/\/i0.wp.com\/miradordeatarfe.es\/wp-content\/uploads\/2025\/02\/canada-3-scaled.jpg?resize=1536%2C953&amp;ssl=1 1536w, https:\/\/i0.wp.com\/miradordeatarfe.es\/wp-content\/uploads\/2025\/02\/canada-3-scaled.jpg?resize=2048%2C1271&amp;ssl=1 2048w, https:\/\/i0.wp.com\/miradordeatarfe.es\/wp-content\/uploads\/2025\/02\/canada-3-scaled.jpg?resize=1320%2C819&amp;ssl=1 1320w, https:\/\/i0.wp.com\/miradordeatarfe.es\/wp-content\/uploads\/2025\/02\/canada-3-scaled.jpg?w=1920&amp;ssl=1 1920w\" sizes=\"auto, (max-width: 640px) 100vw, 640px\" \/><\/figure>\n\n\n\n<figure class=\"wp-block-image size-large\"><img data-recalc-dims=\"1\" loading=\"lazy\" decoding=\"async\" width=\"640\" height=\"358\" src=\"https:\/\/i0.wp.com\/miradordeatarfe.es\/wp-content\/uploads\/2025\/02\/centros-educativos-1024x573.jpg?resize=640%2C358&#038;ssl=1\" alt=\"\" class=\"wp-image-74929\" srcset=\"https:\/\/i0.wp.com\/miradordeatarfe.es\/wp-content\/uploads\/2025\/02\/centros-educativos-scaled.jpg?resize=1024%2C573&amp;ssl=1 1024w, https:\/\/i0.wp.com\/miradordeatarfe.es\/wp-content\/uploads\/2025\/02\/centros-educativos-scaled.jpg?resize=300%2C168&amp;ssl=1 300w, https:\/\/i0.wp.com\/miradordeatarfe.es\/wp-content\/uploads\/2025\/02\/centros-educativos-scaled.jpg?resize=768%2C430&amp;ssl=1 768w, https:\/\/i0.wp.com\/miradordeatarfe.es\/wp-content\/uploads\/2025\/02\/centros-educativos-scaled.jpg?resize=1536%2C860&amp;ssl=1 1536w, https:\/\/i0.wp.com\/miradordeatarfe.es\/wp-content\/uploads\/2025\/02\/centros-educativos-scaled.jpg?resize=2048%2C1147&amp;ssl=1 2048w, https:\/\/i0.wp.com\/miradordeatarfe.es\/wp-content\/uploads\/2025\/02\/centros-educativos-scaled.jpg?resize=1320%2C739&amp;ssl=1 1320w, https:\/\/i0.wp.com\/miradordeatarfe.es\/wp-content\/uploads\/2025\/02\/centros-educativos-scaled.jpg?w=1920&amp;ssl=1 1920w\" sizes=\"auto, (max-width: 640px) 100vw, 640px\" \/><\/figure>\n\n\n\n<p class=\"has-large-font-size\"><strong>EN RESUMEN LOS PROYECTOS DEL PAI CON LAS DIFERENTES ACTUACIONES Y EL PRESUPUESTO DE CADA UNA DE ELLA FUERON LOS SIGUIENTES: <\/strong><\/p>\n\n\n\n<figure class=\"wp-block-image size-large\"><img data-recalc-dims=\"1\" loading=\"lazy\" decoding=\"async\" width=\"640\" height=\"422\" src=\"https:\/\/i0.wp.com\/miradordeatarfe.es\/wp-content\/uploads\/2025\/02\/PROYECTO-TOTAL.jpg?resize=640%2C422&#038;ssl=1\" alt=\"\" class=\"wp-image-74930\" srcset=\"https:\/\/i0.wp.com\/miradordeatarfe.es\/wp-content\/uploads\/2025\/02\/PROYECTO-TOTAL-scaled.jpg?resize=1024%2C675&amp;ssl=1 1024w, https:\/\/i0.wp.com\/miradordeatarfe.es\/wp-content\/uploads\/2025\/02\/PROYECTO-TOTAL-scaled.jpg?resize=300%2C198&amp;ssl=1 300w, https:\/\/i0.wp.com\/miradordeatarfe.es\/wp-content\/uploads\/2025\/02\/PROYECTO-TOTAL-scaled.jpg?resize=768%2C506&amp;ssl=1 768w, https:\/\/i0.wp.com\/miradordeatarfe.es\/wp-content\/uploads\/2025\/02\/PROYECTO-TOTAL-scaled.jpg?resize=1536%2C1013&amp;ssl=1 1536w, https:\/\/i0.wp.com\/miradordeatarfe.es\/wp-content\/uploads\/2025\/02\/PROYECTO-TOTAL-scaled.jpg?resize=2048%2C1350&amp;ssl=1 2048w, https:\/\/i0.wp.com\/miradordeatarfe.es\/wp-content\/uploads\/2025\/02\/PROYECTO-TOTAL-scaled.jpg?resize=1320%2C870&amp;ssl=1 1320w, https:\/\/i0.wp.com\/miradordeatarfe.es\/wp-content\/uploads\/2025\/02\/PROYECTO-TOTAL-scaled.jpg?w=1920&amp;ssl=1 1920w\" sizes=\"auto, (max-width: 640px) 100vw, 640px\" \/><\/figure>\n\n\n\n<p>Seguidamente tomo la palabra al arquitecto municipal <strong>Ismael Rodr\u00edguez Pedrosa,<\/strong> quien present\u00f3 y explic\u00f3 el proyecto conjunto Ayuntamiento -Diputaci\u00f3n de Granada que evitar\u00e1<strong> las inundaciones en Atarfe<\/strong> y  acto seguido se proyect\u00f3 el v\u00eddeo de la imagen imagen corporativa de Atarfe y su ayuntamiento<\/p>\n\n\n\n<p>De  estas dos actuaciones hablaremos en pr\u00f3ximos art\u00edculos.<\/p>\n\n\n\n<p>Se clausur\u00f3 el acto con la actuaci\u00f3n del Grupo Urbano Juvenil de la Escuela Municipal de Danza, que coreografiaron el \u00e9xito Beat It de Michael Jackson, una canci\u00f3n de 1.982 incluida en el exitoso album Thriller.<\/p>\n\n\n\n\n","protected":false},"excerpt":{"rendered":"<p>Ayer se presentaron ante mas de 100 ciudadanos atarfe\u00f1os el PLAN DE ACTUACI\u00d3N INTEGRADO (PAI)&#8230;<\/p>\n","protected":false},"author":1,"featured_media":74932,"comment_status":"closed","ping_status":"closed","sticky":false,"template":"","format":"standard","meta":{"_coblocks_attr":"","_coblocks_dimensions":"","_coblocks_responsive_height":"","_coblocks_accordion_ie_support":"","jetpack_post_was_ever_published":false,"_jetpack_newsletter_access":"","_jetpack_dont_email_post_to_subs":false,"_jetpack_newsletter_tier_id":0,"_jetpack_memberships_contains_paywalled_content":false,"_jetpack_memberships_contains_paid_content":false,"footnotes":"","jetpack_publicize_message":"","jetpack_publicize_feature_enabled":true,"jetpack_social_post_already_shared":true,"jetpack_social_options":{"image_generator_settings":{"template":"highway","default_image_id":0,"enabled":false},"version":2}},"categories":[6916,186,3130,44],"tags":[],"class_list":["post-74919","post","type-post","status-publish","format-standard","has-post-thumbnail","hentry","category-ayuntamiento-de-atarfe","category-instituciones","category-opinion-de-juan-de-dios-fernandez","category-noticias-de-hoy"],"jetpack_publicize_connections":[],"jetpack_featured_media_url":"https:\/\/i0.wp.com\/miradordeatarfe.es\/wp-content\/uploads\/2025\/02\/IMG20250219181958-1-scaled.jpg?fit=2560%2C1444&ssl=1","jetpack_likes_enabled":true,"jetpack_sharing_enabled":true,"_links":{"self":[{"href":"https:\/\/miradordeatarfe.es\/index.php?rest_route=\/wp\/v2\/posts\/74919","targetHints":{"allow":["GET"]}}],"collection":[{"href":"https:\/\/miradordeatarfe.es\/index.php?rest_route=\/wp\/v2\/posts"}],"about":[{"href":"https:\/\/miradordeatarfe.es\/index.php?rest_route=\/wp\/v2\/types\/post"}],"author":[{"embeddable":true,"href":"https:\/\/miradordeatarfe.es\/index.php?rest_route=\/wp\/v2\/users\/1"}],"replies":[{"embeddable":true,"href":"https:\/\/miradordeatarfe.es\/index.php?rest_route=%2Fwp%2Fv2%2Fcomments&post=74919"}],"version-history":[{"count":2,"href":"https:\/\/miradordeatarfe.es\/index.php?rest_route=\/wp\/v2\/posts\/74919\/revisions"}],"predecessor-version":[{"id":74935,"href":"https:\/\/miradordeatarfe.es\/index.php?rest_route=\/wp\/v2\/posts\/74919\/revisions\/74935"}],"wp:featuredmedia":[{"embeddable":true,"href":"https:\/\/miradordeatarfe.es\/index.php?rest_route=\/wp\/v2\/media\/74932"}],"wp:attachment":[{"href":"https:\/\/miradordeatarfe.es\/index.php?rest_route=%2Fwp%2Fv2%2Fmedia&parent=74919"}],"wp:term":[{"taxonomy":"category","embeddable":true,"href":"https:\/\/miradordeatarfe.es\/index.php?rest_route=%2Fwp%2Fv2%2Fcategories&post=74919"},{"taxonomy":"post_tag","embeddable":true,"href":"https:\/\/miradordeatarfe.es\/index.php?rest_route=%2Fwp%2Fv2%2Ftags&post=74919"}],"curies":[{"name":"wp","href":"https:\/\/api.w.org\/{rel}","templated":true}]}}