{"id":756,"date":"2015-04-16T09:04:28","date_gmt":"2015-04-16T07:04:28","guid":{"rendered":"http:\/\/miradordeatarfe.es\/?p=756"},"modified":"2019-12-28T13:01:47","modified_gmt":"2019-12-28T12:01:47","slug":"aproximacion-a-la-arqueologia-de-atarfe","status":"publish","type":"post","link":"https:\/\/miradordeatarfe.es\/?p=756","title":{"rendered":"APROXIMACI\u00d3N A LA ARQUEOLOG\u00cdA DE ATARFE por Jos\u00e9 Enrique Granados"},"content":{"rendered":"<div id=\"contentArea\">\n<div id=\"stream_pagelet\" data-referrer=\"stream_pagelet\">\n<div class=\"_5pcb\">\n<div id=\"u_0_o\" class=\"_4-u2 mbm _5jmm _5pat _5v3q _5uun\" data-ft=\"{&quot;fbfeed_location&quot;:5}\">\n<div class=\"userContentWrapper _5pcr _3ccb\" data-gt=\"{&quot;type&quot;:&quot;click2canvas&quot;,&quot;fbstory&quot;:&quot;S:_I732817910137560:795937280492289&quot;,&quot;fbsource&quot;:703,&quot;ref&quot;:&quot;nf_generic&quot;}\">\n<div class=\"_5pbx userContent\" data-ft=\"{&quot;tn&quot;:&quot;K&quot;}\">\n<p>La Gacetilla de hoy, es un extracto de algunos p\u00e1rrafos del cap\u00edtulo titulado \u201cAproximaci\u00f3n a la arqueolog\u00eda\u201d del estudio preliminar de Javier Moya Morales al libro de Manuel G\u00f3mez-Moreno Gonz\u00e1lez, Obra dispersa e in\u00e9dita, relativos a los trabajos arqueol\u00f3gicos realizados por este autor en Sierra Elvira. Este trabajo se public\u00f3 en el especial de las fiestas de IDEAL del a\u00f1o 2005. Las fotos pertenecen a la colecci\u00f3n de la Fundaci\u00f3n Rodr\u00edguez Acosta.<\/p>\n<p>Desde su reorganizaci\u00f3n en 1865 las comisiones de monumentos contaron con un reglamento que establec\u00eda entre sus cometidos los estudios y exploraciones arqueol\u00f3gicas. En el programa de trabajo de la comisi\u00f3n granadina, Jos\u00e9 de Castro se\u00f1al\u00f3 como objeto de investigaci\u00f3n prioritaria la elucidaci\u00f3n del emplazamiento de Illiberri, la ciudad iberorromana cuna del concilio del siglo IV. Su localizaci\u00f3n, que hab\u00eda sido objeto de una pol\u00e9mica secular en a\u00f1os anteriores, ning\u00fan estudioso que se ocupara Granada en la antig\u00fcedad eludi\u00f3 el tema, se reaviv\u00f3 en 1842 con ocasi\u00f3n del descubrimiento en Sierra Elvira de vestigios de poblaci\u00f3n, lo que resultaba esencial para esclarecer la casi desconocida historia local en los siglos anteriores a la invasi\u00f3n musulmana.<\/p>\n<p>Al informar en 1867 a la academia de la historia de las indagaciones hechas en averiguaci\u00f3n de las zonas arqueol\u00f3gicas de la provincia, la comisi\u00f3n propuso efectuar excavaciones en la alcazaba del Albaic\u00edn y en los despoblados de Sierra Elvira y Asquerosa, los tres puntos que se supon\u00eda pudo situarse Iliberri. La zona alta del Albaic\u00edn era el \u00fanico lugar donde desde el siglo XVI hab\u00edan aparecido inscripciones y objetos que hablaban del Municipio Florentino Iliberitano. Por su parte en la falda de Sierra Elvira, cerca de Atarfe, hab\u00edan sido halladas d\u00e9cadas atr\u00e1s evidencias de poblaci\u00f3n que pod\u00edan corresponder a una cronolog\u00eda aproximada. Finalmente la hip\u00f3tesis de que el pueblo de Asquerosa pudiera haber sido el lugar de asiento de la antigua Iliberri se fundaba en el hallazgo moderno en sus inmediaciones de algunos restos entre los que figuraba la l\u00e1pida sepulcral de un obispo iliberitano del siglo VIII. Descartando pronto este \u00faltimo punto, la atenci\u00f3n se concentr\u00f3 en los otros dos y la discusi\u00f3n se redujo a los pareceres opuestos de alcazabistas y elviristas.<\/p>\n<p>[\u2026] En los primeros meses de 1868, debido a la escasez de subsistencias y a la falta de trabajo de los jornaleros, las autoridades dispusieron la construcci\u00f3n de una carretera que partiendo de Granada hacia Pinos Puente, siguiese por Alcal\u00e1 intern\u00e1ndose en la provincia de Ja\u00e9n. Pero al llegar los trabajos a la vertiente meridional de Sierra Elvira, se practicaron unos desmontes que sacaron a la luz objetos arqueol\u00f3gicos, cuyo hallazgo llego a conocimiento de la Comisi\u00f3n de Monumentos, que acudi\u00f3 a recogerlos y a estudiar su disposici\u00f3n en el terreno. Entre lo recogido no figuraba ning\u00fan dato decisivo, pero hab\u00eda indicios que dejaban esperanzas de encontrarlo m\u00e1s adelante, puesto que, s\u00ed por s\u00ed s\u00f3lo ese descubrimiento no significaba mucho, puesto en relaci\u00f3n con el cementerio descubierto en 1842 a una distancia de tres kil\u00f3metros, ratificaba la cercan\u00eda de una poblaci\u00f3n emplazada en la planicie de la falda meridional de Sierra Elvira, sobre el lugar ocupado por el cortijo llamado de las Monjas, es decir, entre el cementerio y el lugar de los descubrimientos recientes. En mayo de 1868, a la vez que se remit\u00eda a la Academia de la Historia la memoria de estos descubrimientos, la Comisi\u00f3n de Monumentos solicit\u00f3 permiso y subvenciones econ\u00f3micas para continuar las excavaciones en Sierra Elvira y dar comienzo otras en la alcazaba de Granada. La Academia tras estudiar los an\u00e1lisis emitidos dio el visto bueno al proyecto, siendo de alt\u00edsimo inter\u00e9s fijar \u201cel lugar donde se celebr\u00f3 el primer concilio de Occidente, uno de los mayores lauros de Espa\u00f1a\u201d.<\/p>\n<\/div>\n<div>\n<div data-ft=\"{&quot;tn&quot;:&quot;H&quot;}\">\n<div class=\"mtm\">\n<div class=\"_2a2q\">\n<div class=\"uiScaledImageContainer\"><img data-recalc-dims=\"1\" loading=\"lazy\" decoding=\"async\" class=\"scaledImageFitWidth img\" src=\"https:\/\/i0.wp.com\/fbcdn-sphotos-f-a.akamaihd.net\/hphotos-ak-xap1\/v\/t1.0-9\/s480x480\/11075259_795937140492303_412835114780274375_n.jpg?resize=470%2C267&#038;ssl=1\" alt=\"Foto de Gacetilla y curiosidades elvirenses.\" width=\"470\" height=\"267\" \/><\/div>\n<div class=\"uiScaledImageContainer\"><img data-recalc-dims=\"1\" loading=\"lazy\" decoding=\"async\" class=\"scaledImageFitHeight img\" src=\"https:\/\/i0.wp.com\/fbcdn-sphotos-h-a.akamaihd.net\/hphotos-ak-xfp1\/v\/t1.0-9\/s320x320\/19119_795937083825642_671657827571914576_n.jpg?resize=315%2C232&#038;ssl=1\" alt=\"Foto de Gacetilla y curiosidades elvirenses.\" width=\"315\" height=\"232\" \/><\/div>\n<div class=\"uiScaledImageContainer\"><img loading=\"lazy\" decoding=\"async\" class=\"scaledImageFitWidth img\" src=\"https:\/\/scontent-mad.xx.fbcdn.net\/hphotos-xfp1\/v\/t1.0-9\/p235x165\/10155789_795937070492310_9162405089209105311_n.jpg?oh=64367b9b6a92fdd860916a240a68e5ff&amp;oe=55A00E33\" alt=\"Foto de Gacetilla y curiosidades elvirenses.\" width=\"232\" height=\"375\" data-reactid=\".0.1.0.$=10:0.1.1\" \/><\/div>\n<\/div>\n<\/div>\n<\/div>\n<\/div>\n<div id=\"u_0_y\"><\/div>\n<\/div>\n<\/div>\n<\/div>\n<div id=\"substream_pagelet\" data-referrer=\"substream_pagelet\"><\/div>\n<\/div>\n<\/div>\n<div id=\"bottomContent\"><\/div>\n","protected":false},"excerpt":{"rendered":"<p>La Gacetilla de hoy, es un extracto de algunos p\u00e1rrafos del cap\u00edtulo titulado \u201cAproximaci\u00f3n a&#8230;<\/p>\n","protected":false},"author":1,"featured_media":0,"comment_status":"closed","ping_status":"closed","sticky":false,"template":"","format":"standard","meta":{"_coblocks_attr":"","_coblocks_dimensions":"","_coblocks_responsive_height":"","_coblocks_accordion_ie_support":"","jetpack_post_was_ever_published":false,"_jetpack_newsletter_access":"","_jetpack_dont_email_post_to_subs":false,"_jetpack_newsletter_tier_id":0,"_jetpack_memberships_contains_paywalled_content":false,"_jetpack_memberships_contains_paid_content":false,"footnotes":"","jetpack_publicize_message":"","jetpack_publicize_feature_enabled":true,"jetpack_social_post_already_shared":false,"jetpack_social_options":{"image_generator_settings":{"template":"highway","default_image_id":0,"enabled":false},"version":2}},"categories":[2,38,15],"tags":[317,79,318,319],"class_list":["post-756","post","type-post","status-publish","format-standard","hentry","category-atarfe","category-opinion-de-jose-enrique-granados","category-ultimas-noticias","tag-arqueologia","tag-medina-elvira","tag-movimientos","tag-sierra-elkvira"],"jetpack_publicize_connections":[],"jetpack_featured_media_url":"","jetpack_likes_enabled":true,"jetpack_sharing_enabled":true,"_links":{"self":[{"href":"https:\/\/miradordeatarfe.es\/index.php?rest_route=\/wp\/v2\/posts\/756","targetHints":{"allow":["GET"]}}],"collection":[{"href":"https:\/\/miradordeatarfe.es\/index.php?rest_route=\/wp\/v2\/posts"}],"about":[{"href":"https:\/\/miradordeatarfe.es\/index.php?rest_route=\/wp\/v2\/types\/post"}],"author":[{"embeddable":true,"href":"https:\/\/miradordeatarfe.es\/index.php?rest_route=\/wp\/v2\/users\/1"}],"replies":[{"embeddable":true,"href":"https:\/\/miradordeatarfe.es\/index.php?rest_route=%2Fwp%2Fv2%2Fcomments&post=756"}],"version-history":[{"count":4,"href":"https:\/\/miradordeatarfe.es\/index.php?rest_route=\/wp\/v2\/posts\/756\/revisions"}],"predecessor-version":[{"id":36481,"href":"https:\/\/miradordeatarfe.es\/index.php?rest_route=\/wp\/v2\/posts\/756\/revisions\/36481"}],"wp:attachment":[{"href":"https:\/\/miradordeatarfe.es\/index.php?rest_route=%2Fwp%2Fv2%2Fmedia&parent=756"}],"wp:term":[{"taxonomy":"category","embeddable":true,"href":"https:\/\/miradordeatarfe.es\/index.php?rest_route=%2Fwp%2Fv2%2Fcategories&post=756"},{"taxonomy":"post_tag","embeddable":true,"href":"https:\/\/miradordeatarfe.es\/index.php?rest_route=%2Fwp%2Fv2%2Ftags&post=756"}],"curies":[{"name":"wp","href":"https:\/\/api.w.org\/{rel}","templated":true}]}}